{"id":10,"date":"2008-11-29T16:23:55","date_gmt":"2008-11-29T15:23:55","guid":{"rendered":"http:\/\/carnet.causeur.fr\/antidote\/?p=10"},"modified":"2021-04-26T16:12:06","modified_gmt":"2021-04-26T14:12:06","slug":"la-chienlit-cest-au-gouvernement","status":"publish","type":"post","link":"https:\/\/blog.causeur.fr\/antidote\/la-chienlit-cest-au-gouvernement-10","title":{"rendered":"La chienlit, c&#039;est au gouvernement !"},"content":{"rendered":"<p><a href=\"http:\/\/blog.causeur.fr\/antidote\/files\/2008\/12\/boutin.jpeg\"><img loading=\"lazy\" decoding=\"async\" class=\"alignnone size-medium wp-image-79\" src=\"http:\/\/blog.causeur.fr\/antidote\/files\/2008\/12\/boutin.jpeg\" alt=\"\" width=\"110\" height=\"91\" \/><\/a>Y a t&rsquo;il encore un gouvernement en France ? Les ministres ont-ils encore quelque utilit\u00e9 ?<\/p>\n<p>Quand Nicolas Sarkozy vient aux Congr\u00e8s des maires de France critiquer la Loi qu&rsquo;il a lui-m\u00eame demander \u00e0 faire voter, celle du service minimum d&rsquo;accueil, en reconnaissant devant des \u00e9diles chauff\u00e9s \u00e0 blanc -ils avaient conspu\u00e9 le Premier ministre et celui de l&rsquo;Education la veille- qu&rsquo;il pouvait comprendre qu&rsquo;un maire rural puisse trouver injuste qu&rsquo;un pr\u00e9fet le tra\u00eene devant la justice administrative, il y a de quoi se taper le derri\u00e8re par-terre d&rsquo;hilarit\u00e9. Ainsi, ce qu&rsquo;on lui r\u00e9p\u00e8te depuis des mois, que cette loi est mal fichue, qu&rsquo;elle est inapplicable dans l&rsquo;immense majorit\u00e9 des communes sinon dans la quasi-totalit\u00e9 (la Ruralit\u00e9 repr\u00e9sente plus de 30000 communes sur les 36000 que compte notre pays), serait donc la v\u00e9rit\u00e9 ? Et qu&rsquo;il avait donc bien tort de mettre les rieurs de son c\u00f4t\u00e9 en claironnant que d\u00e9sormais, on ne s&rsquo;apercevait plus de rien quand les gr\u00e9vistes battaient le pav\u00e9 ? Quel renoncement face \u00e0 la  la perspective de se faire siffler par les maires. Heureusement, qu&rsquo;il a re\u00e7u le prix du courage politique ! Et quel d\u00e9saveu pour Fran\u00e7ois Fillon et Xavier Darcos.<\/p>\n<p>Mais ce n&rsquo;est pas tout, il y eut aussi l&rsquo;affaire Boutin. Reprenons. Madame Boutin d\u00e9clare sur une grande station p\u00e9riph\u00e9rique que la tradition fran\u00e7aise, auquelle elle adh\u00e8re profond\u00e9ment, est de recueillir le consentement d&rsquo;un sans-domicile-fixe pour le conduire vers un centre d&rsquo;h\u00e9bergement. Quelques heures passent et  elle d\u00e9clare l&rsquo;exact contraire l&rsquo;apr\u00e8s-midi. Madame Boutin n&rsquo;est pas une girouette, d&rsquo;habitude. Mais entre les deux d\u00e9clarations, le Pr\u00e9sident de la R\u00e9publique lui a demand\u00e9 express\u00e9ment de changer d&rsquo;avis. Ce revirement ne manque pas de susciter \u00e9tonnement voire toll\u00e9. Et aujourd&rsquo;hui, Fran\u00e7ois Fillon annonce qu&rsquo;il soutient plut\u00f4t Boutin matin que Boutin soir d\u00e9savouant ainsi son ministre et son Pr\u00e9sident.<\/p>\n<p>A vrai dire, je ne suis pas tr\u00e8s s\u00fbr que le Parti Socialiste ait donn\u00e9 une pire image la semaine derni\u00e8re que Monsieur Sarkozy et ses ministres. Car ce sont bien ces derniers qui sont en charge de la destin\u00e9e de notre pays. Les autres ne font que -tr\u00e8s mal- se pr\u00e9parer \u00e0 l&rsquo;affronter lors des prochaines \u00e9ch\u00e9ances \u00e9lectorales. On peut aussi se demander o\u00f9 Madame Boutin, Messieurs Fillon et Darcos placent leur fiert\u00e9. Feu mon arri\u00e8re grand-p\u00e8re n&rsquo;\u00e9tait pas tr\u00e8s tendre avec le personnel politique. Il avait coutume de dire que la place de ministre  devait quand m\u00eame \u00eatre bien bonne pour tellement s&rsquo;y accrocher. Moi, je trouvais \u00e7a tr\u00e8s poujadiste comme r\u00e9flexion de la part de quelqu&rsquo;un qui votait pourtant socialiste depuis Aristide Briand. Heureusement qu&rsquo;il n&rsquo;a pas connu les ministres de Nicolas Sarkozy.<\/p>\n","protected":false},"excerpt":{"rendered":"<p>Y a t&rsquo;il encore un gouvernement en France ? Les ministres ont-ils encore quelque utilit\u00e9 ? Quand Nicolas Sarkozy vient aux Congr\u00e8s des maires de France critiquer la Loi qu&rsquo;il a lui-m\u00eame demander \u00e0 faire voter, celle du service minimum d&rsquo;accueil, en reconnaissant devant des \u00e9diles chauff\u00e9s \u00e0 blanc -ils avaient conspu\u00e9 le Premier ministre [&hellip;]<\/p>\n","protected":false},"author":10,"featured_media":0,"comment_status":"open","ping_status":"closed","sticky":false,"template":"","format":"standard","meta":{"footnotes":""},"categories":[5],"tags":[],"class_list":{"0":"post-10","1":"post","2":"type-post","3":"status-publish","4":"format-standard","6":"category-sulfate"},"_links":{"self":[{"href":"https:\/\/blog.causeur.fr\/antidote\/wp-json\/wp\/v2\/posts\/10","targetHints":{"allow":["GET"]}}],"collection":[{"href":"https:\/\/blog.causeur.fr\/antidote\/wp-json\/wp\/v2\/posts"}],"about":[{"href":"https:\/\/blog.causeur.fr\/antidote\/wp-json\/wp\/v2\/types\/post"}],"author":[{"embeddable":true,"href":"https:\/\/blog.causeur.fr\/antidote\/wp-json\/wp\/v2\/users\/10"}],"replies":[{"embeddable":true,"href":"https:\/\/blog.causeur.fr\/antidote\/wp-json\/wp\/v2\/comments?post=10"}],"version-history":[{"count":0,"href":"https:\/\/blog.causeur.fr\/antidote\/wp-json\/wp\/v2\/posts\/10\/revisions"}],"wp:attachment":[{"href":"https:\/\/blog.causeur.fr\/antidote\/wp-json\/wp\/v2\/media?parent=10"}],"wp:term":[{"taxonomy":"category","embeddable":true,"href":"https:\/\/blog.causeur.fr\/antidote\/wp-json\/wp\/v2\/categories?post=10"},{"taxonomy":"post_tag","embeddable":true,"href":"https:\/\/blog.causeur.fr\/antidote\/wp-json\/wp\/v2\/tags?post=10"}],"curies":[{"name":"wp","href":"https:\/\/api.w.org\/{rel}","templated":true}]}}