{"id":107,"date":"2007-08-12T20:40:47","date_gmt":"2007-08-12T19:40:47","guid":{"rendered":"http:\/\/carnet.causeur.fr\/antidote\/?p=107"},"modified":"2021-04-26T16:12:20","modified_gmt":"2021-04-26T14:12:20","slug":"un-contempteur-de-la-liberte-dexpression-pris-a-son-propre-piege","status":"publish","type":"post","link":"https:\/\/blog.causeur.fr\/antidote\/un-contempteur-de-la-liberte-dexpression-pris-a-son-propre-piege-107","title":{"rendered":"Un contempteur de la libert\u00e9 d&#039;expression pris \u00e0 son propre pi\u00e8ge"},"content":{"rendered":"<p><!--[if gte mso 9]&amp;gt;  Normal 0 21       MicrosoftInternetExplorer4  &amp;lt;![endif]--><\/p>\n<p class=\"MsoNormal\" style=\"text-align: justify\"><span style=\"font-family: Verdana\">Monsieur Patrick Viverge, chef des socialistes de Dole (Jura) va sans doute \u00eatre assign\u00e9 en justice par le Pr\u00e9fet du Jura pour avoir compar\u00e9 une expulsion d&rsquo;un immigr\u00e9 clandestin \u00e0 une rafle.<\/span><\/p>\n<p class=\"MsoNormal\" style=\"text-align: justify\"><span style=\"font-family: Verdana\">Dans un monde id\u00e9al,\u00a0 je serais choqu\u00e9 qu&rsquo;un pr\u00e9fet de la R\u00e9publique remette en cause la libert\u00e9 d&rsquo;expression d&rsquo;un \u00e9lu du peuple. Mais dans le cas pr\u00e9sent, je ne le suis pas. <\/span><\/p>\n<p class=\"MsoNormal\" style=\"text-align: justify\"><span style=\"font-family: Verdana\">Parce que le mot \u00ab\u00a0rafle\u00a0\u00bb renvoie volontairement \u00e0 une p\u00e9riode de notre histoire o\u00f9 des citoyens \u00e9taient d\u00e9port\u00e9s vers les camps de la mort du simple fait de leur religion. Que je sache, le clandestin en question fait l&rsquo;objet d&rsquo;un arr\u00eat\u00e9 d&rsquo;expulsion vers un pays -la Bosnie- qui n&rsquo;est pas un camp de concentration. Ces comparaisons qui fleurissent depuis des ann\u00e9es, ces types qui croient intelligents de se broder une \u00e9toile jaune sur le revers de la veste pour d\u00e9fendre les \u00ab\u00a0sans-papiers\u00a0\u00bb, cela me fait vomir. De la b\u00eatise, de la m\u00e9connaissance historique et, pis, de la malhonn\u00eatet\u00e9 intellectuelle en sont \u00e0 l&rsquo;origine et il n&rsquo;est pas scandaleux qu&rsquo;un haut-fonctionnaire, qui se voit ainsi d\u00e9peint en Papon des temps modernes, r\u00e9agisse et refuse de se faire insulter ainsi.<\/span><\/p>\n<p class=\"MsoNormal\" style=\"text-align: justify\"><span style=\"font-family: Verdana\">Parce que, lorsque Monsieur Jospin \u00e9tait Premier ministre et que Messieurs Chev\u00e8nement puis Vaillant, demandaient \u00e0 juste titre aux pr\u00e9fets d&rsquo;ex\u00e9cuter les d\u00e9cisions de justice en mati\u00e8re d&rsquo;immigration ill\u00e9gale, on n&rsquo;entendait gu\u00e8re les amis de Monsieur Viverge protester et insulter ainsi le Pr\u00e9fet de l&rsquo;\u00e9poque, lui-m\u00eame nomm\u00e9 par Monsieur Jospin.<\/span><\/p>\n<p class=\"MsoNormal\" style=\"text-align: justify\"><span style=\"font-family: Verdana\">Parce que, enfin et surtout, les socialistes ainsi que l&rsquo;UMP d&rsquo;ailleurs, n&rsquo;ont cess\u00e9 de l\u00e9gif\u00e9rer ces dix derni\u00e8res ann\u00e9es sur la limitation de la libert\u00e9 d&rsquo;expression. Les propos racistes, sexistes, homophobes, ont ainsi \u00e9t\u00e9 mis \u00e0 l&rsquo;index. Au lieu de d\u00e9battre et de convaincre, on p\u00e9nalise. On a m\u00eame l\u00e9gif\u00e9r\u00e9 sur l&rsquo;histoire officielle de la Turquie. Comme si les parlementaires n&rsquo;avaient pas autre chose \u00e0 faire (en fait, c&rsquo;est peut-\u00eatre justement parce qu&rsquo;ils n&rsquo;ont rien \u00e0 faire d&rsquo;autre, Bruxelles se chargeant de tout le reste&#8230;).<\/span><\/p>\n<p class=\"MsoNormal\" style=\"text-align: justify\"><span style=\"font-family: Verdana\">Alors, Monsieur Viverge traite le Pr\u00e9fet de gestapiste. Dans ce contexte b\u00e9ni par les amis de Monsieur Viverge o\u00f9 la police de la pens\u00e9e est si bien organis\u00e9e, il n&rsquo;a que ce qu&rsquo;il m\u00e9rite.<\/span><\/p>\n","protected":false},"excerpt":{"rendered":"<p>Monsieur Patrick Viverge, chef des socialistes de Dole (Jura) va sans doute \u00eatre assign\u00e9 en justice par le Pr\u00e9fet du Jura pour avoir compar\u00e9 une expulsion d&rsquo;un immigr\u00e9 clandestin \u00e0 une rafle. Dans un monde id\u00e9al,\u00a0 je serais choqu\u00e9 qu&rsquo;un pr\u00e9fet de la R\u00e9publique remette en cause la libert\u00e9 d&rsquo;expression d&rsquo;un \u00e9lu du peuple. Mais [&hellip;]<\/p>\n","protected":false},"author":10,"featured_media":0,"comment_status":"open","ping_status":"closed","sticky":false,"template":"","format":"standard","meta":{"footnotes":""},"categories":[4],"tags":[],"class_list":{"0":"post-107","1":"post","2":"type-post","3":"status-publish","4":"format-standard","6":"category-oxygene"},"_links":{"self":[{"href":"https:\/\/blog.causeur.fr\/antidote\/wp-json\/wp\/v2\/posts\/107","targetHints":{"allow":["GET"]}}],"collection":[{"href":"https:\/\/blog.causeur.fr\/antidote\/wp-json\/wp\/v2\/posts"}],"about":[{"href":"https:\/\/blog.causeur.fr\/antidote\/wp-json\/wp\/v2\/types\/post"}],"author":[{"embeddable":true,"href":"https:\/\/blog.causeur.fr\/antidote\/wp-json\/wp\/v2\/users\/10"}],"replies":[{"embeddable":true,"href":"https:\/\/blog.causeur.fr\/antidote\/wp-json\/wp\/v2\/comments?post=107"}],"version-history":[{"count":0,"href":"https:\/\/blog.causeur.fr\/antidote\/wp-json\/wp\/v2\/posts\/107\/revisions"}],"wp:attachment":[{"href":"https:\/\/blog.causeur.fr\/antidote\/wp-json\/wp\/v2\/media?parent=107"}],"wp:term":[{"taxonomy":"category","embeddable":true,"href":"https:\/\/blog.causeur.fr\/antidote\/wp-json\/wp\/v2\/categories?post=107"},{"taxonomy":"post_tag","embeddable":true,"href":"https:\/\/blog.causeur.fr\/antidote\/wp-json\/wp\/v2\/tags?post=107"}],"curies":[{"name":"wp","href":"https:\/\/api.w.org\/{rel}","templated":true}]}}