{"id":109,"date":"2007-08-01T20:44:18","date_gmt":"2007-08-01T19:44:18","guid":{"rendered":"http:\/\/carnet.causeur.fr\/antidote\/?p=109"},"modified":"2021-04-26T16:12:20","modified_gmt":"2021-04-26T14:12:20","slug":"accords-et-desaccords","status":"publish","type":"post","link":"https:\/\/blog.causeur.fr\/antidote\/accords-et-desaccords-109","title":{"rendered":"Accords et d\u00e9saccords"},"content":{"rendered":"<p><!--[if gte mso 9]&amp;gt;  Normal 0 21       MicrosoftInternetExplorer4  &amp;lt;![endif]--><\/p>\n<p class=\"MsoNormal\" style=\"text-align: justify\"><span style=\"font-family: Verdana\">Je vous avais promis de lister mes accords et d\u00e9saccords sur le fonds avec Nicolas Dupont-Aignan. Au coeur de cet \u00e9t\u00e9, alors que nos d\u00e9put\u00e9s et ministres sont partis en vacances et que l&rsquo;actualit\u00e9 politique se limite \u00e0 l&rsquo;actualit\u00e9 judiciaire (1), le moment est venu de me mettre au travail. Je me suis bas\u00e9 sur les 101 propositions de son livre-programme <em>\u00ab\u00a0Fran\u00e7ais, reprenez le pouvoir\u00a0\u00bb<\/em> paru l&rsquo;an dernier aux \u00e9ditions de l&rsquo;Archipel.<\/span><\/p>\n<p class=\"MsoNormal\" style=\"text-align: justify\"><span style=\"font-family: Verdana\">En ce qui concerne les propositions en mati\u00e8re institutionnelle, je ne vois que des accords. Celles qui consistent \u00e0 r\u00e9tablir le septennat pr\u00e9sidentiel, d&rsquo;instiller une dose de proportionnelle et, surtout, de renforcer le pouvoir du Parlement en mati\u00e8re europ\u00e9enne (n\u00e9gociations communautaires, transcription du droit europ\u00e9en) sont essentielles \u00e0 mes yeux. Tout juste ai-je une interrogation pour les propositions 12 et 13 qui pourraient aboutir \u00e0 une disparition de l&rsquo;\u00e9chelon d\u00e9partemental, ce que je refuse. En mati\u00e8re europ\u00e9enne, je souscris \u00e0 la quasi-unanimit\u00e9 des propositions \u00e0 l&rsquo;exception d&rsquo;une seule qui m\u00e9rite un d\u00e9veloppement, le refus par NDA de n\u00e9gociations pour l&rsquo;adh\u00e9sion de la Turquie.<\/span><\/p>\n<p class=\"MsoNormal\" style=\"text-align: justify\"><span style=\"font-family: Verdana\">Il s&rsquo;agit d&rsquo;un d\u00e9saccord important, j&rsquo;en conviens. Demander des fronti\u00e8res fixes \u00e0 l&rsquo;Europe, c&rsquo;est, selon moi, tomber dans le pi\u00e8ge des euro-f\u00e9d\u00e9ralistes. A contrario,\u00a0 l&rsquo;entr\u00e9e de la Turquie serait synonyme de la fin des espoirs f\u00e9d\u00e9ralistes, perspective qui me ravit. Pour moi, le seul obstacle \u00e0 l&rsquo;adh\u00e9sion de ce pays avec qui nous sommes en n\u00e9gociations depuis 1963, c&rsquo;est la non-reconnaissance de Chypre. Si seulement 3 % de sa superficie se trouve effectivement en Asie, il n&rsquo;en est pas de m\u00eame pour sa population, pas si insignifiante que cela sur la rive europ\u00e9enne du Bosphore. J&rsquo;observe \u00e9galement que les conditions que nous fixons pour son adh\u00e9sion \u00e0 l&rsquo;UE ne sont pas toujours les bienvenues. En demandant notamment un r\u00f4le plus faible pour son arm\u00e9e, nous avons ouvert la voie \u00e0 la d\u00e9la\u00efcisation du pays. Mais la France la\u00efque n&rsquo;est pas tr\u00e8s bien vue non plus en Europe&#8230;.Nous le savions d\u00e9j\u00e0 et nous aurions bien besoin d&rsquo;un autre mod\u00e8le la\u00efc fort en Europe.<\/span><\/p>\n<p class=\"MsoNormal\" style=\"text-align: justify\"><span style=\"font-family: Verdana\">Les propositions de NDA en mati\u00e8re de l&rsquo;Ecole, de l&rsquo;am\u00e9nagement du territoire constituent des points d&rsquo;accord. En mati\u00e8re de justice et d&rsquo;immigration, je partage la tonalit\u00e9 g\u00e9n\u00e9rale. Sur quelques points, notamment la suspension pour 5 ans du regroupement familial et surtout l&rsquo;allongement \u00e0 dix ans la p\u00e9riode ouvrant l&rsquo;acquisition de la nationalit\u00e9 fran\u00e7aise par mariage, je marque ma diff\u00e9rence dans un sens moins s\u00e9v\u00e8re. J&rsquo;ai lu \u00e9galement dans un tract de DLR que NDA pr\u00e9conisait un retour \u00e0 la double-peine. Je suis en d\u00e9saccord avec cette proposition.<\/span><\/p>\n<p class=\"MsoNormal\" style=\"text-align: justify\"><span style=\"font-family: Verdana\">En mati\u00e8re \u00e9conomique et sociale, je n&rsquo;ai qu&rsquo;un seul point de d\u00e9saccord. Il concerne sa proposition de d\u00e9veloppement de l&rsquo;accession \u00e0 la propri\u00e9t\u00e9 en d\u00e9veloppant notamment les pr\u00eats garantis sur 40 ans. Je ne pense pas, pour ma part, qu&rsquo;une d\u00e9rive de type helv\u00e9tique (o\u00f9 existent maintenant des pr\u00eats sur plus d&rsquo;une g\u00e9n\u00e9ration, les enfants h\u00e9ritant de la fin du remboursement de l&#8217;emprunt de leurs parents)\u00a0 soit souhaitable.<\/span><\/p>\n<p class=\"MsoNormal\" style=\"text-align: justify\"><span style=\"font-family: Verdana\"> <\/span><\/p>\n<p class=\"MsoNormal\" style=\"text-align: justify\"><span style=\"font-family: Verdana\">Au total, donc, sur 101 propositions, quatre suscitent mon d\u00e9saccord, deux suscitent des interrogations et quatre vingt quinze mon accord. Je ne nie pas que le sujet de la Turquie peut poser probl\u00e8me, NDA s&rsquo;\u00e9tant \u00e9norm\u00e9ment engag\u00e9 sur ce terrain. Mais je l&rsquo;assume. <\/span><\/p>\n<p class=\"MsoNormal\" style=\"text-align: justify\"><span style=\"font-family: Verdana\"> <\/span><\/p>\n<p class=\"MsoNormal\" style=\"text-align: justify\"><span style=\"font-family: Verdana\"> <\/span><\/p>\n<p class=\"MsoNormal\" style=\"text-align: justify\"><span style=\"font-family: Verdana\">(1) Dominique de Villepin, chass\u00e9 par les juges, humili\u00e9 par un contr\u00f4le judiciaire disproportionn\u00e9 par rapport aux autres acteurs du dossier, cela ne me para\u00eet pas tr\u00e8s digne. D&rsquo;autant que seule la Cour de Justice de la R\u00e9publique peut juger un ministre dans l&rsquo;exercice de ses fonctions. Et c&rsquo;est bien dans l&rsquo;exercice de ses fonctions que les actes pr\u00e9sum\u00e9s ont \u00e9t\u00e9 commis. C&rsquo;est m\u00eame cela qu&rsquo;on lui reproche : avoir utilis\u00e9 \u00e0 tort les services de l&rsquo;Etat !\u00a0 Ce n&rsquo;est donc pas \u00e0 la justice ordinaire de trancher. <\/span><\/p>\n","protected":false},"excerpt":{"rendered":"<p>Je vous avais promis de lister mes accords et d\u00e9saccords sur le fonds avec Nicolas Dupont-Aignan. Au coeur de cet \u00e9t\u00e9, alors que nos d\u00e9put\u00e9s et ministres sont partis en vacances et que l&rsquo;actualit\u00e9 politique se limite \u00e0 l&rsquo;actualit\u00e9 judiciaire (1), le moment est venu de me mettre au travail. Je me suis bas\u00e9 sur [&hellip;]<\/p>\n","protected":false},"author":10,"featured_media":0,"comment_status":"open","ping_status":"closed","sticky":false,"template":"","format":"standard","meta":{"footnotes":""},"categories":[4],"tags":[],"class_list":{"0":"post-109","1":"post","2":"type-post","3":"status-publish","4":"format-standard","6":"category-oxygene"},"_links":{"self":[{"href":"https:\/\/blog.causeur.fr\/antidote\/wp-json\/wp\/v2\/posts\/109","targetHints":{"allow":["GET"]}}],"collection":[{"href":"https:\/\/blog.causeur.fr\/antidote\/wp-json\/wp\/v2\/posts"}],"about":[{"href":"https:\/\/blog.causeur.fr\/antidote\/wp-json\/wp\/v2\/types\/post"}],"author":[{"embeddable":true,"href":"https:\/\/blog.causeur.fr\/antidote\/wp-json\/wp\/v2\/users\/10"}],"replies":[{"embeddable":true,"href":"https:\/\/blog.causeur.fr\/antidote\/wp-json\/wp\/v2\/comments?post=109"}],"version-history":[{"count":0,"href":"https:\/\/blog.causeur.fr\/antidote\/wp-json\/wp\/v2\/posts\/109\/revisions"}],"wp:attachment":[{"href":"https:\/\/blog.causeur.fr\/antidote\/wp-json\/wp\/v2\/media?parent=109"}],"wp:term":[{"taxonomy":"category","embeddable":true,"href":"https:\/\/blog.causeur.fr\/antidote\/wp-json\/wp\/v2\/categories?post=109"},{"taxonomy":"post_tag","embeddable":true,"href":"https:\/\/blog.causeur.fr\/antidote\/wp-json\/wp\/v2\/tags?post=109"}],"curies":[{"name":"wp","href":"https:\/\/api.w.org\/{rel}","templated":true}]}}