{"id":1100,"date":"2010-11-08T15:04:39","date_gmt":"2010-11-08T14:04:39","guid":{"rendered":"http:\/\/carnet.causeur.fr\/antidote\/?p=1100"},"modified":"2021-04-26T16:11:25","modified_gmt":"2021-04-26T14:11:25","slug":"vous-avez-dit-probleme","status":"publish","type":"post","link":"https:\/\/blog.causeur.fr\/antidote\/vous-avez-dit-probleme-1100","title":{"rendered":"Vous avez dit &quot;probl\u00e8me&quot; ?"},"content":{"rendered":"<p>Ceux qui me lisent r\u00e9guli\u00e8rement le savent, je suis loin de faire partie des z\u00e9lateurs de Dominique de Villepin. Au printemps dernier, j&rsquo;avais d&rsquo;ailleurs tent\u00e9 de d\u00e9crypter sa ligne politique pour la revue mensuelle Causeur[1. Ceux qui ne sont pas encore abonn\u00e9s peuvent toujours r\u00e9parer cet oubli <a href=\"http:\/\/www.causeur.fr\/abonnement\" target=\"_blank\" rel=\"noopener\">ici<\/a>.] et plus r\u00e9cemment, lorsque j&rsquo;avais appris que l&rsquo;ancien premier ministre avait repris sa carte de l&rsquo;UMP, je m&rsquo;interrogeais en des termes choisis : <a href=\"http:\/\/carnet.causeur.fr\/antidote\/villepin-davantage-soluble-dans-lump-que-la-tache-sur-le-drapeau-tricolore,00718\" target=\"_blank\" rel=\"noopener\">Villepin se fout-il de nous ?<\/a><\/p>\n<p>Pour autant, j&rsquo;ai beaucoup de mal \u00e0 comprendre la pol\u00e9mique autour de ses d\u00e9clarations d&rsquo;hier sur Europe 1. Il se trouve que l&rsquo;\u00e9mission produisait un bruit de fond assez neutre hier dans ma cuisine alors que j&rsquo;\u00e9tais en train de repeindre les murs de cette derni\u00e8re. Et, pour tout dire, mon rouleau n&rsquo;a pas \u00e9t\u00e9 outre mesure troubl\u00e9 lorsque Villepin a prononc\u00e9 les mots du d\u00e9lit. En fait, j&rsquo;avais l&rsquo;impression d&rsquo;entendre la rediffusion de l&rsquo;\u00e9mission de la semaine d&rsquo;avant. Le discours n&rsquo;avait pas chang\u00e9. Seule la voix diff\u00e9rait. Et pour cause, le 31 octobre, c&rsquo;\u00e9tait celle de Fran\u00e7ois Bayrou. Villepin fait du Bayrou, donc, et il ne faut pas \u00eatre grand clerc pour s&rsquo;apercevoir qu&rsquo;il est en train de tenter de lui piquer le march\u00e9 de l&rsquo;antisarkozysme centriste.<\/p>\n<p>Revenons donc aux d\u00e9clarations incrimin\u00e9es : \u00a0\u00bb <em>Je dis que Nicolas Sarkozy est aujourd&rsquo;hui un des probl\u00e8mes de la France (&#8230;) et qu&rsquo;il est temps que la parenth\u00e8se politique que nous vivons depuis 2007 soit referm\u00e9e\u00a0\u00bb. <\/em>Bon, c&rsquo;est vrai, ce n&rsquo;est pas tr\u00e8s charitable. Etre qualifi\u00e9 de \u00ab\u00a0probl\u00e8me de la France\u00a0\u00bb, ce n&rsquo;est pas particuli\u00e8rement valorisant. D&rsquo;autant qu&rsquo;il n&rsquo;est pas <em><strong>le<\/strong><strong> <\/strong><\/em> probl\u00e8me, mais <em><strong>un des<\/strong><\/em> probl\u00e8mes, ce qui ne flatte gu\u00e8re l&rsquo;ego. Mais, voyez-vous, je ne vois rien ici d&rsquo;outrageant surtout de la part d&rsquo;un opposant qui, tr\u00e8s normalement, pense de mani\u00e8re l\u00e9gitime que c&rsquo;est un probl\u00e8me de ne pas \u00eatre soi-m\u00eame aux manettes. Quoi ? Villepin n&rsquo;est pas opposant, puisqu&rsquo;il appartient \u00e0 l&rsquo;UMP ? J&rsquo;oubliais&#8230;<\/p>\n<p>Il faut quand m\u00eame manquer singuli\u00e8rement de m\u00e9moire politique pour oublier que les pires opposants ont toujours figur\u00e9 dans la majorit\u00e9 ; oublier que Raymond Barre utilisait l&rsquo;article 49 alin\u00e9a 3 de la constitution parce qu&rsquo;un parti de sa majorit\u00e9 lui aurait refus\u00e9 son budget ; oublier \u00ab\u00a0le Parti de l&rsquo;\u00e9tranger\u00a0\u00bb pour qualifier le Pr\u00e9sident de la R\u00e9publique Giscard lors de l&rsquo;Appel de Cochin en 1979 ; oublier le Munich Social fustig\u00e9 par le Pr\u00e9sident de l&rsquo;Assembl\u00e9e Nationale S\u00e9guin en 1993 et dont -on se demande bien pourquoi- le Premier Ministre Balladur\u00a0 avait pris ombrage ; et &#8211;<em>last but not least<\/em>&#8211; oublier un ministre fran\u00e7ais missionn\u00e9 \u00e0 New-York \u00e0 l&rsquo;automne 2006, et d\u00e9non\u00e7ant \u00ab\u00a0l&rsquo;arrogance fran\u00e7aise\u00a0\u00bb trois ans plus t\u00f4t dans l&rsquo;affaire irakienne[2. Nicolas Sarkozy -puisque c&rsquo;est bien de lui qu&rsquo;il s&rsquo;agit- visait bien son propre Pr\u00e9sident et le ministre des affaires \u00e9trang\u00e8res Dominique de Villepin, devenu entretemps son chef de gouvernement. Occasion unique pour les duettistes de virer enfin le ministre de l&rsquo;Int\u00e9rieur sur un dossier o\u00f9 l&rsquo;opinion \u00e9tait d&rsquo;accord avec eux. Occasion rat\u00e9e. Comme une certaine dissolution.].<\/p>\n<p>Il n&rsquo;y avait donc pas de quoi sauter au plafond en entendant cette envol\u00e9e villepinesque hier matin. En revanche, cela a \u00e9t\u00e9 une belle occasion pour Nicolas Sarkozy de mettre Cop\u00e9, Baroin, Tron et Lemaire au pied du mur et les obliger \u00e0 choisir leur camp. Ces derniers se sont ex\u00e9cut\u00e9s et furent les plus s\u00e9v\u00e8res \u00e0 l&rsquo;endroit de leur \u00ab\u00a0ami\u00a0\u00bb. La petite phrase de Villepin, c&rsquo;est surtout une belle connerie pour lui-m\u00eame, preuve de son incapacit\u00e9 \u00e0 tenir une ligne claire et occuper un espace politique viable.<\/p>\n<p>En revanche, je me permettrai de sugg\u00e9rer au Pr\u00e9sident de la R\u00e9publique une chasse bien plus utile que celle qui consiste \u00e0 poursuivre de sa vindicte un concurrent qui n&rsquo;en sera jamais un. Il a invit\u00e9 la semaine derni\u00e8re quelques d\u00e9put\u00e9s UMP \u00e0 taper la causette et avec lui et l&rsquo;un d&rsquo;eux[3. Ou m\u00eame plusieurs d&rsquo;entre eux.] s&rsquo;est r\u00e9pandu aupr\u00e8s de journalistes pour lui mettre dans la bouche les mots suivants : \u00ab\u00a0<em> j&rsquo;ai un super-job, une superbe femme, alors les Fran\u00e7ais me le font payer<\/em> \u00ab\u00a0. S&rsquo;amuser \u00e0 r\u00e9pandre de telles informations n&rsquo;est-il pas plus injurieux \u00e0 l&rsquo;endroit du Chef de l&rsquo;Etat, surtout lorsqu&rsquo;on \u00e9marge au groupe UMP ? Et penser que les Fran\u00e7ais pourraient croire autant de vil\u00e9nie de la part du premier d&rsquo;entre eux n&rsquo;est-il pas beaucoup plus outrageant qu&rsquo;une minuscule attaque villepiniste ? Comment dit-on ? Poser la question, c&rsquo;est y r\u00e9pondre ?<\/p>\n","protected":false},"excerpt":{"rendered":"<p>Un toll\u00e9 ridicule pour une phrase ridiculement minuscule.<\/p>\n","protected":false},"author":10,"featured_media":0,"comment_status":"open","ping_status":"closed","sticky":false,"template":"","format":"standard","meta":{"footnotes":""},"categories":[5],"tags":[],"class_list":{"0":"post-1100","1":"post","2":"type-post","3":"status-publish","4":"format-standard","6":"category-sulfate"},"_links":{"self":[{"href":"https:\/\/blog.causeur.fr\/antidote\/wp-json\/wp\/v2\/posts\/1100","targetHints":{"allow":["GET"]}}],"collection":[{"href":"https:\/\/blog.causeur.fr\/antidote\/wp-json\/wp\/v2\/posts"}],"about":[{"href":"https:\/\/blog.causeur.fr\/antidote\/wp-json\/wp\/v2\/types\/post"}],"author":[{"embeddable":true,"href":"https:\/\/blog.causeur.fr\/antidote\/wp-json\/wp\/v2\/users\/10"}],"replies":[{"embeddable":true,"href":"https:\/\/blog.causeur.fr\/antidote\/wp-json\/wp\/v2\/comments?post=1100"}],"version-history":[{"count":0,"href":"https:\/\/blog.causeur.fr\/antidote\/wp-json\/wp\/v2\/posts\/1100\/revisions"}],"wp:attachment":[{"href":"https:\/\/blog.causeur.fr\/antidote\/wp-json\/wp\/v2\/media?parent=1100"}],"wp:term":[{"taxonomy":"category","embeddable":true,"href":"https:\/\/blog.causeur.fr\/antidote\/wp-json\/wp\/v2\/categories?post=1100"},{"taxonomy":"post_tag","embeddable":true,"href":"https:\/\/blog.causeur.fr\/antidote\/wp-json\/wp\/v2\/tags?post=1100"}],"curies":[{"name":"wp","href":"https:\/\/api.w.org\/{rel}","templated":true}]}}