{"id":111,"date":"2007-07-17T20:50:27","date_gmt":"2007-07-17T19:50:27","guid":{"rendered":"http:\/\/carnet.causeur.fr\/antidote\/?p=111"},"modified":"2021-04-26T16:12:20","modified_gmt":"2021-04-26T14:12:20","slug":"ce-matin-un-ane-parlait-dans-mon-poste","status":"publish","type":"post","link":"https:\/\/blog.causeur.fr\/antidote\/ce-matin-un-ane-parlait-dans-mon-poste-111","title":{"rendered":"Ce matin, un \u00e2ne parlait dans mon poste"},"content":{"rendered":"<p><!--[if gte mso 9]&amp;gt;  Normal 0 21       MicrosoftInternetExplorer4  &amp;lt;![endif]--><\/p>\n<p class=\"MsoNormal\" style=\"text-align: justify\"><span style=\"font-family: Verdana\">Il s&rsquo;agit d&rsquo;un formateur de l&rsquo;IUFM de Lyon. Il \u00e9tait interrog\u00e9 sur le bienfond\u00e9 ou non de faire travailler ses enfants pendant les grandes vacances. Ce qui lui faisait peur \u00e0 lui, ce n&rsquo;\u00e9tait pas qu&rsquo;on abrutisse nos enfants et que cela trouble leurs vacances m\u00e9rit\u00e9es. Non, ce qui l&rsquo;inqui\u00e9tait, c&rsquo;est qu&rsquo;on leur apprenne des choses. Parce que cela accentuerait les in\u00e9galit\u00e9s entre les \u00e9l\u00e8ves puisque les parents ne sont pas tous autant attentifs au devenir de leurs enfants. Pour lui, mieux vaut qu&rsquo;on apprenne rien \u00e0 ses gosses puisque cela trouble \u00ab\u00a0le groupe-classe\u00a0\u00bb et que, de toute mani\u00e8re, on n&rsquo;apprend plus les m\u00eames choses. <\/span><\/p>\n<p class=\"MsoNormal\" style=\"text-align: justify\"><span style=\"font-family: Verdana\">Et c&rsquo;est vrai qu&rsquo;on n&rsquo;apprend plus les m\u00eames choses, c&rsquo;est bien la seule chose incontestable que ce quadrup\u00e8de aux grandes oreilles ait dit ce matin. On apprend \u00e0 l&rsquo;envers. Et pour que les parents ne mettent pas leur nez dans l&rsquo;instruction de leurs enfants, on emploie des strat\u00e9gies efficaces. On change les noms (le compl\u00e9ment d&rsquo;objet direct a disparu), on change les m\u00e9thodes (la division). On rend les manuels scolaires incompr\u00e9hensibles du commun des mortels (donc des parents) et on vend le fameux \u00ab\u00a0livre du ma\u00eetre\u00a0\u00bb sans lequel il est impossible de faire travailler l&rsquo;enfant sur le \u00ab\u00a0livre de l&rsquo;\u00e9l\u00e8ve\u00a0\u00bb. L&rsquo;autre jour, dans le d\u00e9m\u00e9nagement du coll\u00e8ge dont j&rsquo;ai la charge de g\u00e9rer les deniers,\u00a0 j&rsquo;ai r\u00e9cup\u00e9r\u00e9 une superbe carte \u00ab\u00a0La formation territoriale de la France (987-1871)\u00a0\u00bb par Louis Andr\u00e9, Docteur \u00e8s-Lettres\u00a0\u00bb. Y figurent, toutes les villes et dates des Trait\u00e9s, des Batailles qui ont form\u00e9 l&rsquo;Etat. Evidemment, \u00e9tudier cette carte n&rsquo;est plus au programme, au grand dam des enseignants de mon coll\u00e8ge qui doivent se conformer \u00e0 ce dernier, oblig\u00e9s de d\u00e9coder \u00ab\u00a0le livre du ma\u00eetre\u00a0\u00bb au lieu de faire leur m\u00e9tier : apprendre l&rsquo;Histoire de leur pays \u00e0 des enfants. <\/span><\/p>\n<p class=\"MsoNormal\" style=\"text-align: justify\"><span style=\"font-family: Verdana\">En \u00e9coutant les discours de Nicolas Sarkozy pendant la campagne \u00e9lectorale, j&rsquo;ai cru comprendre que sa volont\u00e9 \u00e9tait de revenir sur toutes ces fumeuses th\u00e9ories sur l&rsquo;Education. Et qu&rsquo;au lieu de mettre l&rsquo;\u00e9l\u00e8ve au centre du syst\u00e8me, on y remettrait le Savoir.\u00a0 J&rsquo;ai bien peur que tout cela n&rsquo;ait \u00e9t\u00e9 que\u00a0 propos de campagne. Sinon, la gauche bobo et soixante-huitarde ne le rejoindrait pas par wagons. Il a mang\u00e9 son chapeau hier sur l&rsquo;euro fort pour rassurer Merkel. Il en mangera bien un autre pour complaire aux \u00e2nes des IUFM.<\/span><\/p>\n","protected":false},"excerpt":{"rendered":"<p>Il s&rsquo;agit d&rsquo;un formateur de l&rsquo;IUFM de Lyon. Il \u00e9tait interrog\u00e9 sur le bienfond\u00e9 ou non de faire travailler ses enfants pendant les grandes vacances. Ce qui lui faisait peur \u00e0 lui, ce n&rsquo;\u00e9tait pas qu&rsquo;on abrutisse nos enfants et que cela trouble leurs vacances m\u00e9rit\u00e9es. Non, ce qui l&rsquo;inqui\u00e9tait, c&rsquo;est qu&rsquo;on leur apprenne des [&hellip;]<\/p>\n","protected":false},"author":10,"featured_media":0,"comment_status":"open","ping_status":"closed","sticky":false,"template":"","format":"standard","meta":{"footnotes":""},"categories":[5],"tags":[],"class_list":{"0":"post-111","1":"post","2":"type-post","3":"status-publish","4":"format-standard","6":"category-sulfate"},"_links":{"self":[{"href":"https:\/\/blog.causeur.fr\/antidote\/wp-json\/wp\/v2\/posts\/111","targetHints":{"allow":["GET"]}}],"collection":[{"href":"https:\/\/blog.causeur.fr\/antidote\/wp-json\/wp\/v2\/posts"}],"about":[{"href":"https:\/\/blog.causeur.fr\/antidote\/wp-json\/wp\/v2\/types\/post"}],"author":[{"embeddable":true,"href":"https:\/\/blog.causeur.fr\/antidote\/wp-json\/wp\/v2\/users\/10"}],"replies":[{"embeddable":true,"href":"https:\/\/blog.causeur.fr\/antidote\/wp-json\/wp\/v2\/comments?post=111"}],"version-history":[{"count":0,"href":"https:\/\/blog.causeur.fr\/antidote\/wp-json\/wp\/v2\/posts\/111\/revisions"}],"wp:attachment":[{"href":"https:\/\/blog.causeur.fr\/antidote\/wp-json\/wp\/v2\/media?parent=111"}],"wp:term":[{"taxonomy":"category","embeddable":true,"href":"https:\/\/blog.causeur.fr\/antidote\/wp-json\/wp\/v2\/categories?post=111"},{"taxonomy":"post_tag","embeddable":true,"href":"https:\/\/blog.causeur.fr\/antidote\/wp-json\/wp\/v2\/tags?post=111"}],"curies":[{"name":"wp","href":"https:\/\/api.w.org\/{rel}","templated":true}]}}