{"id":1125,"date":"2010-11-11T20:14:19","date_gmt":"2010-11-11T19:14:19","guid":{"rendered":"http:\/\/carnet.causeur.fr\/antidote\/?p=1125"},"modified":"2021-04-26T16:11:25","modified_gmt":"2021-04-26T14:11:25","slug":"cohn-bendit-versus-melenchon","status":"publish","type":"post","link":"https:\/\/blog.causeur.fr\/antidote\/cohn-bendit-versus-melenchon-1125","title":{"rendered":"Cohn-Bendit versus M\u00e9lenchon"},"content":{"rendered":"<p>Ce matin, Daniel Cohn-Bendit a abord\u00e9 le sujet M\u00e9lenchon au <a href=\"http:\/\/www.rtl.fr\/actualites\/article\/daniel-cohn-bendit-melenchon-laboure-sur-les-terres-du-fn-7635763720\" target=\"_blank\" rel=\"noopener\">micro de Jean-Michel Aphatie sur RTL<\/a>. Et le moins qu&rsquo;on puisse dire, c&rsquo;est qu&rsquo;il n&rsquo;a pas tourn\u00e9 autour du pot, fid\u00e8le \u00e0 son habitude. Qu&rsquo;on en juge :<\/p>\n<blockquote><p><em><strong>JMA -Vous parlez de la Gauche M\u00e9lenchon. Jean-Luc M\u00e9lenchon, c&rsquo;est un alli\u00e9 pour vous ? Ses propos, tout \u00e7a ? <\/strong><\/em><\/p>\n<p><em>DCB- Enorm\u00e9ment de probl\u00e8mes avec Jean-Luc M\u00e9lenchon. Je dis franchement, Jean-Luc M\u00e9lenchon, quand on voit son livre, ce qu&rsquo;il dit sur l&rsquo;Allemagne, quand il parle de la \u00ab\u00a0grande France\u00a0\u00bb, il veut m\u00eame int\u00e9grer la Belgique, une partie de la Belgique : la Wallonie et Bruxelles, ce qui dit sur \u00ab\u00a0les Boches\u00a0\u00bb c&rsquo;est insoutenable, c&rsquo;est intol\u00e9rable. Je trouve m\u00eame que son discours, il va m\u00eame labourer sur les terres du Front national.<\/em><\/p>\n<p><em><strong>JMA- Il va vous en vouloir pour dire \u00e7a, Daniel Cohn-Bendit !<\/strong><\/em><\/p>\n<p><em>DCB &#8211; Mais oui ; mais \u00e9coutez moi j&rsquo;ai lu son livre et je dis : les Verts sont un parti pro-europ\u00e9en parce qu&rsquo;ils disent : on a besoin de l&rsquo;Europe ; ce que dit M\u00e9lenchon sur l&rsquo;Europe, c&rsquo;est ind\u00e9fendable ; donc, \u00e7a va \u00eatre tr\u00e8s, tr\u00e8s difficile&#8230; Et puis, des fois, il dit n&rsquo;importe quoi. Je pourrais dire des heures sur M\u00e9lenchon, c&rsquo;est-\u00e0-dire il ne m&rsquo;int\u00e9resse pas tellement&#8230;<\/em><\/p><\/blockquote>\n<p>Il se trouve que j&rsquo;ai lu pour <a href=\"http:\/\/www.causeur.fr\/et-moi-je-peux-rester,7793\" target=\"_blank\" rel=\"noopener\">Causeur<\/a> le livre de M\u00e9lenchon et que je n&rsquo;ai trouv\u00e9 nulle part le mot de \u00ab\u00a0boches\u00a0\u00bb ni d&rsquo;ode \u00e0 la \u00ab\u00a0Grande France\u00a0\u00bb. Sur le cas pr\u00e9cis de la Belgique, il ne fait que respecter le droit des peuples \u00e0 disposer d&rsquo;eux-m\u00eame lorsqu&rsquo;il \u00e9voque l&rsquo;\u00e9ventualit\u00e9 o\u00f9, repouss\u00e9s par les Flamands, les Belges francophones pourraient \u00eatre accueillis dans la R\u00e9publique s&rsquo;ils le souhaitaient.<\/p>\n<p>Comme d&rsquo;habitude, et cela depuis quarante-deux ans, la malhonn\u00eatet\u00e9 intellectuelle de Dany-le-rouge-puis-le-vert-p\u00e2le \u00e9clate au grand jour. J&rsquo;attends au passage que Jean-Michel Aphatie, qui se pique d&rsquo;une certaine \u00e9thique journalistique, r\u00e9tablisse la v\u00e9rit\u00e9 aupr\u00e8s de ses auditeurs d\u00e8s demain matin, puisque ces derniers n&rsquo;ont pas encore tous lu le bouquin de M\u00e9lenchon et n&rsquo;ont, ainsi, pu s&rsquo;apercevoir \u00e0 quel point ils avaient \u00e9t\u00e9 d\u00e9sinform\u00e9s.<\/p>\n<p>Il n&rsquo;y avait pas que le manipulateur Cohn-Bendit ce matin sur RTL, il y avait aussi le Grand Inquisiteur Europ\u00e9en qui trouve les propos de M\u00e9lenchon sur l&rsquo;Europe, in-d\u00e9-fen-da-bles.Or, sur ce sujet, JLM ne fait, apr\u00e8s tout, qu&rsquo;abjurer sa foi f\u00e9d\u00e9raliste. Il ne remet m\u00eame pas en cause l&rsquo;Euro -ce qui me d\u00e9\u00e7oit. Seulement voil\u00e0, en mati\u00e8re de religion europ\u00e9enne, le Grand Inquisiteur Europ\u00e9en ne plaisante pas. Et il refuse l&rsquo;apostat. On comprend pourquoi Daniel Cohn-Bendit a si peu protest\u00e9 lorsque le Pr\u00e9sident de la R\u00e9publique a censur\u00e9 la voix des 55 % de citoyens fran\u00e7ais qui avaient justement refus\u00e9 cette Europe-l\u00e0. Tous des lep\u00e8nistes !<\/p>\n<p>Mais les attaques de Cohn-Bendit ont tout de m\u00eame un m\u00e9rite. Celles de placer Jean-Luc M\u00e9lenchon en face de certaines contradictions. Au printemps dernier, le pr\u00e9sident du parti de Gauche faisait de belles avances au Grand Inquisiteur au micro de France Inter et se prenait un joli r\u00e2teau comme en t\u00e9moigne cette vid\u00e9o.<\/p>\n<p>[daily]xbcvdk[\/daily]<\/p>\n<p>Apr\u00e8s avoir visionn\u00e9 ce document, on lit d&rsquo;une autre mani\u00e8re le <a href=\"http:\/\/www.lepartidegauche.fr\/editos\/actualites\/3221-le-parti-de-gauche-reagit-aux-declarations-insultantes-de-daniel-cohn-bendit\" target=\"_blank\" rel=\"noopener\">communiqu\u00e9 de r\u00e9action<\/a> publi\u00e9 sur le site du Parti de Gauche cette apr\u00e8s-midi. Un dragueur \u00e9conduit n&rsquo;aime pas, de surcro\u00eet, se faire injurier par celui-l\u00e0 m\u00eame qu&rsquo;il tentait de s\u00e9duire. En conclusion du communiqu\u00e9, il tente tout de m\u00eame d&rsquo;alerter C\u00e9cile Duflot et l&rsquo;amener \u00e0 se positionner. Ce qu&rsquo;elle garde bien de faire \u00e0 l&rsquo;heure o\u00f9 on \u00e9crit ces lignes. Peut-\u00eatre qu&rsquo;elle sera contrainte de le faire ce soir puisqu&rsquo;elle est invit\u00e9e \u00e0 Soir 3.<\/p>\n<p>Mais revenons \u00e0 M\u00e9lenchon et \u00e0 sa position dans l&rsquo;opposition. Tout le PS le vomit d\u00e9sormais. Du c\u00f4t\u00e9 des \u00e9colos, les Verts, dont le centre de gravit\u00e9 est plus \u00e0 gauche qu&rsquo;Europe \u00e9cologie, pouvaient \u00e9ventuellement constituer un alli\u00e9 mais ils vont justement dispara\u00eetre samedi dans ce conglom\u00e9rat plus large. M\u00eame l&rsquo;alliance du Front de Gauche ne constitue pas, loin s&rsquo;en faut, un long fleuve tranquille. Certains communistes voient d&rsquo;un\u00a0 tr\u00e8s mauvais \u0153il sa puissance de feu m\u00e9diatique. Et si, dans certains d\u00e9partements, il n&rsquo;y a m\u00eame pas de structures concr\u00e9tisant ce front, c&rsquo;est souvent le fait des comit\u00e9s PCF locaux.<\/p>\n<p>Bref, c&rsquo;est au moment o\u00f9 il a enfin acc\u00e9d\u00e9 au Graal de notre \u00ab\u00a0soci\u00e9t\u00e9 du spectacle\u00a0\u00bb, le canap\u00e9 rouge de Drucker, que Jean-Luc M\u00e9lenchon est plus isol\u00e9 que jamais. L&rsquo;isolement n&rsquo;est pas un mal en soi. La fid\u00e9lit\u00e9 aux id\u00e9es, c&rsquo;est d\u00e9j\u00e0 fort respectable. Mais quand on souhaite un jour gouverner, ce qui est le cas de M\u00e9lenchon, cela peut devenir probl\u00e9matique. C&rsquo;est pourquoi il est peut-\u00eatre temps pour lui de ne plus rejeter la perspective de passerelles avec des r\u00e9publicains de l&rsquo;autre rive, comme les appelle Chev\u00e8nement. Et qu&rsquo;il saisisse les mains tendues. Parce qu&rsquo;il pourrait y trouver des convergences utiles et des alli\u00e9s davantage respectueux.<\/p>\n","protected":false},"excerpt":{"rendered":"<p>Camarade M\u00e9lenchon, o\u00f9 sont tes vrais amis ?<\/p>\n","protected":false},"author":10,"featured_media":0,"comment_status":"open","ping_status":"closed","sticky":false,"template":"","format":"standard","meta":{"footnotes":""},"categories":[4],"tags":[],"class_list":{"0":"post-1125","1":"post","2":"type-post","3":"status-publish","4":"format-standard","6":"category-oxygene"},"_links":{"self":[{"href":"https:\/\/blog.causeur.fr\/antidote\/wp-json\/wp\/v2\/posts\/1125","targetHints":{"allow":["GET"]}}],"collection":[{"href":"https:\/\/blog.causeur.fr\/antidote\/wp-json\/wp\/v2\/posts"}],"about":[{"href":"https:\/\/blog.causeur.fr\/antidote\/wp-json\/wp\/v2\/types\/post"}],"author":[{"embeddable":true,"href":"https:\/\/blog.causeur.fr\/antidote\/wp-json\/wp\/v2\/users\/10"}],"replies":[{"embeddable":true,"href":"https:\/\/blog.causeur.fr\/antidote\/wp-json\/wp\/v2\/comments?post=1125"}],"version-history":[{"count":0,"href":"https:\/\/blog.causeur.fr\/antidote\/wp-json\/wp\/v2\/posts\/1125\/revisions"}],"wp:attachment":[{"href":"https:\/\/blog.causeur.fr\/antidote\/wp-json\/wp\/v2\/media?parent=1125"}],"wp:term":[{"taxonomy":"category","embeddable":true,"href":"https:\/\/blog.causeur.fr\/antidote\/wp-json\/wp\/v2\/categories?post=1125"},{"taxonomy":"post_tag","embeddable":true,"href":"https:\/\/blog.causeur.fr\/antidote\/wp-json\/wp\/v2\/tags?post=1125"}],"curies":[{"name":"wp","href":"https:\/\/api.w.org\/{rel}","templated":true}]}}