{"id":113,"date":"2007-06-26T20:53:51","date_gmt":"2007-06-26T19:53:51","guid":{"rendered":"http:\/\/carnet.causeur.fr\/antidote\/?p=113"},"modified":"2021-04-26T16:12:20","modified_gmt":"2021-04-26T14:12:20","slug":"peut-on-critiquer-les-media","status":"publish","type":"post","link":"https:\/\/blog.causeur.fr\/antidote\/peut-on-critiquer-les-media-113","title":{"rendered":"Peut-on critiquer les media ?"},"content":{"rendered":"<p><!--[if gte mso 9]&amp;gt;  Normal 0 21       MicrosoftInternetExplorer4  &amp;lt;![endif]--><\/p>\n<p class=\"MsoNormal\" style=\"text-align: justify\"><span style=\"font-family: Verdana\">Apr\u00e8s le \u00ab\u00a0Premier Pouvoir\u00a0\u00bb d&rsquo;Elisabeth L\u00e9vy, l&rsquo;ann\u00e9e derni\u00e8re sur France Culture, une autre \u00e9mission qui \u00e9tait consacr\u00e9e \u00e0 d\u00e9crypter les media, \u00ab\u00a0Arr\u00eat sur images\u00a0\u00bb vient d&rsquo;\u00eatre supprim\u00e9e.<\/span><\/p>\n<p class=\"MsoNormal\" style=\"text-align: justify\"><span style=\"font-family: Verdana\">L&rsquo;\u00e9mission de Daniel Schneidermann, comme celle d&rsquo;Elisabeth L\u00e9vy, n&rsquo;est pas victime de l&rsquo;Elys\u00e9e comme il a\u00a0 \u00e9t\u00e9 trop vite \u00e9voqu\u00e9. Il est clair que le nouveau pouvoir n&rsquo;a rien fait pour le maintien d&rsquo;une \u00e9mission qui titillait notamment ses amis de TF1. Mais il s&rsquo;agit d&rsquo;un vendetta interne \u00e0 la classe m\u00e9diatique. Il y a quelques ann\u00e9es, Pierre P\u00e9an et Philippe Cohen avaient bris\u00e9 l&rsquo;omerta en osant \u00e9crire sur le journal \u00ab\u00a0Le Monde\u00a0\u00bb. Un tir de barrage fut organis\u00e9. Ensuite vint le tour de l&rsquo;\u00e9mission du Premier Pouvoir sur France Culture qui avait le tort d&rsquo;avoir une des meilleures audiences-si ce n&rsquo;\u00e9tait la meilleure- de France Culture. Maintenant, c&rsquo;est le tour de Schneidermann. De toutes les corporations, celle des journalistes est de loin\u00a0 la plus r\u00e9tive \u00e0 la critique. Et pourtant, il y a \u00e0 dire sur le traitement de l&rsquo;information&#8230;<\/span><\/p>\n<p class=\"MsoNormal\" style=\"text-align: justify\"><span style=\"font-family: Verdana\"> J&rsquo;oubliais. C&rsquo;est encore le Service Public qui supprime une \u00e9mission de qualit\u00e9. Cela prouve d&rsquo;une part qu&rsquo;il en avait encore. Mais cela d\u00e9montre malheureusement, d&rsquo;autre part, qu&rsquo;il n&rsquo;en souhaite plus en diffuser.<\/span><\/p>\n","protected":false},"excerpt":{"rendered":"<p>Apr\u00e8s le \u00ab\u00a0Premier Pouvoir\u00a0\u00bb d&rsquo;Elisabeth L\u00e9vy, l&rsquo;ann\u00e9e derni\u00e8re sur France Culture, une autre \u00e9mission qui \u00e9tait consacr\u00e9e \u00e0 d\u00e9crypter les media, \u00ab\u00a0Arr\u00eat sur images\u00a0\u00bb vient d&rsquo;\u00eatre supprim\u00e9e. L&rsquo;\u00e9mission de Daniel Schneidermann, comme celle d&rsquo;Elisabeth L\u00e9vy, n&rsquo;est pas victime de l&rsquo;Elys\u00e9e comme il a\u00a0 \u00e9t\u00e9 trop vite \u00e9voqu\u00e9. Il est clair que le nouveau pouvoir n&rsquo;a [&hellip;]<\/p>\n","protected":false},"author":10,"featured_media":0,"comment_status":"open","ping_status":"closed","sticky":false,"template":"","format":"standard","meta":{"footnotes":""},"categories":[4],"tags":[],"class_list":{"0":"post-113","1":"post","2":"type-post","3":"status-publish","4":"format-standard","6":"category-oxygene"},"_links":{"self":[{"href":"https:\/\/blog.causeur.fr\/antidote\/wp-json\/wp\/v2\/posts\/113","targetHints":{"allow":["GET"]}}],"collection":[{"href":"https:\/\/blog.causeur.fr\/antidote\/wp-json\/wp\/v2\/posts"}],"about":[{"href":"https:\/\/blog.causeur.fr\/antidote\/wp-json\/wp\/v2\/types\/post"}],"author":[{"embeddable":true,"href":"https:\/\/blog.causeur.fr\/antidote\/wp-json\/wp\/v2\/users\/10"}],"replies":[{"embeddable":true,"href":"https:\/\/blog.causeur.fr\/antidote\/wp-json\/wp\/v2\/comments?post=113"}],"version-history":[{"count":0,"href":"https:\/\/blog.causeur.fr\/antidote\/wp-json\/wp\/v2\/posts\/113\/revisions"}],"wp:attachment":[{"href":"https:\/\/blog.causeur.fr\/antidote\/wp-json\/wp\/v2\/media?parent=113"}],"wp:term":[{"taxonomy":"category","embeddable":true,"href":"https:\/\/blog.causeur.fr\/antidote\/wp-json\/wp\/v2\/categories?post=113"},{"taxonomy":"post_tag","embeddable":true,"href":"https:\/\/blog.causeur.fr\/antidote\/wp-json\/wp\/v2\/tags?post=113"}],"curies":[{"name":"wp","href":"https:\/\/api.w.org\/{rel}","templated":true}]}}