{"id":1135,"date":"2010-11-13T01:19:11","date_gmt":"2010-11-13T00:19:11","guid":{"rendered":"http:\/\/carnet.causeur.fr\/antidote\/?p=1135"},"modified":"2021-04-26T16:11:25","modified_gmt":"2021-04-26T14:11:25","slug":"comment-celebrer-les-journees-dediees","status":"publish","type":"post","link":"https:\/\/blog.causeur.fr\/antidote\/comment-celebrer-les-journees-dediees-1135","title":{"rendered":"Comment c\u00e9l\u00e9brer les journ\u00e9es d\u00e9di\u00e9es ?"},"content":{"rendered":"<p>C&rsquo;est en apprenant que nous devions comm\u00e9morer aujourd&rsquo;hui la journ\u00e9e mondiale de la gentillesse et en me souvenant qu&rsquo;il y a quelques semaines il s&rsquo;agissait de la journ\u00e9e mondiale de m\u00e9nopause, que j&rsquo;ai pris la d\u00e9cision d&rsquo;entamer des recherches sur toutes les journ\u00e9es mondiales, internationales, nationales ou d&rsquo;autres ampleurs afin, peut-\u00eatre, d&rsquo;en faire profiter mes lecteurs. Mes recherches ont tr\u00e8s vite abouti. Un <a href=\"http:\/\/www.journee-mondiale.com\/index.php\" target=\"_blank\" rel=\"noopener\">site<\/a> recense en effet deux-cent-trente deux \u00e9v\u00e8nements de ce genre. Il n&rsquo;est pas inint\u00e9ressant d&rsquo;en faire une s\u00e9lection tout \u00e0 fait partiale et de les agr\u00e9menter de quelques commentaires et conseils.<\/p>\n<p><strong> 13 novembre<\/strong> : <em>Journ\u00e9e mondiale de la gentillesse<\/em> mais aussi -on en a tr\u00e8s peu parl\u00e9-<em> journ\u00e9e mondiale de l&rsquo;utilisabilit\u00e9<\/em> -\u00e7a ne s&rsquo;invente pas. Ce dernier concept, pour les ignares, se d\u00e9finit\u00a0 par la norme ISO 9241 comme \u00ab\u00a0le degr\u00e9 selon lequel un produit peut \u00eatre utilis\u00e9, par des utilisateurs identifi\u00e9s, pour atteindre des buts d\u00e9finis avec efficacit\u00e9, efficience et satisfaction, dans un contexte d\u2019utilisation sp\u00e9cifi\u00e9\u00a0\u00bb.<\/p>\n<p>Montrez-vous efficaces et tentez de faire d&rsquo;une pierre deux coups. Achetez l&rsquo;objet le plus utilisable possible et tentez de l&rsquo;utilisez devant vos proches. Evitez les meubles \u00e0 monter soi-m\u00eame ou les maquettes si vous avez -comme votre serviteur- deux mains gauche. Cela vous \u00e9vitera un fiasco : \u00e9nerv\u00e9 par le c\u00f4t\u00e9 totalement inutilisable de l&rsquo;objet, vous finiriez par donner une torgnole au gosse puis par insulter votre femme, r\u00e9duisant \u00e0 n\u00e9ant votre engagement \u00e0 \u00eatre gentil toute cette journ\u00e9e.<\/p>\n<p><strong>14 novembre<\/strong> : <em>Journ\u00e9e mondiale du diab\u00e8te<\/em>. Par solidarit\u00e9, mangez 25 tablettes de chocolat. Sauf si vous \u00eatre diab\u00e9tique, \u00e9videmment.<\/p>\n<p><strong>15 novembre<\/strong> : <em>Journ\u00e9e mondiale des \u00e9crivains en prison<\/em>. Examinez le cahier du jour d&rsquo;un de vos enfants, le plus malingre et ch\u00e9tif, de pr\u00e9f\u00e9rence. A la moindre faute de grammaire ou de syntaxe, enfermez le trois bonnes heures dans la cave pour le faire r\u00e9fl\u00e9chir sur la chance qu&rsquo;il a de vivre sous nos latitudes. Ou obligez-le \u00e0 lire du Marc L\u00e9vy, du Guillaume Musso ou, pis, du Christine Angot, afin de lui faire saisir toute la joie que peuvent apporter des \u00e9crivains en libert\u00e9.<\/p>\n<p><strong>16 novembre<\/strong> :<strong> <\/strong><em>Journ\u00e9e Internationale de la tol\u00e9rance. <\/em>Vous souvenant de Paul Claudel (La tol\u00e9rance ? Il y a des maisons pour \u00e7a) et constatant avec regrets l&rsquo;oeuvre de Marthe Richard, faites un aller-retour dans un Eros-Center outre-rhin ou une discoth\u00e8que coquine des environs de Barcelone. Si votre \u00e9pouse vous le reproche, vous pourrez lui faire remarquer qu&rsquo;elle n&rsquo;est gu\u00e8re tol\u00e9rante en cette journ\u00e9e.<\/p>\n<p><strong>17 novembre<\/strong> : Encore une journ\u00e9e charg\u00e9e. On f\u00eate \u00e0 la fois\u00a0 la <em>journ\u00e9e internationale de la pr\u00e9maturit\u00e9<\/em> et la<em> journ\u00e9e nationale de l&rsquo;\u00e9pilepsie<\/em>. Convaincus par Fr\u00e9d\u00e9ric Martel qu&rsquo;il faut \u00eatre mainstream et que la journ\u00e9e nationale doit s&rsquo;effacer devant l&rsquo;internationale, tentez de convaincre votre charmante \u00e9pouse, enceinte de six mois, tout l&rsquo;int\u00e9r\u00eat d&rsquo;avoir un enfant pr\u00e9matur\u00e9 au regard de la l\u00e9gislation fiscale.<\/p>\n<p><strong>18 novembre<\/strong> : Deux \u00e9v\u00e8nements encore ! <em>La journ\u00e9e de la philosophie \u00e0 l&rsquo;UNESCO <\/em>et<em> la journ\u00e9e mondiale contre les Broncho-Pneumopathies Chroniques Obstructives. <\/em>Lisez du BHL, \u00e7a vous fera tousser<em>.<\/em><\/p>\n<p><strong>19 novembre<\/strong> : <em>Journ\u00e9e mondiale pour la pr\u00e9vention des abus envers les enfants. <\/em>Coupez la t\u00e9l\u00e9<em>.<\/em><\/p>\n<p><strong>20 novembre<\/strong><em> : Journ\u00e9e internationale des droits de l&rsquo;enfant<\/em>, <em>Journ\u00e9e mondiale pour l&rsquo;industrialisation de l&rsquo;Afrique<\/em> (sans enfants dans les usines, suppos\u00e9-je), <em>Journ\u00e9e nationale contre l&rsquo;herp\u00e8s<\/em> et <em>Journ\u00e9e internationale du souvenir trans<\/em>. Cette derni\u00e8re, qui est comm\u00e9mor\u00e9e depuis 1998, en souvenir de l&rsquo;assassinat de Rita Hester \u00e0 Boston, invite \u00e0 se souvenir des victimes de la transphobie. Comme un malheur ne vient jamais seul, c&rsquo;est mon anniversaire. Toute co\u00efncidence ne serait que fortuite. Merci.<\/p>\n<p><strong>21 novembre<\/strong> : <em>Journ\u00e9e mondiale des p\u00eacheurs artisans et des travailleurs de la mer<\/em>, <em>journ\u00e9e nationale de la trisomie 21<\/em> et <em>journ\u00e9e mondiale de la t\u00e9l\u00e9vision<\/em>. Le th\u00e9or\u00e8me de Martel s&rsquo;applique encore, malheureusement pour les trisomiques. Si le 21 tombe un vendredi, regarder Thalassa en famille permet de combiner agr\u00e9ablement les deux \u00e9v\u00e8nements de port\u00e9e mondiale.<\/p>\n<p><strong>25 novembre<\/strong> : Vous n&rsquo;avez rien c\u00e9l\u00e9br\u00e9 depuis quatre jours. Vous \u00eates donc remont\u00e9 comme un coucou pour comm\u00e9morer la <em>journ\u00e9e internationale pour l&rsquo;\u00e9limination de la violence contre les femmes<\/em> qui tombe fortuitement (?) pour la Sainte-Catherine. Organisez donc une manifestation contre ces c\u00e9r\u00e9monies d&rsquo;un autre \u00e2ge qui consistent \u00e0 f\u00eater les catherinettes, stigmatisant au moyen d&rsquo;un chapeau ridicule les c\u00e9libataires de sexe f\u00e9minin. Vous aurez ainsi fait reculer davantage le patriarcat tout puissant.<\/p>\n<p><strong>26 novembre<\/strong> : C&rsquo;est la <em>journ\u00e9e des enfants de rue<\/em>. Par piti\u00e9, m\u00eame si vous votez Sarkozy, ne d\u00e9noncez aucun gosse rom souhaitant nettoyer votre pare-brise. Hortefeux, exceptionnellement, fermera les yeux.<\/p>\n<p><strong>28 novembre :<\/strong> C&rsquo;est la<em> journ\u00e9e mondiale sans achats<\/em>. R\u00e9unissez toute votre famille, surtout votre femme et vos filles. Passez leur le dernier discours de Fran\u00e7ois Fillon sur la faillite des finances de notre Nation et tentez un parall\u00e8le avec celles de la famille. Si cela ne suffit pas, confisquez toutes les cartes bancaires. Maudissez aussi l&rsquo;imb\u00e9cile qui a autoris\u00e9 que les magasins ouvrent davantage le dimanche puisque, sans cela, vous auriez pu au moins \u00e9viter cette corv\u00e9e cette ann\u00e9e.<\/p>\n<p><strong>29 novembre :<\/strong> Journ\u00e9e nationale de solidarit\u00e9 avec le Peuple palestinien. Je passe. <a href=\"http:\/\/www.causeur.fr\/non-nicolas-bedos-n%E2%80%99est-pas-antisemite,7834\" target=\"_blank\" rel=\"noopener\">Pas envie de finir comme Nicolas Bedos<\/a>.<\/p>\n<p>Le mois de novembre se termine. Epuis\u00e9, vous d\u00e9cidez, en commun accord avec votre famille, de ne c\u00e9l\u00e9brer qu&rsquo;une journ\u00e9e par mois, ce qui a l&rsquo;immense avantage de raccourcir mon papier.<\/p>\n<p><strong>Mois de d\u00e9cembre<\/strong> : Sortez des sentiers battus. Ne c\u00e9l\u00e9brez ni <em>le climat<\/em>, ni <em>l&rsquo;abolition de l&rsquo;esclavage<\/em>, ni <em>les migrants<\/em> ni <em>les droits de l&rsquo;homme <\/em>et privil\u00e9giez la <em>Journ\u00e9e internationale de la montagne <\/em>(le 11). Si vous vous sentez trop peu entra\u00een\u00e9 pour tenter l&rsquo;ascension du Mont-Blanc, distribuez les paroles de la chanson de Ferrat \u00e0 vos enfants. Cela les changera de B\u00e9nabar et de Cali.<\/p>\n<p><strong>Mois de janvier<\/strong> : Aux <em>l\u00e9preux<\/em> et \u00e0 <em>la m\u00e9moire de de l&rsquo;Holocauste et de la pr\u00e9vention des crimes contre l&rsquo;humanit\u00e9<\/em>, pr\u00e9f\u00e9rez la<em> journ\u00e9e mondiale de la Corse <\/em>(le 9). Et si vous profitiez de cet \u00e9v\u00e8nement pour offrir une cagoule \u00e0 tous vos enfants ? Apr\u00e8s tout, il est fort probable que leur prix soit rapidement amorti en cette saison.<\/p>\n<p><strong>Mois de f\u00e9vrier<\/strong> : Pas question de c\u00e9der \u00e0 la pression du <a href=\"http:\/\/www.causeur.fr\/faire-face-a-facebook,7683\" target=\"_blank\" rel=\"noopener\">camarade Leroy<\/a> en participant \u00e0 la journ\u00e9e mondiale sans facebook. Les maladies rares, le cancer, et le scoutisme ne vous passionnent gu\u00e8re. Choisissez donc <em>la journ\u00e9e mondiale des zones humides<\/em> (le 2). Afin de la c\u00e9l\u00e9brer, faites vous violence ! Privil\u00e9giez, pour une fois, les pr\u00e9liminaires.<\/p>\n<p><strong>Mois de mars <\/strong>: La lutte contre l&rsquo;exploitation sexuelle, la semaine nationale contre le cancer et m\u00eame le fromage -ce qui me co\u00fbte en tant que franc-comtois- ne p\u00e8sent rien par rapport \u00e0 la d\u00e9sormais c\u00e9l\u00e8bre et incontournable <em>journ\u00e9e nationale pour la courtoisie au volant<\/em> (le 25). Ce jour l\u00e0, ne traitez aucune conductrice de <em>pouffiasse<\/em> ni de conducteur d&rsquo;<em>esp\u00e8ce de trou du cul<\/em>. Le vocabulaire de vos enfants, assis sur la banquette arri\u00e8re, ne s&rsquo;en portera pas plus mal.<\/p>\n<p><strong>Mois d&rsquo;avril<\/strong> : Plut\u00f4t que l&rsquo;h\u00e9mophilie, le paludisme, les secr\u00e9taires et la propri\u00e9t\u00e9 intellectuelle, choisissons la <em>journ\u00e9e mondiale des luttes paysannes <\/em>(le 17). Affranchissons-nous de toute r\u00e9f\u00e9rence marxiste et m\u00e9ditons le sage conseil de notre g\u00e9niteur :\u00a0\u00bbDavid, si tu dois te bagarrer avec quelqu&rsquo;un, \u00e9vite de pr\u00e9f\u00e9rence les paysans\u00a0\u00bb.<\/p>\n<p><strong>Mois de mai<\/strong> : Foin de d\u00e9pistage du cancer de la peau, d&rsquo;hypertension, d&rsquo;homophobie et d&rsquo;infirmi\u00e8re. Au mois de mai, il y a <em>la journ\u00e9e du pied <\/em>(le 12). C&rsquo;est important le pied. Si vous arrivez \u00e0 en mettre un devant l&rsquo;autre et si vous le prenez de temps \u00e0 autre, ma foi, c&rsquo;est que vous n&rsquo;\u00eates pas en si mauvaise sant\u00e9.<\/p>\n<p><strong>Mois de juin <\/strong>: Vous auriez pu choisir la journ\u00e9e internationale de la lenteur, ou encore les victimes de la torture, les r\u00e9fugi\u00e9s ou<strong> <\/strong>la dr\u00e9panocytose. Mais nous vous conseillons plut\u00f4t <em>la journ\u00e9e mondiale du tricot <\/em>(le 12) . Et de m\u00e9diter sur cette citation du G\u00e9n\u00e9ral :\u00a0\u00bbUne femme ministre ! Et pourquoi pas un minist\u00e8re du tricot ?\u00a0\u00bb.<\/p>\n<p><strong>Mois de juillet :<\/strong> Pas grand chose \u00e0 c\u00e9l\u00e9brer. Si ce ne sont le bandeau blanc contre la pauvret\u00e9, la population ou les coop\u00e9ratives. Mais<em> la journ\u00e9e de la destruction des armes l\u00e9g\u00e8res<\/em> (le 9) peut s&rsquo;av\u00e9rer int\u00e9ressante. D\u00e9cider, par exemple, de d\u00e9truire la tapette \u00e0 mouche et laisser tranquille ces pauvres insectes jusqu&rsquo;\u00e0 la fin de la saison estivale\u00a0 ne manquerait assur\u00e9ment pas de panache. Surtout si vous habitez la campagne.<\/p>\n<p><strong>Mois d&rsquo;aout :<\/strong> Evitez la traite n\u00e9gri\u00e8re, les gauchers, la jeunesse et l&rsquo;aide humanitaire. Et attendez le 31 afin de c\u00e9lebrer<em> la journ\u00e9e mondiale du blog<\/em>. Et lisez le mien, de pr\u00e9f\u00e9rence.<\/p>\n<p><strong>Mois de septembre :<\/strong> Il y a les sourds, le refus de l&rsquo;\u00e9chec scolaire, ou la paix. Mais il est de notre devoir, dans la mesure de nos modestes moyens, de sortir de l&rsquo;anonymat m\u00e9diatique <em>la journ\u00e9e internationale du Parler Pirate<\/em>. Tortionnaires que nous sommes, nous obligeons nos enfants \u00e0 apprendre l&rsquo;anglais, l&rsquo;espagnol voire l&rsquo;allemand, alors qu&rsquo;il serait si original de leur faire donner des cours de langage pirate, ce qui aurait l&rsquo;avantage de leur offrir quelques d\u00e9bouch\u00e9s au p\u00f4le emploi de Mogadiscio.<\/p>\n<p><strong>Mois d&rsquo;octobre :<\/strong> Quel choix difficile en ce mois d&rsquo;octobre ! L&rsquo;allaitement maternel, la vue, le psoriasis, la canne blanche, le b\u00e9gaiement, les Nations-Unies&#8230; Que de causes \u00e0 c\u00e9l\u00e9brer ! Mais tout de m\u00eame, <em>la journ\u00e9e mondiale de la m\u00e9nopause<\/em> a eu le m\u00e9rite d&rsquo;attirer -avec la gentillesse- notre attention sur ce ph\u00e9nom\u00e8ne contemporain des journ\u00e9es mondiales, internationales ou nationales d\u00e9di\u00e9es. Alors, ne boudons pas notre plaisir. Deux cas sont \u00e0 \u00e9tudier. Petit a : votre l\u00e9gitime n&rsquo;a pas encore atteint la m\u00e9nopause. Il faudra alors la convaincre qu&rsquo;il est de son devoir qu&rsquo;elle se sacrifie le temps d&rsquo;une journ\u00e9e o\u00f9 vous hanterez les th\u00e9s dansant de la r\u00e9gion et jouerez au taxi-boy. Petit b : votre l\u00e9gitime a d\u00e9j\u00e0 atteint ce stade de la vie f\u00e9minine. Dans ce cas, il ne serait pas incongru que vous profitiez de cette journ\u00e9e pour l&rsquo;honorer. Comme ce serait la premi\u00e8re fois de l&rsquo;ann\u00e9e, il ne serait pas \u00e9tonnant qu&rsquo;elle y consente.<\/p>\n<p><strong> <\/strong><\/p>\n","protected":false},"excerpt":{"rendered":"<p>Internationales, mondiales ou nationales, comm\u00e9morons mais comm\u00e9morons malin !<\/p>\n","protected":false},"author":10,"featured_media":0,"comment_status":"open","ping_status":"closed","sticky":false,"template":"","format":"standard","meta":{"footnotes":""},"categories":[4],"tags":[],"class_list":{"0":"post-1135","1":"post","2":"type-post","3":"status-publish","4":"format-standard","6":"category-oxygene"},"_links":{"self":[{"href":"https:\/\/blog.causeur.fr\/antidote\/wp-json\/wp\/v2\/posts\/1135","targetHints":{"allow":["GET"]}}],"collection":[{"href":"https:\/\/blog.causeur.fr\/antidote\/wp-json\/wp\/v2\/posts"}],"about":[{"href":"https:\/\/blog.causeur.fr\/antidote\/wp-json\/wp\/v2\/types\/post"}],"author":[{"embeddable":true,"href":"https:\/\/blog.causeur.fr\/antidote\/wp-json\/wp\/v2\/users\/10"}],"replies":[{"embeddable":true,"href":"https:\/\/blog.causeur.fr\/antidote\/wp-json\/wp\/v2\/comments?post=1135"}],"version-history":[{"count":0,"href":"https:\/\/blog.causeur.fr\/antidote\/wp-json\/wp\/v2\/posts\/1135\/revisions"}],"wp:attachment":[{"href":"https:\/\/blog.causeur.fr\/antidote\/wp-json\/wp\/v2\/media?parent=1135"}],"wp:term":[{"taxonomy":"category","embeddable":true,"href":"https:\/\/blog.causeur.fr\/antidote\/wp-json\/wp\/v2\/categories?post=1135"},{"taxonomy":"post_tag","embeddable":true,"href":"https:\/\/blog.causeur.fr\/antidote\/wp-json\/wp\/v2\/tags?post=1135"}],"curies":[{"name":"wp","href":"https:\/\/api.w.org\/{rel}","templated":true}]}}