{"id":117,"date":"2007-06-02T21:01:43","date_gmt":"2007-06-02T20:01:43","guid":{"rendered":"http:\/\/carnet.causeur.fr\/antidote\/?p=117"},"modified":"2021-04-26T16:12:20","modified_gmt":"2021-04-26T14:12:20","slug":"soutien-aux-auteurs-de-la-femme-fatale","status":"publish","type":"post","link":"https:\/\/blog.causeur.fr\/antidote\/soutien-aux-auteurs-de-la-femme-fatale-117","title":{"rendered":"Soutien aux auteurs de &quot;la femme fatale&quot;"},"content":{"rendered":"<p><!--[if gte mso 9]&amp;gt;  Normal 0 21       MicrosoftInternetExplorer4  &amp;lt;![endif]--><\/p>\n<p class=\"MsoNormal\" style=\"text-align: justify\"><span style=\"font-family: Verdana\">Cette semaine, on a appris que Madame S\u00e9gol\u00e8ne Royal et Monsieur Fran\u00e7ois Hollande ont assign\u00e9 en justice les journalistes Ariane Chemin et Rapha\u00eblle Bacqu\u00e9 ainsi que leur \u00e9diteur. Ils portent plainte pour diffamation ainsi que pour atteinte \u00e0 la vie priv\u00e9e.<\/span><\/p>\n<p class=\"MsoNormal\" style=\"text-align: justify\"><span style=\"font-family: Verdana\">Je passe sur la diffamation. La justice examinera si le couple a \u00e9t\u00e9 effectivement diffam\u00e9. Je n&rsquo;ai pas les \u00e9l\u00e9ments pour me prononcer. En revanche, sur l&rsquo;atteinte \u00e0 la vie priv\u00e9e, j&rsquo;esp\u00e8re que Madame Royal et Monsieur Hollande seront d\u00e9bout\u00e9s. Et qu&rsquo;ils devront m\u00eame indemniser les journalistes pour proc\u00e9dure abusive. Qui a mis en sc\u00e8ne sa vie priv\u00e9e ? C&rsquo;est Madame Royal elle-m\u00eame en ouvrant les portes de sa chambre de maternit\u00e9 apr\u00e8s son accouchement lorsqu&rsquo;elle \u00e9tait ministre. C&rsquo;est Madame Royal, en avouant dans son dernier livre qu&rsquo;elle souhaitait se marier avec son concubin sur une pirogue \u00e0 l&rsquo;autre bout du monde. Que des journalistes veuillent alors enqu\u00eater sur une vie qui n&rsquo;a plus rien de priv\u00e9e, c&rsquo;est tout \u00e0 fait normal. Il y a quelque temps, Fran\u00e7ois Baroin a d\u00e9pos\u00e9 plainte pour atteinte \u00e0 la vie priv\u00e9e contre le magazine \u00ab\u00a0Bon week\u00a0\u00bb parce que ce dernier avait imprim\u00e9 sa liaison avec une journaliste c\u00e9l\u00e8bre. Il arguait qu&rsquo;il n&rsquo;avait jamais livr\u00e9 lui-m\u00eame sa vie priv\u00e9e et qu&rsquo;il n&rsquo;avait donc pas \u00e0 subir de \u00ab\u00a0droit de suite\u00a0\u00bb en quelque sorte. C&rsquo;est tout \u00e0 fait logique. Et cela n&rsquo;a rien \u00e0 voir avec le couple Hollande-Royal. D&rsquo;autant que si atteinte il y avait eu, ce n&rsquo;est pas de la part d&rsquo;Ariane Chemin et Rapha\u00eblle Bacqu\u00e9. Mais \u00e0 leurs entourages respectifs qui les ont aliment\u00e9es -que dis-je, gav\u00e9es !- en indiscr\u00e9tions de toutes sortes. Ils pourraient notamment d\u00e9poser plainte contre Monsieur Julien Dray, leur ami personnel,\u00a0 qui a r\u00e9p\u00e9t\u00e9 \u00e0 tout ce que Paris compte en journalistes politiques, que \u00ab\u00a0si Hollande rappelle Jospin, il ne reverra plus jamais ses enfants\u00a0\u00bb, phrase qui semble \u00eatre la plus vis\u00e9e par le d\u00e9p\u00f4t de plainte du couple. De m\u00eame, l&rsquo;\u00e9pisode du flagrant d\u00e9lit de tromperie ne peut \u00eatre arriv\u00e9 aux oreilles des deux journalistes que par Messieurs Dray (encore !) ou Rebsamen.<\/span><\/p>\n<p class=\"MsoNormal\" style=\"text-align: justify\"><span style=\"font-family: Verdana\"> <\/span><\/p>\n<p class=\"MsoNormal\" style=\"text-align: justify\"><span style=\"font-family: Verdana\">Ce livre est tr\u00e8s int\u00e9ressant. Les \u00e9pisodes conjugaux qu&rsquo;il relate ont eu des r\u00e9percussions sur la vie politique, sur la d\u00e9signation de la candidate de l&rsquo;un des deux plus grands partis de notre pays, sur la conduite de la campagne \u00e9lectorale, toute choses qui ont eu un effet d\u00e9cisif sur l&rsquo;\u00e9lection du Chef de l&rsquo;Etat. Il serait scandaleux que seuls des initi\u00e9s du tout-Paris-m\u00e9diatique soient mis au parfum. Les Citoyens eux aussi ont le droit de savoir. Que leurs \u00e9lecteurs connaissent leurs petites mesquineries et vengeances personnelles, c&rsquo;est sans doute cela que Madame Royal et Monsieur Hollande trouvent insupportable. Mais c&rsquo;est pourtant bien ainsi.<\/span><\/p>\n","protected":false},"excerpt":{"rendered":"<p>Cette semaine, on a appris que Madame S\u00e9gol\u00e8ne Royal et Monsieur Fran\u00e7ois Hollande ont assign\u00e9 en justice les journalistes Ariane Chemin et Rapha\u00eblle Bacqu\u00e9 ainsi que leur \u00e9diteur. Ils portent plainte pour diffamation ainsi que pour atteinte \u00e0 la vie priv\u00e9e. Je passe sur la diffamation. La justice examinera si le couple a \u00e9t\u00e9 effectivement [&hellip;]<\/p>\n","protected":false},"author":10,"featured_media":0,"comment_status":"open","ping_status":"closed","sticky":false,"template":"","format":"standard","meta":{"footnotes":""},"categories":[4],"tags":[],"class_list":{"0":"post-117","1":"post","2":"type-post","3":"status-publish","4":"format-standard","6":"category-oxygene"},"_links":{"self":[{"href":"https:\/\/blog.causeur.fr\/antidote\/wp-json\/wp\/v2\/posts\/117","targetHints":{"allow":["GET"]}}],"collection":[{"href":"https:\/\/blog.causeur.fr\/antidote\/wp-json\/wp\/v2\/posts"}],"about":[{"href":"https:\/\/blog.causeur.fr\/antidote\/wp-json\/wp\/v2\/types\/post"}],"author":[{"embeddable":true,"href":"https:\/\/blog.causeur.fr\/antidote\/wp-json\/wp\/v2\/users\/10"}],"replies":[{"embeddable":true,"href":"https:\/\/blog.causeur.fr\/antidote\/wp-json\/wp\/v2\/comments?post=117"}],"version-history":[{"count":0,"href":"https:\/\/blog.causeur.fr\/antidote\/wp-json\/wp\/v2\/posts\/117\/revisions"}],"wp:attachment":[{"href":"https:\/\/blog.causeur.fr\/antidote\/wp-json\/wp\/v2\/media?parent=117"}],"wp:term":[{"taxonomy":"category","embeddable":true,"href":"https:\/\/blog.causeur.fr\/antidote\/wp-json\/wp\/v2\/categories?post=117"},{"taxonomy":"post_tag","embeddable":true,"href":"https:\/\/blog.causeur.fr\/antidote\/wp-json\/wp\/v2\/tags?post=117"}],"curies":[{"name":"wp","href":"https:\/\/api.w.org\/{rel}","templated":true}]}}