{"id":119,"date":"2007-05-18T21:04:15","date_gmt":"2007-05-18T20:04:15","guid":{"rendered":"http:\/\/carnet.causeur.fr\/antidote\/?p=119"},"modified":"2021-04-26T16:12:20","modified_gmt":"2021-04-26T14:12:20","slug":"revue-deffectifs","status":"publish","type":"post","link":"https:\/\/blog.causeur.fr\/antidote\/revue-deffectifs-119","title":{"rendered":"Revue d&#039;effectifs"},"content":{"rendered":"<p><!--[if gte mso 9]&amp;gt;  Normal 0 21       MicrosoftInternetExplorer4  &amp;lt;![endif]--><\/p>\n<p class=\"MsoNormal\" style=\"text-align: justify\"><span style=\"font-family: Verdana\"> <strong>Alain Jupp\u00e9, ministre d&rsquo;Etat, ministre de l&rsquo;Ecologie, du d\u00e9veloppement et de l&rsquo;am\u00e9nagement durables<\/strong><\/span><\/p>\n<p class=\"MsoNormal\" style=\"text-align: justify\"><span style=\"font-family: Verdana\">Je l&rsquo;ai longtemps combattu. Pour moi, il restera cet \u00e9narque froid et d\u00e9connect\u00e9 qui voulait c\u00e9der Thomson, fleuron de notre industrie, \u00e0 Daewoo.<em>\u00ab\u00a0Thomson, cela ne vaut rien, c&rsquo;est des dettes\u00a0\u00bb<\/em> disait-il&#8230;..Esp\u00e9rons que les dossiers environnementaux ne feront pas les frais d&rsquo;une telle obsession comptable.<\/span><\/p>\n<p class=\"MsoNormal\" style=\"text-align: justify\"><span style=\"font-family: Verdana\"> <\/span><\/p>\n<p class=\"MsoNormal\" style=\"text-align: justify\"><strong><span style=\"font-family: Verdana\">Jean-Louis Borloo, ministre de l&rsquo;Economie, des Finances et de l&rsquo;Emploi<\/span><\/strong><\/p>\n<p class=\"MsoNormal\" style=\"text-align: justify\"><span style=\"font-family: Verdana\">Cela va d\u00e9coiffer \u00e0 Bercy ! A moins que les technocrates du minist\u00e8re de l&rsquo;Economie arrivent \u00e0 formater Borloo comme ils avaient r\u00e9ussi \u00e0 le faire avec Madelin en moins de deux mois en 1995.<\/span><\/p>\n<p class=\"MsoNormal\" style=\"text-align: justify\"><span style=\"font-family: Verdana\"> <\/span><\/p>\n<p class=\"MsoNormal\" style=\"text-align: justify\"><strong><span style=\"font-family: Verdana\">Mich\u00e8le Alliot-Marie, ministre de l&rsquo;Int\u00e9rieur, de l&rsquo;Outre-mer et des collectivit\u00e9s territoriales<\/span><\/strong><\/p>\n<p class=\"MsoNormal\" style=\"text-align: justify\"><span style=\"font-family: Verdana\">La dame de fer fran\u00e7aise va pouvoir donner sa pleine mesure. Il n&rsquo;y aura aucune faiblesse chez elle.\u00a0Et certainement, tr\u00e8s peu de souplesse&#8230;.Et il en faut davantage \u00e0 ce poste\u00a0qu&rsquo;\u00e0 la D\u00e9fense. <\/span><\/p>\n<p class=\"MsoNormal\" style=\"text-align: justify\"><span style=\"font-family: Verdana\"> <\/span><\/p>\n<p class=\"MsoNormal\" style=\"text-align: justify\"><strong><span style=\"font-family: Verdana\">Bernard Kouchner, ministre des Affaires \u00e9trang\u00e8res et europ\u00e9ennes<\/span><\/strong><\/p>\n<p class=\"MsoNormal\" style=\"text-align: justify\"><span style=\"font-family: Verdana\">Voir Article post\u00e9 pr\u00e9cedemment.<\/span><\/p>\n<p class=\"MsoNormal\" style=\"text-align: justify\"><span style=\"font-family: Verdana\"> <\/span><\/p>\n<p class=\"MsoNormal\" style=\"text-align: justify\"><strong><span style=\"font-family: Verdana\">Brice Hortefeux, ministre de l&rsquo;Immigration, de l&rsquo;Int\u00e9gration, de l&rsquo;Identit\u00e9 nationale et du Co-d\u00e9veloppement<\/span><\/strong><\/p>\n<p class=\"MsoNormal\" style=\"text-align: justify\"><span style=\"font-family: Verdana\">Je craignais qu&rsquo;il ne soit \u00e0 l&rsquo;Int\u00e9rieur. Cela me rappelait trop Poniatowski. Il h\u00e9rite d&rsquo;un poste tr\u00e8s expos\u00e9. Il lui faudra beaucoup de finesse. Ce n&rsquo;est pas une qualit\u00e9 qu&rsquo;il a \u00e9tal\u00e9e jusqu&rsquo;\u00e0 aujourd&rsquo;hui<\/span><\/p>\n<p class=\"MsoNormal\" style=\"text-align: justify\"><span style=\"font-family: Verdana\"> <\/span><\/p>\n<p class=\"MsoNormal\" style=\"text-align: justify\"><strong><span style=\"font-family: Verdana\">Rachida Dati, garde des Sceaux, ministre de la Justice<\/span><\/strong><\/p>\n<p class=\"MsoNormal\" style=\"text-align: justify\"><span style=\"font-family: Verdana\">Elle semble comp\u00e9tente puisqu&rsquo;elle est magistrate. Elle est un symbole d&rsquo;un ascenseur social qui peut encore fonctionner. Je l&rsquo;ai trouv\u00e9e cassante dans les d\u00e9bats t\u00e9l\u00e9vis\u00e9s. Il faudra qu&rsquo;elle soit un peu plus calme si elle souhaite r\u00e9ussir Place Vend\u00f4me.<\/span><\/p>\n<p class=\"MsoNormal\" style=\"text-align: justify\"><span style=\"font-family: Verdana\"> <\/span><\/p>\n<p class=\"MsoNormal\" style=\"text-align: justify\"><strong><span style=\"font-family: Verdana\">Xavier Bertrand, ministre du Travail, des Relations sociales et de la solidarit\u00e9<\/span><\/strong><\/p>\n<p class=\"MsoNormal\" style=\"text-align: justify\"><span style=\"font-family: Verdana\">Un type comp\u00e9tent, calme et pos\u00e9. Il sera redoutable lors des difficiles n\u00e9gociations avec les syndicats. Rompre le front syndical ne devrait pas lui poser de probl\u00e8mes.<\/span><\/p>\n<p class=\"MsoNormal\" style=\"text-align: justify\"><span style=\"font-family: Verdana\"> <\/span><\/p>\n<p class=\"MsoNormal\" style=\"text-align: justify\"><strong><span style=\"font-family: Verdana\">Xavier Darcos, ministre de l&rsquo;Education nationale<\/span><\/strong><\/p>\n<p class=\"MsoNormal\" style=\"text-align: justify\"><span style=\"font-family: Verdana\">LA satisfaction de cette liste. Proche des th\u00e8ses de \u00ab\u00a0Reconstruire l&rsquo;Ecole\u00a0\u00bb ou de \u00ab\u00a0Sauver les Lettres\u00a0\u00bb, il place le Savoir au centre du syst\u00e8me \u00e9ducatif. Il n&rsquo;avait pas pu donner sa mesure sous la tutelle de Luc Ferry entre 2002 et 2004. Cette fois-ci, il aura les mains libres.<\/span><\/p>\n<p class=\"MsoNormal\" style=\"text-align: justify\"><span style=\"font-family: Verdana\"> <\/span><\/p>\n<p class=\"MsoNormal\" style=\"text-align: justify\"><strong><span style=\"font-family: Verdana\">Val\u00e9rie P\u00e9cresse, ministre de l&rsquo;Enseignement sup\u00e9rieur et de la Recherche<\/span><\/strong><\/p>\n<p class=\"MsoNormal\" style=\"text-align: justify\"><span style=\"font-family: Verdana\">Elle a du talent. Elle a de bonnes id\u00e9es sur le sujet. Mais elle manque parfois de diplomatie. Il faudra qu&rsquo;en acqui\u00e8re. C&rsquo;est un minist\u00e8re \u00e0 manifs&#8230;<\/span><\/p>\n<p class=\"MsoNormal\" style=\"text-align: justify\"><span style=\"font-family: Verdana\"> <\/span><\/p>\n<p class=\"MsoNormal\" style=\"text-align: justify\"><strong><span style=\"font-family: Verdana\">Herv\u00e9 Morin, ministre de la D\u00e9fense<\/span><\/strong><\/p>\n<p class=\"MsoNormal\" style=\"text-align: justify\"><span style=\"font-family: Verdana\">Il a un profil int\u00e9ressant et semble pouvoir s&rsquo;adapter \u00e0 ce minist\u00e8re important.<\/span><\/p>\n<p class=\"MsoNormal\" style=\"text-align: justify\"><span style=\"font-family: Verdana\"> <\/span><\/p>\n<p class=\"MsoNormal\" style=\"text-align: justify\"><strong><span style=\"font-family: Verdana\">Roselyne Bachelot-Narquin, ministre de la Sant\u00e9, de la Jeunesse et des sports<\/span><\/strong><\/p>\n<p class=\"MsoNormal\" style=\"text-align: justify\"><span style=\"font-family: Verdana\">Elle devrait \u00eatre davantage \u00e0 son aise sur ce minist\u00e8re qu&rsquo;\u00e0 l&rsquo;environnement. Il ne faudra pas attendre de faiblesse de sa part vis-\u00e0 vis du dopage ; la r\u00e9union du sport et de la sant\u00e9 est d&rsquo;ailleurs un signe fort envoy\u00e9 aux sportifs \u00e0 cet \u00e9gard.<\/span><\/p>\n<p class=\"MsoNormal\" style=\"text-align: justify\"><span style=\"font-family: Verdana\"> <\/span><\/p>\n<p class=\"MsoNormal\" style=\"text-align: justify\"><strong><span style=\"font-family: Verdana\">Christine Boutin, ministre du Logement et de la Ville<\/span><\/strong><\/p>\n<p class=\"MsoNormal\" style=\"text-align: justify\"><span style=\"font-family: Verdana\">Elle \u00e9tonnera. Car son image publique est \u00e0 l&rsquo;oppos\u00e9 de sa personnalit\u00e9 r\u00e9elle. Si elle n&rsquo;a pas les moyens de sa politique, elle ruera dans les brancards<\/span><\/p>\n<p class=\"MsoNormal\" style=\"text-align: justify\"><span style=\"font-family: Verdana\"> <\/span><\/p>\n<p class=\"MsoNormal\" style=\"text-align: justify\"><strong><span style=\"font-family: Verdana\">Christine Lagarde, ministre de l&rsquo;Agriculture et de la P\u00eache<\/span><\/strong><\/p>\n<p class=\"MsoNormal\" style=\"text-align: justify\"><span style=\"font-family: Verdana\">Elle a \u00e9t\u00e9 nomm\u00e9e officiellement pour les n\u00e9gociations europ\u00e9ennes et mondiales et sur la feuille de route donn\u00e9e par le Pr\u00e9sident (Protection, protection, protection !). Mission difficile voire impossible. Sa mission officieuse\u00a0n&rsquo;est elle pas plut\u00f4t de faire oublier les promesses de la campagne ?<\/span><\/p>\n<p class=\"MsoNormal\" style=\"text-align: justify\"><span style=\"font-family: Verdana\"> <\/span><\/p>\n<p class=\"MsoNormal\" style=\"text-align: justify\"><strong><span style=\"font-family: Verdana\">Christine Albanel, ministre de la Culture et de la communication, porte-parole du gouvernement<\/span><\/strong><\/p>\n<p class=\"MsoNormal\" style=\"text-align: justify\"><span style=\"font-family: Verdana\">Conna\u00eet le monde culturel. Elle devrait \u00eatre \u00e0 l&rsquo;aise. Un peu trop \u00ab\u00a0parisienne\u00a0\u00bb ?<\/span><\/p>\n<p class=\"MsoNormal\" style=\"text-align: justify\"><span style=\"font-family: Verdana\"> <\/span><\/p>\n<p class=\"MsoNormal\" style=\"text-align: justify\"><strong><span style=\"font-family: Verdana\">Eric Woerth ministre du Budget, des Comptes publics et de la Fonction publique<\/span><\/strong><\/p>\n<p class=\"MsoNormal\" style=\"text-align: justify\"><span style=\"font-family: Verdana\">Nomm\u00e9 pour ne pas avoir \u00e0 nommer Cop\u00e9. Me devient donc particuli\u00e8rement sympathique&#8230;<\/span><\/p>\n<p class=\"MsoNormal\" style=\"text-align: justify\"><span style=\"font-family: Verdana\"> <\/span><\/p>\n<p class=\"MsoNormal\" style=\"text-align: justify\"><strong><span style=\"font-family: Verdana\">Roger Karoutchi, secr\u00e9taire d&rsquo;Etat aupr\u00e8s du Premier ministre, charg\u00e9 des Relations avec le Parlement<\/span><\/strong><\/p>\n<p class=\"MsoNormal\" style=\"text-align: justify\"><span style=\"font-family: Verdana\">la serpill\u00e8re. Pour un poste de serpill\u00e8re. Impeccable casting.<\/span><\/p>\n<p class=\"MsoNormal\" style=\"text-align: justify\"><span style=\"font-family: Verdana\"> <\/span><\/p>\n<p class=\"MsoNormal\" style=\"text-align: justify\"><strong><span style=\"font-family: Verdana\">Eric Besson, secr\u00e9taire d&rsquo;Etat aupr\u00e8s du Premier ministre, charg\u00e9 de la Prospective et de l&rsquo;\u00e9valuation des politiques publiques<\/span><\/strong><\/p>\n<p class=\"MsoNormal\" style=\"text-align: justify\"><span style=\"font-family: Verdana\">Il m&rsquo;a \u00e9t\u00e9 \u00e0 un moment sympathique car il \u00e9tait victime du m\u00e9pris de ses anciens amis. La mani\u00e8re dont il se venge aujourd&rsquo;hui en se laissant instrumentaliser n&rsquo;est pas digne.<\/span><\/p>\n<p class=\"MsoNormal\" style=\"text-align: justify\"><span style=\"font-family: Verdana\"> <\/span><\/p>\n<p class=\"MsoNormal\" style=\"text-align: justify\"><strong><span style=\"font-family: Verdana\">Dominique Bussereau, secr\u00e9taire d&rsquo;Etat aupr\u00e8s du ministre d&rsquo;Etat, ministre de l&rsquo;Ecologie, du D\u00e9veloppement et de l&rsquo;am\u00e9nagement durables, charg\u00e9 des Transports<\/span><\/strong><\/p>\n<p class=\"MsoNormal\" style=\"text-align: justify\"><span style=\"font-family: Verdana\">Il fallait un ami de Raffarin. Il sera charg\u00e9 de\u00a0suppl\u00e9er Jupp\u00e9 pour les n\u00e9gociations avec les cheminots.<\/span><\/p>\n<p class=\"MsoNormal\" style=\"text-align: justify\"><span style=\"font-family: Verdana\"> <\/span><\/p>\n<p class=\"MsoNormal\" style=\"text-align: justify\"><strong><span style=\"font-family: Verdana\">Jean-Pierre Jouyet, secr\u00e9taire d&rsquo;Etat aupr\u00e8s du ministre des Affaires \u00e9trang\u00e8res et europ\u00e9ennes charg\u00e9 des affaires europ\u00e9ennes<\/span><\/strong><\/p>\n<p class=\"MsoNormal\" style=\"text-align: justify\"><span style=\"font-family: Verdana\">Dommage collat\u00e9ral des sc\u00e8nes de m\u00e9nage Hollande \/ Royal. Ami intime du couple, Il a sans doute eu assez de se baisser pour \u00e9viter la vaisselle.<\/span><\/p>\n<p class=\"MsoNormal\" style=\"text-align: justify\"><span style=\"font-family: Verdana\"> <\/span><\/p>\n<p class=\"MsoNormal\" style=\"text-align: justify\"><strong><span style=\"font-family: Verdana\">Martin Hirsch, Haut commissaire aux solidarit\u00e9s actives contre la pauvret\u00e9<\/span><\/strong><\/p>\n<p class=\"MsoNormal\" style=\"text-align: justify\"><span style=\"font-family: Verdana\">Dans chaque gouvernement, il faut une caution caritative. Le Pr\u00e9sident d&rsquo;Emma\u00fcs : Sarkozy a fait fort.<\/span><\/p>\n<p class=\"MsoNormal\" style=\"text-align: justify\"><span style=\"font-family: Verdana\"> <\/span><\/p>\n<p class=\"MsoNormal\" style=\"text-align: justify\"><span style=\"font-family: Verdana\"> <\/span><\/p>\n","protected":false},"excerpt":{"rendered":"<p>Alain Jupp\u00e9, ministre d&rsquo;Etat, ministre de l&rsquo;Ecologie, du d\u00e9veloppement et de l&rsquo;am\u00e9nagement durables Je l&rsquo;ai longtemps combattu. Pour moi, il restera cet \u00e9narque froid et d\u00e9connect\u00e9 qui voulait c\u00e9der Thomson, fleuron de notre industrie, \u00e0 Daewoo.\u00ab\u00a0Thomson, cela ne vaut rien, c&rsquo;est des dettes\u00a0\u00bb disait-il&#8230;..Esp\u00e9rons que les dossiers environnementaux ne feront pas les frais d&rsquo;une telle [&hellip;]<\/p>\n","protected":false},"author":10,"featured_media":0,"comment_status":"open","ping_status":"closed","sticky":false,"template":"","format":"standard","meta":{"footnotes":""},"categories":[4],"tags":[],"class_list":{"0":"post-119","1":"post","2":"type-post","3":"status-publish","4":"format-standard","6":"category-oxygene"},"_links":{"self":[{"href":"https:\/\/blog.causeur.fr\/antidote\/wp-json\/wp\/v2\/posts\/119","targetHints":{"allow":["GET"]}}],"collection":[{"href":"https:\/\/blog.causeur.fr\/antidote\/wp-json\/wp\/v2\/posts"}],"about":[{"href":"https:\/\/blog.causeur.fr\/antidote\/wp-json\/wp\/v2\/types\/post"}],"author":[{"embeddable":true,"href":"https:\/\/blog.causeur.fr\/antidote\/wp-json\/wp\/v2\/users\/10"}],"replies":[{"embeddable":true,"href":"https:\/\/blog.causeur.fr\/antidote\/wp-json\/wp\/v2\/comments?post=119"}],"version-history":[{"count":0,"href":"https:\/\/blog.causeur.fr\/antidote\/wp-json\/wp\/v2\/posts\/119\/revisions"}],"wp:attachment":[{"href":"https:\/\/blog.causeur.fr\/antidote\/wp-json\/wp\/v2\/media?parent=119"}],"wp:term":[{"taxonomy":"category","embeddable":true,"href":"https:\/\/blog.causeur.fr\/antidote\/wp-json\/wp\/v2\/categories?post=119"},{"taxonomy":"post_tag","embeddable":true,"href":"https:\/\/blog.causeur.fr\/antidote\/wp-json\/wp\/v2\/tags?post=119"}],"curies":[{"name":"wp","href":"https:\/\/api.w.org\/{rel}","templated":true}]}}