{"id":1352,"date":"2010-12-10T22:48:27","date_gmt":"2010-12-10T21:48:27","guid":{"rendered":"http:\/\/carnet.causeur.fr\/antidote\/?p=1352"},"modified":"2021-04-26T16:11:24","modified_gmt":"2021-04-26T14:11:24","slug":"le-cas-duflot","status":"publish","type":"post","link":"https:\/\/blog.causeur.fr\/antidote\/le-cas-duflot-1352","title":{"rendered":"Le cas Duflot"},"content":{"rendered":"<p>C\u00e9cile Duflot est une fille de ma g\u00e9n\u00e9ration. Et, contrairement \u00e0 Yves Cochet, elle ne consid\u00e8re pas que faire des enfants constitue un acte anti-\u00e9cologique irresponsable. Voil\u00e0 au moins deux raisons de faire preuve d&rsquo;une certaine empathie envers elle. Pour le reste, j&rsquo;ai bien peur que nous ne soyons d&rsquo;accord sur pas grand chose. Mon gaullisme orthodoxe -c&rsquo;est \u00e0 dire authentique- doit lui para\u00eetre aussi ringard que son \u00e9cologisme bisounours[1. \u00ab\u00a0On ne dit pas cr\u00e9tin \u00e0 Jean-Vincent, Danny ! C&rsquo;est juste pas gentil\u00a0\u00bb.]\u00a0 m&rsquo;exasp\u00e8re.<\/p>\n<p>Mais C\u00e9cile Duflot est une personnalit\u00e9 politique de premier plan puisqu&rsquo;elle dirige une organisation politique qui a r\u00e9alis\u00e9 un score \u00e0 deux chiffres lors des derni\u00e8res \u00e9lections europ\u00e9ennes[2. M\u00eame si un bon r\u00e9sultat aux \u00e9lections europ\u00e9ennes ne garantit pas le succ\u00e8s aux \u00e9ch\u00e9ances nationales suivantes. Je ne suis pas forc\u00e9ment le moins bien plac\u00e9 pour en t\u00e9moigner.]. Et elle constitue donc un sujet politique \u00e0 part enti\u00e8re qu&rsquo;il convient d&rsquo;\u00e9tudier. Sa pr\u00e9sence de plus en plus importante dans les m\u00e9dias, dop\u00e9e par le r\u00e9cent congr\u00e8s de Europe-Ecologie-Les-Verts ainsi que la publication d&rsquo;un \u00e9trange classement international la concernant ont co\u00efncid\u00e9 avec une exp\u00e9rience bizarre de ma part : je me suis abonn\u00e9 \u00e0 son compte \u00ab\u00a0twitter\u00a0\u00bb.<\/p>\n<p>Pour ceux qui ne connaissent pas encore, Twitter est un r\u00e9seau informatique qui permet de communiquer en 140 signes maximum avec tous ceux qui souhaitent vous suivre en s&rsquo;abonnant \u00e0 votre compte. Il va de soi que vous pouvez aussi vous abonner aux comptes d&rsquo;autres personnes sans que la r\u00e9ciproque soit obligatoire[3. Contrairement \u00e0 Facebook o\u00f9 la r\u00e9ciprocit\u00e9 est impos\u00e9e.]. Tr\u00e8s fr\u00e9quent\u00e9 par les journalistes et les personnalit\u00e9s politiques, ce bistrot g\u00e9ant permet au blogueur provincial que je suis d&rsquo;approcher le microcosme parisien. Sans bouger de chez moi. Mon bilan carbone et surtout mon porte-monnaie ne s&rsquo;en portent pas plus mal.<\/p>\n<p>Donc, je fais partie des 7340 abonn\u00e9s de C\u00e9cile Duflot. Parmi eux, les bataillons d&rsquo;\u00e9colos pr\u00e9sents sur le r\u00e9seau et, bien entendu, tous les journalistes abonn\u00e9s \u00e0 Twitter. Hier soir, la secr\u00e9taire g\u00e9n\u00e9rale d&rsquo;EELV a post\u00e9 le message suivant (en deux fois puisque sup\u00e9rieur aux 140 signes) :<em> \u00ab\u00a0Et voil\u00e0.. Mes twitts anecdotiques ou 2nd degr\u00e9 (bon test pour d\u00e9tecter les pisse froid) se retrouvent comme commentaires ds la presse&#8230; et donc je vais devoir arr\u00eater twittmachin&#8230; Ou alors juste du genre :  Demain RTL 7h50 Et bonne nuit qd m\u00eame&#8230;\u00a0\u00bb. <\/em>P\u00f4oovre C\u00e9cile ! D&rsquo;ignobles journalistes reprennent ses messages dans leurs articles voire se moquent d&rsquo;elle ! On a peine \u00e0 croire que cette militante rompue \u00e0 la fameuse d\u00e9mocratie interne des \u00e9cologistes, \u00e0 c\u00f4t\u00e9 de laquelle le PS appara\u00eet monolithique, conserve une telle candeur. Croire qu&rsquo;aucun n&rsquo;aura la tentation de reprendre des messages comme :<em>\u00abOuaiiiis y&rsquo;a pas d&rsquo;ecole !!!! Ouaiiiis on rentre a la maison !!! Ouaiiiiis on va jouer \u00e0 la neige !!!!!\u00a0\u00bb<\/em>, c&rsquo;est faire preuve d&rsquo;une na\u00efvet\u00e9 qu&rsquo;on trouve souvent chez les coll\u00e9giennes toujours fort \u00e9tonn\u00e9es que certaines photos ol\u00e9-ol\u00e9 prises par leurs petits amis peuvent se retrouver aussi facilement sur le mur \u00ab\u00a0facebook\u00a0\u00bb de tous les potes du bahut.<\/p>\n<p>Et puis il y a ce fameux classement publi\u00e9 par le journal <em>Foreign Policy<\/em> sur les penseurs qui influencent le monde. DSK y figure \u00e0 la troisi\u00e8me place mais la surprise fran\u00e7aise se situe \u00e0 la trente-deuxi\u00e8me o\u00f9 l&rsquo;on trouve C\u00e9cile Duflot. Elle-m\u00eame ne s&rsquo;en formalise pas puisque, modestement, elle se dit \u00ab\u00a0interloqu\u00e9e \u00e0 titre personnel\u00a0\u00bb mais \u00ab\u00a0contente \u00e0 titre collectif\u00a0\u00bb, puisque \u00ab\u00a0cela confirme l&rsquo;ancrage de l&rsquo;\u00e9cologie politique au niveau de la plan\u00e8te\u00a0\u00bb. S&rsquo;agit-il de fausse modestie ? Peut-\u00eatre suis-je encore davantage na\u00eff que je la soup\u00e7onnais elle-m\u00eame plus haut ? Fait-elle dans le marketing politique en pr\u00e9emptant l&rsquo;image de la m\u00e8re de famille sympa et \u00e9colo quiseprendpaslat\u00eate ou est-elle r\u00e9ellement cette trentenaire qu&rsquo;on imagine regarder Goldorak avec nostalgie, vingt-cinq ans apr\u00e8s, la larme a l&rsquo;oeil, en r\u00e9\u00e9coutant Actarus jurant de sauver les petits oiseaux de cette Plan\u00e8te bleue ?<\/p>\n<p>Quitte \u00e0 prendre le risque de tomber dans la candeur \u00e0 mon tour et de susciter la moquerie de mes camarades, j&rsquo;ai tendance \u00e0 pencher pour la seconde solution. Cette tendance \u00e0 raconter sa vie -jusqu&rsquo;aux r\u00e9actions enjou\u00e9es de sa prog\u00e9niture- de mani\u00e8re assez impudique \u00e0 un nombre de personnes pouvant remplir une salle de spectacle comme le Z\u00e9nith, nous r\u00e9v\u00e8le que C\u00e9cile Duflot est bien une trentenaire fran\u00e7aise en 2010. Furieusement de son \u00e9poque. Malheureusement. Ce que la g\u00e9n\u00e9ration Sarkozy-Royal a initi\u00e9, celle d&rsquo;apr\u00e8s vit dedans, en est totalement impr\u00e9gn\u00e9e. Le partage de l&rsquo;\u00e9motion, la pr\u00e9\u00e9minence du cerveau gauche, ch\u00e8re \u00e0 S\u00e9gu\u00e9la, la g\u00e9n\u00e9ration de C\u00e9cile Duflot[5. Et donc la mienne, par la m\u00eame occasion, mais je me soigne.] les fait siennes sans le savoir, comme Monsieur Jourdain. De m\u00eame, la mani\u00e8re dont elle avoue \u00e0 demi-mots sa peur du principe de Peter lorsqu&rsquo;un journaliste \u00e9voque devant elle la perspective d&rsquo;une candidature pr\u00e9sidentielle, au point m\u00eame de pousser Eva Joly, qui pourtant semble encore moins faite pour le job, plaide pour la sinc\u00e9rit\u00e9 de sa d\u00e9marche[6. A moins qu&rsquo;elle ne refl\u00e8te la trouille, comme dirait Jean-Claude Dusse \u00e0 Popeye.].<\/p>\n<p>Tout cela fait de C\u00e9cile Duflot un personnage\u00a0 exasp\u00e9rant et attachant \u00e0 la fois. On la croirait prof de SVT sortie d&rsquo;un roman de J\u00e9r\u00f4me Leroy avec sa voix criarde et son langage d&rsquo;ado. Lorsque Cop\u00e9 utilise l&rsquo;expression \u00ab\u00a0c&rsquo;est juste pas possible\u00a0\u00bb dans un d\u00e9bat, on sait que c&rsquo;est du fabriqu\u00e9, pour faire djeuns. Quand c&rsquo;est C\u00e9cile Duflot et que Yann Barthes la montre -et la moque- utiliser dix expressions du m\u00eame genre dans la m\u00eame \u00e9mission, on est certain qu&rsquo;il s&rsquo;agit bien de son langage de tous les jours. Quand je pense que je reprends ma fille lorsqu&rsquo;elle utilise des \u00ab\u00a0trop\u00a0\u00bb intempestifs, je me demande si je ne p\u00e8che pas par s\u00e9v\u00e9rit\u00e9. Comment lui en vouloir alors que m\u00eame la trente-deuxi\u00e8me penseuse mondiale n&rsquo;est pas avare en adverbes mal plac\u00e9s ? Mais cette envie de lui donner des claques, ou tout simplement de zapper est imm\u00e9diatement contrebalanc\u00e9e par quelque chose d&rsquo;autre qui nous en rapproche. Il semble bien -mais je r\u00e9p\u00e8te que je peux me tromper- que C\u00e9cile Duflot, au contraire de la plupart de ceux qui fr\u00e9quentent le marigot politique, soit obnubil\u00e9e par autre chose que son nombril. Qu&rsquo;il me soit donc permis, apr\u00e8s ce compliment, qui j&rsquo;en suis s\u00fbr lui ira droit au c\u0153ur, de lui donner un conseil. Ce n&rsquo;est pas parce qu&rsquo;on est humble, et qu&rsquo;on est r\u00e9ellement une militante fille du peuple, que l&rsquo;on ne doit pas surveiller sa syntaxe. Et puis, effectivement, Madame Duflot, puisque je sais que vous me lirez, ne racontez pas votre vie quotidienne sur twitter. Dites nous plut\u00f4t ce que vous pensez. Puisque votre pens\u00e9e est si bien class\u00e9e.<\/p>\n","protected":false},"excerpt":{"rendered":"<p>Exasp\u00e9rante&#8230;mais attachante.<\/p>\n","protected":false},"author":10,"featured_media":0,"comment_status":"open","ping_status":"closed","sticky":false,"template":"","format":"standard","meta":{"footnotes":""},"categories":[4],"tags":[],"class_list":{"0":"post-1352","1":"post","2":"type-post","3":"status-publish","4":"format-standard","6":"category-oxygene"},"_links":{"self":[{"href":"https:\/\/blog.causeur.fr\/antidote\/wp-json\/wp\/v2\/posts\/1352","targetHints":{"allow":["GET"]}}],"collection":[{"href":"https:\/\/blog.causeur.fr\/antidote\/wp-json\/wp\/v2\/posts"}],"about":[{"href":"https:\/\/blog.causeur.fr\/antidote\/wp-json\/wp\/v2\/types\/post"}],"author":[{"embeddable":true,"href":"https:\/\/blog.causeur.fr\/antidote\/wp-json\/wp\/v2\/users\/10"}],"replies":[{"embeddable":true,"href":"https:\/\/blog.causeur.fr\/antidote\/wp-json\/wp\/v2\/comments?post=1352"}],"version-history":[{"count":0,"href":"https:\/\/blog.causeur.fr\/antidote\/wp-json\/wp\/v2\/posts\/1352\/revisions"}],"wp:attachment":[{"href":"https:\/\/blog.causeur.fr\/antidote\/wp-json\/wp\/v2\/media?parent=1352"}],"wp:term":[{"taxonomy":"category","embeddable":true,"href":"https:\/\/blog.causeur.fr\/antidote\/wp-json\/wp\/v2\/categories?post=1352"},{"taxonomy":"post_tag","embeddable":true,"href":"https:\/\/blog.causeur.fr\/antidote\/wp-json\/wp\/v2\/tags?post=1352"}],"curies":[{"name":"wp","href":"https:\/\/api.w.org\/{rel}","templated":true}]}}