{"id":1398,"date":"2010-12-18T15:33:12","date_gmt":"2010-12-18T14:33:12","guid":{"rendered":"http:\/\/carnet.causeur.fr\/antidote\/?p=1398"},"modified":"2021-04-26T16:11:24","modified_gmt":"2021-04-26T14:11:24","slug":"avec-de-tels-ennemis-marine-le-pen-na-pas-besoin-damis","status":"publish","type":"post","link":"https:\/\/blog.causeur.fr\/antidote\/avec-de-tels-ennemis-marine-le-pen-na-pas-besoin-damis-1398","title":{"rendered":"Avec de tels ennemis, Marine Le Pen n&#039;a pas besoin d&#039;amis !"},"content":{"rendered":"<p>Les finances du Front National, dit-on, ne sont gu\u00e8re florissantes. Mais pour la famille Le Pen, finalement, tout cela n&rsquo;est pas si grave. Les d\u00e9penses que leur parti ne peut plus consacrer en tracts et autres mat\u00e9riels de propagande peuvent largement \u00eatre compens\u00e9es par la formidable propension de leurs adversaires auto-proclam\u00e9s \u00e0 prendre le relais.<\/p>\n<p><span style=\"text-decoration: underline\"><em><strong>Lyon, le 11 d\u00e9cembre dernier.<\/strong><\/em><\/span><\/p>\n<p>Marine Le Pen est en campagne interne pour la pr\u00e9sidence du FN sur les terres de son rival Bruno Gollnisch. Depuis quelques temps, son p\u00e8re et elle sont attaqu\u00e9s par les journaux <em>Minute<\/em> et <em>Rivarol<\/em> qui pr\u00e9f\u00e8rent le Lyonnais. Elle souhaite absolument d\u00e9faire son parti de ses vieux oripeaux, p\u00e9tainistes voire r\u00e9visionnistes. La veille sur France 2, elle parle d&rsquo;abomination quand son p\u00e8re \u00e9voquait un d\u00e9tail \u00e0 propos de l&rsquo;extermination des juifs pendant la seconde guerre mondiale. C&rsquo;est ainsi que, quand elle s&rsquo;adresse \u00ab\u00a0\u00e0 ceux qui n&rsquo;ont que la seconde guerre mondiale \u00e0 la bouche\u00a0\u00bb, ce n&rsquo;est pas \u00e0 la gauche qu&rsquo;elle pense mais bien \u00e0 ses adversaires frontistes du jour. Les journalistes Christophe Forcari, de <em>Lib\u00e9ration<\/em>, et Germain Treil, de <em>France Info<\/em>, expliquent ce malentendu \u00e0 Daniel Schneidermann dans une <a href=\"http:\/\/www.dailymotion.com\/video\/xg5zgf_occupation-le-malentendu-marine-le-pen_news\" target=\"_blank\" rel=\"noopener\">vid\u00e9o<\/a>. D&rsquo;autres sources m&rsquo;ont confirm\u00e9 cette interpr\u00e9tation.<\/p>\n<p><span style=\"text-decoration: underline\"><em><strong>Samedi 12 d\u00e9cembre<\/strong><\/em><\/span><\/p>\n<p>Ouf ! Elle a jet\u00e9 le masque. C&rsquo;est bien la fille de son p\u00e8re, r\u00e9p\u00e8te t-on en boucle. Pendant toute la semaine, quasisment toute la presse, y compris le journal de Christophe Forcari \u00e0 sa une, nous explique que Marine Le Pen tentait de d\u00e9border Gollnisch sur sa droite montrant qu&rsquo;elle \u00e9tait bien la fille de son p\u00e8re, avec une comparaison douteuse dont la famille a le secret, alors que la vice-pr\u00e9sidente du FN, au contraire, exhortait les siens d&rsquo;oublier un peu le pass\u00e9 et l&rsquo;Occupation, pour se consacrer au pr\u00e9sent et \u00e0 des occupations bien plus actuelles. Le signal a notamment \u00e9t\u00e9 donn\u00e9 par l&rsquo;UMP \u00e0 son conseil national, Jean-Fran\u00e7ois Cop\u00e9 en t\u00eate, tout frais \u00e9moulu secr\u00e9taire g\u00e9n\u00e9ral. La Gauche n&rsquo;est pas en reste, bien entendu.<\/p>\n<p><span style=\"text-decoration: underline\"><em><strong>Lundi 13 d\u00e9cembre<\/strong><\/em><\/span><\/p>\n<p>Marine Le Pen ne s&rsquo;attendait pas \u00e0 un tel d\u00e9ferlement sur une phrase \u00e0 usage interne d&rsquo;autant qu&rsquo;elle a \u00e9t\u00e9 interpr\u00e9t\u00e9e \u00e0 contresens. Mais les premi\u00e8res r\u00e9actions dans les fils de discussion sur internet lui donnent un indice, qui sera confirm\u00e9 par les sondages deux ou trois jours plus tard : beaucoup de Fran\u00e7ais ne lui tiennent pas rigueur de cette phrase, m\u00eame mal comprise. Elle d\u00e9cide donc de faire sienne la version donn\u00e9e par la presse et tient conf\u00e9rence o\u00f9 elle dit persister et signer. Ainsi, elle conjugue son go\u00fbt de la provocation, qu&rsquo;elle a h\u00e9rit\u00e9 de son p\u00e8re mais qu&rsquo;elle r\u00e9fr\u00e8ne le plus souvent, avec un coup politique servi sur un plateau par ses adversaires. Ces derniers vont continuer \u00e0 s&rsquo;enfoncer lamentablement.<\/p>\n<p><span style=\"text-decoration: underline\"><em><strong>Jours suivants<\/strong><\/em><\/span><\/p>\n<p>Les premiers sondages arrivent. Et tout le monde est bien oblig\u00e9 de constater que les pri\u00e8res de la rue Myhra ne d\u00e9clenchent pas forc\u00e9ment l&#8217;empathie la plus \u00e9vidente dans l&rsquo;opinion. Tout ce joli monde, <a href=\"http:\/\/www.causeur.fr\/le-ps-piege-par-le-multiculturalisme,8138\" target=\"_blank\" rel=\"noopener\">notamment le PS en colloque<\/a>, va donc commencer \u00e0 condamner cet \u00e9tat de fait, contre lequel on n&rsquo;a strictement rien fait depuis des mois, pr\u00e9fecture de police et mairie de Paris r\u00e9unies. Mais c&rsquo;est pour mieux regretter le manque de lieux de culte musulmans, qui en serait \u00e0 l&rsquo;origine. Pas de bol : si, globalement en France, ce manque demeure un r\u00e9el probl\u00e8me, ce n&rsquo;est pas le cas pour l&rsquo;histoire qui nous occupe. La Grande Mosqu\u00e9e de Paris -avec son superbe minaret- est vide \u00e0 la m\u00eame heure que les pri\u00e8res de rue du XVIIIe arrondissement. Et le Recteur Boubakeur a d\u00e9j\u00e0 invit\u00e9 tous les fid\u00e8les \u00e0 venir y exercer leur culte plut\u00f4t que de bloquer la circulation. Boubakeur n&rsquo;est pas fou. Il sait bien que l&rsquo;origine de cette occupation n&rsquo;a rien de pieuse mais est belle et bien politique. Une grande majorit\u00e9 ne vient pas du XVIIIe arrondissement mais de tout Paris et m\u00eame des d\u00e9partements limitrophes. Ce qui implique deux conclusions : il n&rsquo;y a pas d&rsquo;islamisation[1. Comme le disait Guy Birenbaum \u00e0 Ivan Rioufol cette semaine. Ou comme l&rsquo;expliquait Emmanuel Todd \u00e0 <em>Ce soir ou jamais<\/em>.] puisqu&rsquo;il faut que l&rsquo;on vienne de tous les d\u00e9partements de la petite couronne pour occuper la rue Myhra en priant. Mais en niant le fait que cette occupation du domaine public a bien une origine fondamentaliste, on fait croire le contraire. Ainsi Lib\u00e9 et Cop\u00e9 font le boulot bien plus efficacement que Riposte La\u00efque, le bloc identitaire et Ivan Rioufol r\u00e9unis pour sugg\u00e9rer cette id\u00e9e d&rsquo;islamisation. En l&rsquo;occurrence, faire croire que les deux-mille prieurs de la rue Myhra habitent tous le quartier, c&rsquo;est encore bien plus irresponsable que d&rsquo;y jeter de l&rsquo;huile sur le feu en organisant en ap\u00e9ro-saucisson.<\/p>\n<p>C&rsquo;est pourtant simple de dire non sans ostentation ; simple de voter une loi efficace sur le voile \u00e0 l&rsquo;\u00e9cole en 1989 au lieu d&rsquo;attendre 2003 ; simple de prendre, contre burqa et niqab, un arr\u00eat\u00e9 minist\u00e9riel[2. Sur la m\u00eame base juridique que les arr\u00eat\u00e9s municipaux pris par certains maires pour interdire de d\u00e9ambuler en maillots de bain dans les rues de stations baln\u00e9aires.] au lieu de laisser pourrir la situation et d&rsquo;\u00eatre contraint de faire voter une loi ; simple d&rsquo;interdire la premi\u00e8re pri\u00e8re en pleine rue Myhra au lieu d&rsquo;attendre que tout le quartier soit bloqu\u00e9 et que ce soit la vice-pr\u00e9sidente du FN qui s&rsquo;en \u00e9meuve et se mette 54 % des sond\u00e9s dans la poche ; simple de refuser ces histoires de nourriture hallal alors que cela ne posait aucun probl\u00e8me \u00e0 la tr\u00e8s grande majorit\u00e9 des musulmans, il y a encore dix ans, de manger autrement ; simple de dire non \u00e0 ceux qui r\u00e9clament des horaires am\u00e9nag\u00e9s dans les piscines[3. En l&rsquo;occurrence, la preuve qu&rsquo;on peut dire non, c&rsquo;est que c&rsquo;est le cas de la quasi-totalit\u00e9 des maires et que seuls malheureux avant-gardistes ont eu cette faiblesse. N&rsquo;est ce pas Jean-Luc M\u00e9lenchon qui a \u00e9crit qu&rsquo;il saurait rappeler \u00e0 Martine Aubry l&rsquo;histoire des piscines lilloises ?].<\/p>\n<p>En faisant preuve de cette coupable faiblesse face aux revendications d&rsquo;origine politique et donc fondamentaliste, nos Diafoirus ne risquent pas seulement d&rsquo;amener Marine Le Pen au second tour de la prochaine pr\u00e9sidentielle avec des chances plus s\u00e9rieuses de bien y figurer, ils finissent par pousser, aussi efficacement -sinon davantage- que ceux qui organisent aujourd&rsquo;hui des assises europ\u00e9ennes contre l&rsquo;islamisation, des bataillons plus nombreux de musulmans mod\u00e9r\u00e9s dans les bras accueillants des int\u00e9gristes. Bel exploit !<\/p>\n","protected":false},"excerpt":{"rendered":"<p>Une semaine comme un symbole.<\/p>\n","protected":false},"author":10,"featured_media":0,"comment_status":"open","ping_status":"closed","sticky":false,"template":"","format":"standard","meta":{"footnotes":""},"categories":[5],"tags":[],"class_list":{"0":"post-1398","1":"post","2":"type-post","3":"status-publish","4":"format-standard","6":"category-sulfate"},"_links":{"self":[{"href":"https:\/\/blog.causeur.fr\/antidote\/wp-json\/wp\/v2\/posts\/1398","targetHints":{"allow":["GET"]}}],"collection":[{"href":"https:\/\/blog.causeur.fr\/antidote\/wp-json\/wp\/v2\/posts"}],"about":[{"href":"https:\/\/blog.causeur.fr\/antidote\/wp-json\/wp\/v2\/types\/post"}],"author":[{"embeddable":true,"href":"https:\/\/blog.causeur.fr\/antidote\/wp-json\/wp\/v2\/users\/10"}],"replies":[{"embeddable":true,"href":"https:\/\/blog.causeur.fr\/antidote\/wp-json\/wp\/v2\/comments?post=1398"}],"version-history":[{"count":0,"href":"https:\/\/blog.causeur.fr\/antidote\/wp-json\/wp\/v2\/posts\/1398\/revisions"}],"wp:attachment":[{"href":"https:\/\/blog.causeur.fr\/antidote\/wp-json\/wp\/v2\/media?parent=1398"}],"wp:term":[{"taxonomy":"category","embeddable":true,"href":"https:\/\/blog.causeur.fr\/antidote\/wp-json\/wp\/v2\/categories?post=1398"},{"taxonomy":"post_tag","embeddable":true,"href":"https:\/\/blog.causeur.fr\/antidote\/wp-json\/wp\/v2\/tags?post=1398"}],"curies":[{"name":"wp","href":"https:\/\/api.w.org\/{rel}","templated":true}]}}