{"id":148,"date":"2006-12-08T21:59:56","date_gmt":"2006-12-08T20:59:56","guid":{"rendered":"http:\/\/carnet.causeur.fr\/antidote\/?p=148"},"modified":"2021-04-26T16:12:31","modified_gmt":"2021-04-26T14:12:31","slug":"segolene-se-decouvre-souverainiste","status":"publish","type":"post","link":"https:\/\/blog.causeur.fr\/antidote\/segolene-se-decouvre-souverainiste-148","title":{"rendered":"S\u00e9gol\u00e8ne se d\u00e9couvre souverainiste"},"content":{"rendered":"<p><!--[if gte mso 9]&amp;gt;  Normal 0 21       MicrosoftInternetExplorer4  &amp;lt;![endif]--><\/p>\n<p class=\"MsoNormal\" style=\"text-align: justify\"><span style=\"font-family: Verdana\">Quelle ne fut pas ma surprise ce matin en entendant que S\u00e9gol\u00e8ne Royal trouvait anormal que le pouvoir mon\u00e9taire ne soit pas d\u00e9volu \u00e0 des Etats d\u00e9mocratiquement \u00e9lus.<\/span><\/p>\n<p class=\"MsoNormal\" style=\"text-align: justify\"><span style=\"font-family: Verdana\">Pour la plupart des gens, c&rsquo;est effectivement le bon sens. Mais tous les \u00ab\u00a0experts\u00a0\u00bb depuis une bonne vingtaine d&rsquo;ann\u00e9es expliquent doctement qu&rsquo;il est impensable de confier la Monnaie aux mains maladroites des hommes politiques, lesquels pourraient \u00eatre influenc\u00e9s, quelle horreur, par le suffrage universel. C&rsquo;est dans cet esprit que la monnaie unique europ\u00e9enne fut pens\u00e9e et mise en oeuvre dans le Trait\u00e9 de Maastricht, dont une courte majorit\u00e9 des Fran\u00e7ais accepta la ratification.<\/span><\/p>\n<p class=\"MsoNormal\" style=\"text-align: justify\"><span style=\"font-family: Verdana\">Pourtant, pendant cette campagne r\u00e9f\u00e9rendaire qui date de bient\u00f4t quinze ans, les partisans du Non, dont j&rsquo;ai l&rsquo;honneur d&rsquo;avoir \u00e9t\u00e9, expliqu\u00e8rent en long, en large et en travers le caract\u00e8re anti-d\u00e9mocratique de cette disposition. L&rsquo;ind\u00e9pendance de la banque centrale europ\u00e9enne par rapport au pouvoir politique viole le pacte r\u00e9publicain. Notre h\u00e9raut d&rsquo;alors, Philippe S\u00e9guin, dit en substance au Pr\u00e9sident Mitterrand : \u00a0\u00bb le pouvoir qu&rsquo;on enl\u00e8ve au Peuple, on ne le donne pas \u00e0 une r\u00e9union de Peuples mais \u00e0 un organe responsable devant personne\u00a0\u00bb. Il ajoutait aussi que les statuts de la BCE ne lui donnaient pour objectif que de lutter contre l&rsquo;inflation. Pas question, de croissance, ni d&#8217;emploi, ni d&rsquo;autres choses vulgaires aux yeux des id\u00e9ologues f\u00e9d\u00e9ralistes. Cette politique, d&rsquo;abord de pr\u00e9paration \u00e0 la monnaie unique puis de la mise en place de l&rsquo;Euro nous ont co\u00fbt\u00e9 un lourt tribut en terme de ch\u00f4meurs. Mais cela n&rsquo;interesse pas Monsieur Trichet.<\/span><\/p>\n<p class=\"MsoNormal\" style=\"text-align: justify\"><span style=\"font-family: Verdana\">Le probl\u00e8me, c&rsquo;est qu&rsquo;en 1992, cela n&rsquo;int\u00e9ressait pas beaucoup Madame Royal non plus. Les partisans du Non \u00e9taient tellement infr\u00e9quentables \u00e0 ses yeux (s&rsquo;opposer \u00e0 la construction europ\u00e9enne, quelle horreur..) qu&rsquo;elle alla jusqu&rsquo;\u00e0 boycotter l&rsquo;\u00e9lection de S\u00e9guin au perchoir l&rsquo;ann\u00e9e suivante. Elle fut d&rsquo;ailleurs la seule des 577 d\u00e9put\u00e9s \u00e0 proc\u00e9der de la sorte. Qu&rsquo;elle reprenne aujourd&rsquo;hui son discours constitue une revanche de l&rsquo;Histoire. <\/span><\/p>\n<p class=\"MsoNormal\" style=\"text-align: justify\"><span style=\"font-family: Verdana\">Mais, pour autant, est-elle sinc\u00e8re ? Remettra t&rsquo;elle en cause la BCE, l&rsquo;Euro tel qu&rsquo;il est g\u00e9r\u00e9 si elle parvient \u00e0 la magistrature supr\u00eame ? Rien n&rsquo;est moins s\u00fbr. Les id\u00e9es r\u00e9publicaines ont souvent servi \u00e0 gagner ces derni\u00e8res ann\u00e9es mais elles ne furent que des promesses sans lendemain. Chirac abandonna son r\u00e9ferendum promis sur l&rsquo;euro, Lionel Jospin accepta la monnaie unique sans gouvernement \u00e9conomique \u00e0 Amsterdam. <\/span><\/p>\n<p class=\"MsoNormal\" style=\"text-align: justify\"><span style=\"font-family: Verdana\">Pourquoi faire confiance \u00e0 S\u00e9gol\u00e8ne Royal qui reprend sans vergogne l&rsquo;argumentaire de ceux qu&rsquo;elle insultait quinze ans plus t\u00f4t <\/span><\/p>\n","protected":false},"excerpt":{"rendered":"<p>Quelle ne fut pas ma surprise ce matin en entendant que S\u00e9gol\u00e8ne Royal trouvait anormal que le pouvoir mon\u00e9taire ne soit pas d\u00e9volu \u00e0 des Etats d\u00e9mocratiquement \u00e9lus. Pour la plupart des gens, c&rsquo;est effectivement le bon sens. Mais tous les \u00ab\u00a0experts\u00a0\u00bb depuis une bonne vingtaine d&rsquo;ann\u00e9es expliquent doctement qu&rsquo;il est impensable de confier la [&hellip;]<\/p>\n","protected":false},"author":10,"featured_media":0,"comment_status":"open","ping_status":"closed","sticky":false,"template":"","format":"standard","meta":{"footnotes":""},"categories":[4],"tags":[],"class_list":{"0":"post-148","1":"post","2":"type-post","3":"status-publish","4":"format-standard","6":"category-oxygene"},"_links":{"self":[{"href":"https:\/\/blog.causeur.fr\/antidote\/wp-json\/wp\/v2\/posts\/148","targetHints":{"allow":["GET"]}}],"collection":[{"href":"https:\/\/blog.causeur.fr\/antidote\/wp-json\/wp\/v2\/posts"}],"about":[{"href":"https:\/\/blog.causeur.fr\/antidote\/wp-json\/wp\/v2\/types\/post"}],"author":[{"embeddable":true,"href":"https:\/\/blog.causeur.fr\/antidote\/wp-json\/wp\/v2\/users\/10"}],"replies":[{"embeddable":true,"href":"https:\/\/blog.causeur.fr\/antidote\/wp-json\/wp\/v2\/comments?post=148"}],"version-history":[{"count":0,"href":"https:\/\/blog.causeur.fr\/antidote\/wp-json\/wp\/v2\/posts\/148\/revisions"}],"wp:attachment":[{"href":"https:\/\/blog.causeur.fr\/antidote\/wp-json\/wp\/v2\/media?parent=148"}],"wp:term":[{"taxonomy":"category","embeddable":true,"href":"https:\/\/blog.causeur.fr\/antidote\/wp-json\/wp\/v2\/categories?post=148"},{"taxonomy":"post_tag","embeddable":true,"href":"https:\/\/blog.causeur.fr\/antidote\/wp-json\/wp\/v2\/tags?post=148"}],"curies":[{"name":"wp","href":"https:\/\/api.w.org\/{rel}","templated":true}]}}