{"id":151,"date":"2006-11-22T22:03:59","date_gmt":"2006-11-22T21:03:59","guid":{"rendered":"http:\/\/carnet.causeur.fr\/antidote\/?p=151"},"modified":"2021-04-26T16:12:31","modified_gmt":"2021-04-26T14:12:31","slug":"freche-adorerait-il-la-discrimination-positive","status":"publish","type":"post","link":"https:\/\/blog.causeur.fr\/antidote\/freche-adorerait-il-la-discrimination-positive-151","title":{"rendered":"Fr\u00eache adorerait-il la discrimination positive ?"},"content":{"rendered":"<p><!--[if gte mso 9]&amp;gt;  Normal 0 21       MicrosoftInternetExplorer4  &amp;lt;![endif]--><\/p>\n<p class=\"MsoNormal\" style=\"text-align: justify\"><span style=\"font-family: Verdana\">Le communautarisme a d\u00e9cid\u00e9ment de beaux jours devant lui. Et il risque d&rsquo;\u00eatre le th\u00e8me d&rsquo;un d\u00e9bat essentiel dans les prochaines semaines. La lamentable intervention de Georges Fr\u00eache sur l&rsquo;\u00e9quipe de France d\u00e9montre \u00e0 quel point notre mod\u00e8le est attaqu\u00e9 de toutes parts, par l&rsquo;extr\u00eame droite bien s\u00fbr, mais aussi par tous ceux qui proposent de plaquer le mod\u00e8le anglo-saxon dans notre pays sans aucun \u00e9gard pour deux si\u00e8cles d&rsquo;universalisme r\u00e9publicain.<\/span><\/p>\n<p class=\"MsoNormal\" style=\"text-align: justify\"><span style=\"font-family: Verdana\">Qu&rsquo;un membre du Parti socialiste se plaigne de la non-repr\u00e9sentativit\u00e9 des institutions, qu&rsquo;elles soient politiques ou maintenant sportives, cela ne devrait pas \u00e9tonner. La parit\u00e9, les propositions en faveur d&rsquo;un volontarisme en mati\u00e8re de pr\u00e9sence de \u00ab\u00a0minorit\u00e9s visibles\u00a0\u00bb \u00e0 l&rsquo;Assembl\u00e9e Nationale ou dans les m\u00e9dia furent des chevaux de bataille d&rsquo;une grande partie de la gauche fran\u00e7aise, laquelle s&rsquo;est d\u00e9-r\u00e9publicanis\u00e9e sous les coups de boutoirs de certains intellectuels comme Bernard-Henri L\u00e9vy, pour ne citer que le plus c\u00e9l\u00e8bre d&rsquo;entre eux. Que Georges Fr\u00eache soit un soutien puissant de S\u00e9gol\u00e8ne Royal est donc particuli\u00e8rement inqui\u00e9tant. J&rsquo;attends avec impatience les propositions de la candidate socialiste en la mati\u00e8re.<\/span><\/p>\n<p class=\"MsoNormal\" style=\"text-align: justify\"><span style=\"font-family: Verdana\">La droite colonis\u00e9e par Nicolas Sarkozy, chantre du mod\u00e8le anglo-saxon, a embo\u00eet\u00e9 \u00e0 sa fa\u00e7on les bonnes \u00e2mes g\u00e9n\u00e9reuses de la discrimination positive. Le pr\u00e9sident de l&rsquo;UMP ne cesse de d\u00e9clarer que notre mod\u00e8le est en faillite sur le plan de l&rsquo;int\u00e9gration ou de l&rsquo;assimilation (terme que je pr\u00e9f\u00e8re car bien davantage r\u00e9publicain), que notre mod\u00e8le ne permet plus aux fils et filles de l&rsquo;immigration d&rsquo;avoir les m\u00eames chances de r\u00e9ussite que les autres. Qui veut tuer son chien l&rsquo;accuse de la rage. Si notre pays ne permet plus ce qu&rsquo;il permettait il y a une g\u00e9n\u00e9ration, c&rsquo;est justement parce qu&rsquo;on s&rsquo;est \u00e9loign\u00e9 du mod\u00e8le universaliste subrepticement, dans les trente derni\u00e8res ann\u00e9es. Il y a malgr\u00e9 tout des personnalit\u00e9s qui s&rsquo;inqui\u00e8tent, et non sans panache, de ce glissement de la droite r\u00e9publicaine en une droite am\u00e9ricaine. Mich\u00e8le Alliot-Marie a appris \u00e0 ses d\u00e9pends qu&rsquo;il ne fait pas bon critiquer le Chef \u00e0 l&rsquo;UMP, fille b\u00e2tarde du feu RPR. Elle aurait d\u00fb le savoir, elle qui a dirig\u00e9 ce dernier. J&rsquo;ai pu aussi exp\u00e9rimenter cette attitude quand certains militants me disaient \u00eatre en accord avec moi, sur l&rsquo;Europe ou d&rsquo;autres sujets, mais sifflaient tout de m\u00eame les personnalit\u00e9s dissidentes que je soutenais pour les m\u00eames raisons. <\/span><\/p>\n<p class=\"MsoNormal\" style=\"text-align: justify\"><span style=\"font-family: Verdana\">La discrimination positive est un aveu d&rsquo;\u00e9chec. L&rsquo;exemple de Sciences-po Paris demeure le plus frappant : au lieu de cr\u00e9er des pr\u00e9pas dans les lyc\u00e9es des quartiers difficiles, on a d\u00e9cid\u00e9 de r\u00e9server quelques places \u00e0 des \u00e9l\u00e8ves de ces lyc\u00e9es les dispensant de concours. C&rsquo;est une aum\u00f4ne. Comme le serait la proposition de Georges Fr\u00eache de faire jouer quelques joueurs \u00e0 la peau plus claire dans notre \u00e9quipe nationale de foot; comme le serait le fait d&rsquo;imposer quelques Antillais dans dans notre \u00e9quipe nationale de ski alpin. Et puis, apr\u00e8s tout, pourquoi la couleur de peau serait plus importante qu&rsquo;une autre distinction ? A t&rsquo;on v\u00e9rifi\u00e9 si toutes les orientations sexuelles \u00e9taient bien repr\u00e9sent\u00e9es dans nos institutions, dans nos \u00e9quipes d&rsquo;\u00e9lite ? A t&rsquo;on v\u00e9rifi\u00e9 la diversit\u00e9 de couleurs des yeux, et bien entendu des diff\u00e9rentes religions ? A t&rsquo;on v\u00e9rifi\u00e9 la diversit\u00e9 des th\u00e8mes astraux (\u00e7a, je crois bien que c&rsquo;est fait&#8230;..) ?<\/span><\/p>\n<p class=\"MsoNormal\" style=\"text-align: justify\"><span style=\"font-family: Verdana\">Dans le m\u00eame esprit, je propose, parce que cela devient urgent, qu&rsquo;on garantisse la pr\u00e9sence d&rsquo;authentiques r\u00e9publicains dans toutes nos institutions. <\/span><\/p>\n","protected":false},"excerpt":{"rendered":"<p>Le communautarisme a d\u00e9cid\u00e9ment de beaux jours devant lui. Et il risque d&rsquo;\u00eatre le th\u00e8me d&rsquo;un d\u00e9bat essentiel dans les prochaines semaines. La lamentable intervention de Georges Fr\u00eache sur l&rsquo;\u00e9quipe de France d\u00e9montre \u00e0 quel point notre mod\u00e8le est attaqu\u00e9 de toutes parts, par l&rsquo;extr\u00eame droite bien s\u00fbr, mais aussi par tous ceux qui proposent [&hellip;]<\/p>\n","protected":false},"author":10,"featured_media":0,"comment_status":"open","ping_status":"closed","sticky":false,"template":"","format":"standard","meta":{"footnotes":""},"categories":[5],"tags":[],"class_list":{"0":"post-151","1":"post","2":"type-post","3":"status-publish","4":"format-standard","6":"category-sulfate"},"_links":{"self":[{"href":"https:\/\/blog.causeur.fr\/antidote\/wp-json\/wp\/v2\/posts\/151","targetHints":{"allow":["GET"]}}],"collection":[{"href":"https:\/\/blog.causeur.fr\/antidote\/wp-json\/wp\/v2\/posts"}],"about":[{"href":"https:\/\/blog.causeur.fr\/antidote\/wp-json\/wp\/v2\/types\/post"}],"author":[{"embeddable":true,"href":"https:\/\/blog.causeur.fr\/antidote\/wp-json\/wp\/v2\/users\/10"}],"replies":[{"embeddable":true,"href":"https:\/\/blog.causeur.fr\/antidote\/wp-json\/wp\/v2\/comments?post=151"}],"version-history":[{"count":0,"href":"https:\/\/blog.causeur.fr\/antidote\/wp-json\/wp\/v2\/posts\/151\/revisions"}],"wp:attachment":[{"href":"https:\/\/blog.causeur.fr\/antidote\/wp-json\/wp\/v2\/media?parent=151"}],"wp:term":[{"taxonomy":"category","embeddable":true,"href":"https:\/\/blog.causeur.fr\/antidote\/wp-json\/wp\/v2\/categories?post=151"},{"taxonomy":"post_tag","embeddable":true,"href":"https:\/\/blog.causeur.fr\/antidote\/wp-json\/wp\/v2\/tags?post=151"}],"curies":[{"name":"wp","href":"https:\/\/api.w.org\/{rel}","templated":true}]}}