{"id":1521,"date":"2011-01-07T00:25:43","date_gmt":"2011-01-06T23:25:43","guid":{"rendered":"http:\/\/carnet.causeur.fr\/antidote\/?p=1521"},"modified":"2021-04-26T16:11:24","modified_gmt":"2021-04-26T14:11:24","slug":"pour-le-vieux-lion-la-france-respire-encore","status":"publish","type":"post","link":"https:\/\/blog.causeur.fr\/antidote\/pour-le-vieux-lion-la-france-respire-encore-1521","title":{"rendered":"Pour le vieux lion, la France respire encore"},"content":{"rendered":"<p>On entre tr\u00e8s bien dans la derni\u00e8re livraison[3. Edit\u00e9e chez Fayard et en librairie depuis hier. Mais on peut aussi se procurer l&rsquo;ouvrage <a href=\"http:\/\/www.chevenement.fr\/La-France-est-elle-finie_a1027.html\" target=\"_blank\" rel=\"noopener\">ici<\/a>.] de Jean-Pierre Chev\u00e8nement. D&rsquo;abord, son titre n&rsquo;est pas mal choisi. Il s&rsquo;agit, en quelque sorte, de r\u00e9pondre \u00e0 ses amis R\u00e9gis Debray et Eric Zemmour, l&rsquo;un dans dans la pr\u00e9face qu&rsquo;il a bien voulu r\u00e9diger pour les m\u00e9moires de guerre de Charles de Gaulle, l&rsquo;autre dans <em>M\u00e9lancolie fran\u00e7aise<\/em>[1. Au passage, s&rsquo;il ne cite le livre qu&rsquo;une seule fois, ce n&rsquo;est pas pour s&rsquo;inscrire en faux contre son d\u00e9clinisme mais pour en citer un extrait o\u00f9 Eric Zemmour rappelle que la colonisation fran\u00e7aise de l&rsquo;Alg\u00e9rie s&rsquo;\u00e9tait faite avec les violentes m\u00e9thodes utilis\u00e9es par les arm\u00e9es napol\u00e9oniennes en Espagne. Joli geste de la part du politique au journaliste, lequel doit affronter un proc\u00e8s inique la semaine prochaine pour incitation \u00e0 la haine raciale.].<\/p>\n<p>Afin de faire un sort \u00e0 la th\u00e8se selon laquelle la France doit \u00eatre rang\u00e9e au magasin des vieux accessoires, Jean-Pierre Chev\u00e8nement nous emm\u00e8ne d\u00e9j\u00e0 nous promener dans les quarante derni\u00e8res ann\u00e9es, qu&rsquo;il a v\u00e9cues en tant qu&rsquo;acteur, les agr\u00e9mentant de r\u00e9daction de programmes socialistes mais aussi de trois d\u00e9missions symboliques. Il pointe les responsabilit\u00e9s. Et ne cache pas le r\u00f4le mortif\u00e8re de Jacques Delors. La mise au diapason de la France au n\u00e9olib\u00e9ralisme sauce Reagan-et-Thatcher, c&rsquo;est Delors ! Mitterrand a finalement choisi de lui donner raison, sans doute aveugl\u00e9 par sa foi europ\u00e9enne et son vieux d\u00e9mon Monnet -qu&rsquo;il a panth\u00e9onis\u00e9. Ainsi depuis la rue de Rivoli et soutenu par Pierre Mauroy, il va mettre la France dans le rang, s&rsquo;aligner envers et contre tout sur le Mark, d\u00e9buter la d\u00e9r\u00e9glementation puis, nomm\u00e9 \u00e0 la commission europ\u00e9enne, enfanter ce monstre d&rsquo;Acte unique et ses centaines de directives qui ont mis \u00e0 poil -litt\u00e9ralement- les Etats et les Peuples face aux march\u00e9s. Cette libert\u00e9 toute puissante de circulation des marchandises et des capitaux fut, Chev\u00e8nement le rappelle cruellement, un choix politique, ce qui rappelle \u00e0 qui veut bien l&rsquo;entendre &#8211; Minc n&rsquo;entendra pas !- que la mondialisation ne constitue en rien un ph\u00e9nom\u00e8ne m\u00e9t\u00e9orologique mais bien le r\u00e9sultat de d\u00e9cisions. Et ce n&rsquo;est pas le moindre m\u00e9rite de l&rsquo;ancien ministre de l&rsquo;Int\u00e9rieur de Lionel Jospin de reconna\u00eetre qu&rsquo;icelles ont \u00e9t\u00e9 prises par un Pr\u00e9sident qu&rsquo;il a aid\u00e9 \u00e0 porter au pouvoir, un Parti dont il a particip\u00e9 \u00e0 la cr\u00e9ation et des gouvernements auxquels il a lui-m\u00eame fait partie. Joli examen de conscience, en v\u00e9rit\u00e9, que cette premi\u00e8re moiti\u00e9 de l&rsquo;ouvrage.<\/p>\n<p>Dans cette longue partie historique, je n&rsquo;ai not\u00e9 qu&rsquo;une erreur factuelle. Chev\u00e8nement aborde le d\u00e9bat ayant oppos\u00e9 Fran\u00e7ois Mitterrand et Philippe S\u00e9guin \u00e0 la Sorbonne pendant la campagne r\u00e9f\u00e9rendaire de 1992. Et il \u00e9crit que Philippe S\u00e9guin ne contredit pas le Pr\u00e9sident lorsque ce dernier affirma avec aplomb que la politique \u00e9conomique et mon\u00e9taire serait d\u00e9termin\u00e9e par le conseil des ministres. Or, je me souviens fort bien le h\u00e9raut du non -dont on f\u00eate aujourd&rsquo;hui le premier anniversaire de sa disparition- r\u00e9pondre que rien de tel n&rsquo;\u00e9tait \u00e9crit dans le Trait\u00e9 et m\u00eame lui lire, dans le texte qui ne l&rsquo;a pas quitt\u00e9 pendant ce d\u00e9bat, que la monnaie serait g\u00e9r\u00e9e par la BCE dans le seul souci de stabilit\u00e9 des prix. \u00abC&rsquo;est dans le trait\u00e9, Monsieur le Pr\u00e9sident de la R\u00e9publique\u00a0\u00bb. \u00ab\u00a0Chacun le lira\u00a0\u00bb, r\u00e9pondit Mitterrand ! Je tiens \u00e0 disposition de Jean-Pierre Chev\u00e8nement la cassette VHS du d\u00e9bat. Apr\u00e8s tout, Besan\u00e7on n&rsquo;est pas si \u00e9loign\u00e9e de Belfort.<\/p>\n<p>Dans cet historique, j&rsquo;ai aussi \u00e9t\u00e9 pris d&rsquo;un doute sur le sujet essentiel de savoir si c&rsquo;est la France qui avait voulu imposer la monnaie unique aux Allemands, comme le raconte la plupart des observateurs dont l&rsquo;auteur, ou si c&rsquo;\u00e9tait l&rsquo;inverse, comme le soutient Marie-France Garaud dans son dernier livre[2. <em>Impostures politiques<\/em>, Plon.], que je dois d&rsquo;ailleurs me procurer d&rsquo;urgence afin, notamment, de conna\u00eetre son argumentation sur le sujet. Pour autant, Garaud et Chev\u00e8nement s&rsquo;accordent pour dire que les conditions, elles, ont bien \u00e9t\u00e9 dict\u00e9es par l&rsquo;Allemagne. Ce d\u00e9bat m\u00e9riterait d&rsquo;\u00eatre tranch\u00e9. Le journaliste qui organise un d\u00e9bat t\u00e9l\u00e9vis\u00e9 ou radiophonique sur ce th\u00e8me avec ces deux l\u00e0 aura droit \u00e0 mon infinie reconnaissance.<\/p>\n<p>Et puisque nous en sommes arriv\u00e9s \u00e0 l&rsquo;euro, restons-y. J&rsquo;ai bien \u00e9videmment lu avec attention le chapitre qui lui est consacr\u00e9. Apr\u00e8s avoir, comme sur le tournant de la rigueur, les m\u00e9faits de de l&rsquo;acte unique et le conflit yougoslave, suscit\u00e9 mon accord, l&rsquo;auteur d\u00e9monte magistralement les vices originels de cette monnaie pour en conclure, finalement, qu&rsquo;il n&rsquo;est pas forc\u00e9ment n\u00e9cessaire d&rsquo;en sortir. Chev\u00e8nement a d&rsquo;ailleurs renouvel\u00e9 cette analyse ce matin au micro de France Inter utilisant une image a\u00e9rienne : \u00ab\u00a0l&rsquo;avion est de mauvaise qualit\u00e9, il est mal pilot\u00e9 mais ce n&rsquo;est pas pour cela qu&rsquo;il faut sauter par le hublot\u00a0\u00bb. J&rsquo;ai du mal \u00e0 croire qu&rsquo;un homme aussi sage et cultiv\u00e9 ignore l&rsquo;existence d&rsquo;un \u00e9quipement aussi essentiel que le parachute&#8230; Toutefois, ce chapitre laisse un espoir \u00e0 ceux qui comme moi pensent que cette sortie demeure in\u00e9luctable : il conc\u00e8de qu&rsquo;un plan B est n\u00e9cessaire au cas o\u00f9 nous ne parviendrions pas \u00e0 convaincre nos amis allemands de g\u00e9rer autrement cette foutue monnaie.<\/p>\n<p>M\u00eame si cet ouvrage aurait pu \u00eatre un peu plus court, d\u00e9lest\u00e9 de certaines r\u00e9p\u00e9titions, sa lecture n&rsquo;en reste pas moins agr\u00e9able et utile. Je le conseillerai d&rsquo;autant plus que son auteur a bel et bien d\u00e9cid\u00e9 de peser dans le d\u00e9bat pr\u00e9sidentiel qui s&rsquo;annonce. On parle de candidature \u00e0 la pr\u00e9sidentielle, d&rsquo;\u00e9ventuelle annonce \u00e0 l&rsquo;automne. D&rsquo;ici l\u00e0, son plan B sera sans doute, selon Jacques Sapir, Emmanuel Todd ou Jean-Luc Gr\u00e9au, devenu n\u00e9cessaire car la zone euro sera en phase terminale. Ce sera alors le moment de\u00a0 parler, cher Jean-Pierre Chev\u00e8nement, \u00e0 ceux qui pensent\u00a0 que votre plan A n&rsquo;a plus aucune chance d&rsquo;aboutir. Nous serons au rendez-vous de la discussion, n&rsquo;en doutez-pas. Et, \u00e0 la lecture de ce livre, nous ne sommes pas pessimistes sur la perspective de trouver quelqu&rsquo;un \u00e0 qui parler.<\/p>\n","protected":false},"excerpt":{"rendered":"<p>J&rsquo;ai lu \u00ab\u00a0La France est-elle finie ?\u00a0\u00bb de Jean-Pierre Chev\u00e8nement<\/p>\n","protected":false},"author":10,"featured_media":0,"comment_status":"open","ping_status":"closed","sticky":false,"template":"","format":"standard","meta":{"footnotes":""},"categories":[4],"tags":[131,132,130,119],"class_list":{"0":"post-1521","1":"post","2":"type-post","3":"status-publish","4":"format-standard","6":"category-oxygene","7":"tag-acte-unique","8":"tag-francois-mitterrand","9":"tag-jacques-delors","10":"tag-jean-pierre-chevenement"},"_links":{"self":[{"href":"https:\/\/blog.causeur.fr\/antidote\/wp-json\/wp\/v2\/posts\/1521","targetHints":{"allow":["GET"]}}],"collection":[{"href":"https:\/\/blog.causeur.fr\/antidote\/wp-json\/wp\/v2\/posts"}],"about":[{"href":"https:\/\/blog.causeur.fr\/antidote\/wp-json\/wp\/v2\/types\/post"}],"author":[{"embeddable":true,"href":"https:\/\/blog.causeur.fr\/antidote\/wp-json\/wp\/v2\/users\/10"}],"replies":[{"embeddable":true,"href":"https:\/\/blog.causeur.fr\/antidote\/wp-json\/wp\/v2\/comments?post=1521"}],"version-history":[{"count":0,"href":"https:\/\/blog.causeur.fr\/antidote\/wp-json\/wp\/v2\/posts\/1521\/revisions"}],"wp:attachment":[{"href":"https:\/\/blog.causeur.fr\/antidote\/wp-json\/wp\/v2\/media?parent=1521"}],"wp:term":[{"taxonomy":"category","embeddable":true,"href":"https:\/\/blog.causeur.fr\/antidote\/wp-json\/wp\/v2\/categories?post=1521"},{"taxonomy":"post_tag","embeddable":true,"href":"https:\/\/blog.causeur.fr\/antidote\/wp-json\/wp\/v2\/tags?post=1521"}],"curies":[{"name":"wp","href":"https:\/\/api.w.org\/{rel}","templated":true}]}}