{"id":1630,"date":"2011-01-26T12:12:49","date_gmt":"2011-01-26T11:12:49","guid":{"rendered":"http:\/\/carnet.causeur.fr\/antidote\/?p=1630"},"modified":"2021-04-26T16:11:24","modified_gmt":"2021-04-26T14:11:24","slug":"elkabbach-degage","status":"publish","type":"post","link":"https:\/\/blog.causeur.fr\/antidote\/elkabbach-degage-1630","title":{"rendered":"Elkabbach, d\u00e9gage !"},"content":{"rendered":"<p>C&rsquo;\u00e9tait \u00e0 la fin du Buzz politique de la matinale d&rsquo;Europe 1. Thierry Guerrier explique la strat\u00e9gie de Nicolas Dupont-Aignan dans la perspective de l&rsquo;\u00e9lection pr\u00e9sidentielle. Puis, il \u00e9voque Jean Arthuis qui n&rsquo;\u00e9carte pas l&rsquo;hypoth\u00e8se d&rsquo;\u00eatre le candidat rassemblant tous les centristes lors de la m\u00eame \u00e9ch\u00e9ance. Marc-Olivier Fogiel passe alors le micro \u00e0 Jean-Pierre Elkabbach qui va interroger Martine Aubry. S&rsquo;engage alors un petit dialogue. Verbatim :<\/p>\n<blockquote><p><em><strong>Fogiel <\/strong>&#8211; Bonjour, Jean-Pierre Elkabbach<\/em><\/p>\n<p><em><strong>Elkabbach<\/strong> &#8211; Bonjour Marc-Olivier, vous n&rsquo;y allez pas vous, \u00e0 la pr\u00e9sidentielle en 2012 ?<\/em><\/p>\n<p><em><strong>Fogiel <\/strong>&#8211; Ben, si vous y allez, je vous soutiens Jean-Pierre.<\/em><\/p>\n<p><em><strong>Elkabbach<\/strong> &#8211; Non, pas du tout mais quand on voit la liste des n&rsquo;importe qui qui veut se pr\u00e9senter<\/em><\/p>\n<p><em><strong>Fogiel<\/strong> &#8211; Vous parlez de qui ?<\/em><\/p>\n<p><em><strong>Elkabbach<\/strong> &#8211; Oh, ben, je n&rsquo;donne pas d&rsquo;noms.<\/em><\/p>\n<p><em><strong>Fogiel &#8211; <\/strong>Ah bon ! Ha, ha<\/em><em>.<\/em><\/p><\/blockquote>\n<p><em><br \/>\n<\/em><\/p>\n<p>Il ne veut pas donner de noms. Pas couillu, Monsieur Elkabbach ! Mais on avait compris. Une liste, cela signifie qu&rsquo;il sont au moins deux. Les \u00ab\u00a0n&rsquo;importe qui\u00a0\u00bb, ce sont donc bien Nicolas Dupont-Aignan et Jean Arthuis. Pour \u00eatre candidat \u00e0 l&rsquo;\u00e9lection pr\u00e9sidentielle, il ne faut donc pas seulement r\u00e9colter cinq-cents parrainages d&rsquo;\u00e9lus locaux dont les noms seront publi\u00e9s au Journal officiel mais aussi recueillir l&rsquo;assentiment de m\u00e9diacrates m\u00e9prisants.<\/p>\n<p>Pour qui se prend donc Monsieur Elkabbach pour se moquer de ces deux personnalit\u00e9s politiques ? Qu&rsquo; a t-il r\u00e9alis\u00e9 dans sa vie qui puisse justifier qu&rsquo;il les prenne ainsi de si haut ? Son souci de l&rsquo;information exacte et recoup\u00e9e ? Demandons \u00e0 la famille de Pascal Sevran ! Sa probit\u00e9, sa propension \u00e0 se tenir \u00e0 distance des conflits d&rsquo;int\u00e9r\u00eats ? Relisons \u00ab\u00a0mes chers amis\u00a0\u00bb de Pierre Botton !<\/p>\n<p>Le pouvoir, l&rsquo;\u00e9lection pr\u00e9sidentielle, la d\u00e9mocratie, c&rsquo;est entre gens s\u00e9rieux. Assez des manants qui osent disputer le droit d&rsquo;expliquer leur projet aux citoyens. Qu&rsquo;ils retournent \u00e0 la niche.\u00a0 Zine el-Abidine Ben Ali avait bien th\u00e9oris\u00e9 cette forme de gouvernance. Il \u00e9tait au pouvoir depuis vingt-trois ans. On l&rsquo;entend depuis combien de temps, Elkabbach ?<\/p>\n<p>Reconnaissons le : nous nous sommes habitu\u00e9s \u00e0 nous passer des invitations et de la reconnaissance de Jean-Pierre Elkabbach ou de son alter-ego Aphatie. D&rsquo;autres m\u00e9dia, d&rsquo;autres journalistes, sont dot\u00e9s d&rsquo;une conception plus \u00e9thique de leur m\u00e9tier, tout en se passant de donner des le\u00e7ons \u00e0 la terre enti\u00e8re, comme ces deux-l\u00e0. Mais que va donc pouvoir dire Monsieur Elkabbach \u00e0 Nicolas Dupont-Aignan (ou Jean Arthuis) lorsque ce dernier sera effectivement candidat et qu&rsquo;il sera contraint par la loi de l&rsquo;inviter ? Il se fera porter p\u00e2le ? Comme lorsqu&rsquo;il devait recevoir Arnaud Montebourg une semaine apr\u00e8s l&rsquo;avoir m\u00e9pris\u00e9 -lui aussi ?<\/p>\n<p>Denis Olivennes qui, dit-on, se pr\u00e9occupe beaucoup des audiences de la station ces temps-ci devrait commencer \u00e0 y r\u00e9fl\u00e9chir. Sans tomber dans le jeunisme, il a certainement dans son personnel des voix qui savent interroger, \u00eatre pugnace avec tous leurs interlocuteurs, de la m\u00eame mani\u00e8re, et respecter tous les auditeurs. Le nouveau directeur d&rsquo;Europe 1 pourrait d&rsquo;ailleurs m\u00e9diter sur les croupi\u00e8res taill\u00e9es par RMC \u00e0 sa station. Et au succ\u00e8s de Bourdin, l&rsquo;ennemi intime de Jean-Pierre Elkabbach.<\/p>\n","protected":false},"excerpt":{"rendered":"<p>Assez des Ben Ali du journalisme<\/p>\n","protected":false},"author":10,"featured_media":0,"comment_status":"open","ping_status":"closed","sticky":false,"template":"","format":"standard","meta":{"footnotes":""},"categories":[5],"tags":[103,102,100,99,101,23],"class_list":{"0":"post-1630","1":"post","2":"type-post","3":"status-publish","4":"format-standard","6":"category-sulfate","7":"tag-degage","8":"tag-europe-1","9":"tag-jean-arthuis","10":"tag-jean-pierre-elkabbach","11":"tag-marc-olivier-fogiel","12":"tag-nicolas-dupont-aignan"},"_links":{"self":[{"href":"https:\/\/blog.causeur.fr\/antidote\/wp-json\/wp\/v2\/posts\/1630","targetHints":{"allow":["GET"]}}],"collection":[{"href":"https:\/\/blog.causeur.fr\/antidote\/wp-json\/wp\/v2\/posts"}],"about":[{"href":"https:\/\/blog.causeur.fr\/antidote\/wp-json\/wp\/v2\/types\/post"}],"author":[{"embeddable":true,"href":"https:\/\/blog.causeur.fr\/antidote\/wp-json\/wp\/v2\/users\/10"}],"replies":[{"embeddable":true,"href":"https:\/\/blog.causeur.fr\/antidote\/wp-json\/wp\/v2\/comments?post=1630"}],"version-history":[{"count":0,"href":"https:\/\/blog.causeur.fr\/antidote\/wp-json\/wp\/v2\/posts\/1630\/revisions"}],"wp:attachment":[{"href":"https:\/\/blog.causeur.fr\/antidote\/wp-json\/wp\/v2\/media?parent=1630"}],"wp:term":[{"taxonomy":"category","embeddable":true,"href":"https:\/\/blog.causeur.fr\/antidote\/wp-json\/wp\/v2\/categories?post=1630"},{"taxonomy":"post_tag","embeddable":true,"href":"https:\/\/blog.causeur.fr\/antidote\/wp-json\/wp\/v2\/tags?post=1630"}],"curies":[{"name":"wp","href":"https:\/\/api.w.org\/{rel}","templated":true}]}}