{"id":1675,"date":"2011-02-02T14:30:10","date_gmt":"2011-02-02T13:30:10","guid":{"rendered":"http:\/\/carnet.causeur.fr\/antidote\/?p=1675"},"modified":"2021-04-26T16:11:24","modified_gmt":"2021-04-26T14:11:24","slug":"halte-a-la-chasse-a-mam","status":"publish","type":"post","link":"https:\/\/blog.causeur.fr\/antidote\/halte-a-la-chasse-a-mam-1675","title":{"rendered":"Halte \u00e0 la chasse \u00e0 MAM"},"content":{"rendered":"<p>Je n&rsquo;ai \u00e0 vrai dire ni sympathie ni antipathie envers Mich\u00e8le Alliot-Marie. Tout juste une certaine hilarit\u00e9 me saisit lorsque j&rsquo;entends qu&rsquo;elle incarne le gaullisme historique au sein de l&rsquo;UMP. Elle a accompagn\u00e9 aupr\u00e8s de Chirac, Jupp\u00e9 et Sarkozy toute la d\u00e9gaullisation du RPR et m\u00eame si elle avait plus ou moins r\u00e9sist\u00e9 lorsqu&rsquo;il fut d\u00e9cid\u00e9 que ce dernier serait fondu dans l&rsquo;UMP, je n&rsquo;oublie pas qu&rsquo;elle faisait partie, avec les trois autres personnalit\u00e9s cit\u00e9es plus haut, de ceux qui qualifiaient de ringards, de pass\u00e9istes tous les gaullistes orthodoxes -c&rsquo;est \u00e0 dire authentiques- rassembl\u00e9s il y a vingt ans derri\u00e8re Charles Pasqua et Philippe S\u00e9guin.<\/p>\n<p>Malgr\u00e9 cela, je consid\u00e8re que le lynchage dont elle est aujourd&rsquo;hui victime est pour le moins injuste. Et ce n&rsquo;est pas seulement parce que je serai mobilis\u00e9 par le Chamb\u00e9ry-Sochaux de cette apr\u00e8s-midi[2. Et qu&rsquo;on ne me parle plus jamais de ce Chamb\u00e9ry-Sochaux ! (Ajout 20h00)] que je ne regarderai pas la s\u00e9ance de questions \u00e0 l&rsquo;Assembl\u00e9e o\u00f9 elle devrait, selon toute vraisemblance, \u00eatre une cible particuli\u00e8rement facile. Certes, sa phrase d&rsquo;il y a quelques semaines, \u00e0 propos de la proposition d&rsquo;aide au gouvernement tunisien en mati\u00e8re de savoir-faire policier, \u00e9tait particuli\u00e8rement maladroite, pour ne pas dire idiote. Mais d&rsquo;abord, on n&rsquo;imagine pas que MAM ait sorti cette id\u00e9e de son chapeau. Toute la politique \u00e9trang\u00e8re du gouvernement est d\u00e9cid\u00e9e \u00e0 l&rsquo;Elys\u00e9e et cette initiative l&rsquo;\u00e9tait d&rsquo;autant plus qu&rsquo;elle comportait un caract\u00e8re interminist\u00e9riel. Ensuite, si tous les ministres auteurs de formules maladroites devaient \u00eatre vid\u00e9s s\u00e9ance tenante du gouvernement, une certaine instabilit\u00e9 r\u00e9gnerait en haut lieu. D\u00e9j\u00e0 que les gouvernements de l&rsquo;\u00e8re Sarko ne brillent pas par la stabilit\u00e9, Matignon except\u00e9, cela ne r\u00e9duirait pas l&rsquo;impression de d\u00e9sordre&#8230;<\/p>\n<p>Mais demander la d\u00e9mission de la titulaire du Quai d&rsquo;Orsay \u00e0 cause de cette histoire d&rsquo;avion, c&rsquo;est le pompon. Elle aurait \u00e9t\u00e9 transport\u00e9e par un homme d&rsquo;affaires li\u00e9 \u00e0 Ben Ali dans son avion personnel pendant les derni\u00e8res vacances de No\u00ebl ? Convenons qu&rsquo;il \u00e9tait plut\u00f4t difficile d&rsquo;\u00eatre un homme d&rsquo;affaires dans la Tunisie des derni\u00e8res ann\u00e9es -2010 compris- sans avoir quelques contacts avec le clan au pouvoir. Tarek Ben Ammar, cin\u00e9aste tunisien invit\u00e9 sur tous les plateaux pendant le mois de janvier, reconnaissait qu&rsquo;il parlait avec l&rsquo;ancien pr\u00e9sident tr\u00e8s r\u00e9guli\u00e8rement. De m\u00eame, on se souvient que Philippe S\u00e9guin -dont je fus proche, Fr\u00e9d\u00e9ric Mitterrand et Bertrand Delano\u00eb entretenaient des relations cordiales avec Ben Ali. Demande t-on la d\u00e9mission des deux derniers ? Organise t-on un contre-colloque pour dire tout le mal que l&rsquo;on pense aujourd&rsquo;hui de S\u00e9guin alors qu&rsquo;il y a un mois \u00e0 peine, le tout-Paris se ruait \u00e0 l&rsquo;Assembl\u00e9e pour le c\u00e9l\u00e9brer ?<\/p>\n<p>Et si on se d\u00e9pla\u00e7ait quelques centaines de kilom\u00e8tres \u00e0 l&rsquo;ouest de Tunis et qu&rsquo;on se posait au Maroc&#8230; Est-on bien certain que le r\u00e9gime marocain soit globalement pr\u00e9f\u00e9rable \u00e0 celui qui s\u00e9vissait en Tunisie ? Lorsque Dominique Strauss-Kahn ou ce grand d\u00e9mocrate de BHL se rendent dans leurs propri\u00e9t\u00e9s de Marrakech, que le tout-Paris journalistico-politique coule des\u00a0 vacances heureuse \u00e0<em> La Mamounia<\/em>, est-on bien s\u00fbr qu&rsquo;ils n&rsquo;y rencontrent que des opposants furieux au r\u00e9gime ? Peuvent-ils, ceux-ci -parmi lesquels on compte certainement quelques accusateurs de MAM, fournir un certificat attestant du fait qu&rsquo;ils n&rsquo;ont jamais \u00e9t\u00e9 transport\u00e9s ou invit\u00e9s \u00e0 d\u00eener par des dignitaires du r\u00e9gime marocain ? Mohammed VI dispose d&rsquo;une image moins s\u00e9v\u00e8re voire plus sexy que Zine el-Abidine Ben Ali. Il n&rsquo;en reste pas moins que des opposants politiques croupissent dans les ge\u00f4les marocaines et que les fructueuses relations entre Rabat et Paris ne datent pas de l&rsquo;arriv\u00e9e au pouvoir de ce jeune roi si moderne[1. A qui l&rsquo;on doit, d&rsquo;ailleurs, une politique envers la condition f\u00e9minine fort contest\u00e9e dans les milieux islamistes, \u00e0 l&rsquo;instar de ce qui se passait en Tunisie sous Bourguiba et Ben Ali.]. Sous Hassan II, les h\u00f4tels de luxe marocains recevaient d\u00e9j\u00e0 beaucoup d&rsquo;illustres visiteurs venus des palais nationaux et r\u00e9dactions parisiens. J&rsquo;ai m\u00eame le souvenir que Saint-Jacques-Delors avait, avec beaucoup d&rsquo;entrain et de plaisir, accueilli le prince Mohammed \u00e0 la commission europ\u00e9enne pour qu&rsquo;il y effectue un stage, en \u00e9change des remerciements de <em>notre ami le Roi<\/em>.<\/p>\n<p>En ce qui me concerne, je ne reproche pas \u00e0 toutes ces personnalit\u00e9s d&rsquo;avoir eu des relations avec les gouvernements tunisien ou marocain. Je ne leur reproche pas non plus d&rsquo;avoir pris des vacances au soleil ni d&rsquo;y avoir acquis des propri\u00e9t\u00e9s. Mais, je demande \u00e0 tout le monde de se souvenir de ce proverbe africain c\u00e9l\u00e8bre : \u00ab\u00a0le singe qui monte au cocotier doit avoir le cul propre\u00a0\u00bb.<\/p>\n","protected":false},"excerpt":{"rendered":"<p>Le singe qui monte au cocotier doit avoir le cul propre<\/p>\n","protected":false},"author":10,"featured_media":0,"comment_status":"open","ping_status":"closed","sticky":false,"template":"","format":"standard","meta":{"footnotes":""},"categories":[5],"tags":[95,59,94,93],"class_list":{"0":"post-1675","1":"post","2":"type-post","3":"status-publish","4":"format-standard","6":"category-sulfate","7":"tag-ben-ali","8":"tag-mam","9":"tag-maroc","10":"tag-tunisie"},"_links":{"self":[{"href":"https:\/\/blog.causeur.fr\/antidote\/wp-json\/wp\/v2\/posts\/1675","targetHints":{"allow":["GET"]}}],"collection":[{"href":"https:\/\/blog.causeur.fr\/antidote\/wp-json\/wp\/v2\/posts"}],"about":[{"href":"https:\/\/blog.causeur.fr\/antidote\/wp-json\/wp\/v2\/types\/post"}],"author":[{"embeddable":true,"href":"https:\/\/blog.causeur.fr\/antidote\/wp-json\/wp\/v2\/users\/10"}],"replies":[{"embeddable":true,"href":"https:\/\/blog.causeur.fr\/antidote\/wp-json\/wp\/v2\/comments?post=1675"}],"version-history":[{"count":0,"href":"https:\/\/blog.causeur.fr\/antidote\/wp-json\/wp\/v2\/posts\/1675\/revisions"}],"wp:attachment":[{"href":"https:\/\/blog.causeur.fr\/antidote\/wp-json\/wp\/v2\/media?parent=1675"}],"wp:term":[{"taxonomy":"category","embeddable":true,"href":"https:\/\/blog.causeur.fr\/antidote\/wp-json\/wp\/v2\/categories?post=1675"},{"taxonomy":"post_tag","embeddable":true,"href":"https:\/\/blog.causeur.fr\/antidote\/wp-json\/wp\/v2\/tags?post=1675"}],"curies":[{"name":"wp","href":"https:\/\/api.w.org\/{rel}","templated":true}]}}