{"id":1780,"date":"2011-02-18T15:08:12","date_gmt":"2011-02-18T14:08:12","guid":{"rendered":"http:\/\/carnet.causeur.fr\/antidote\/?p=1780"},"modified":"2021-04-26T16:10:58","modified_gmt":"2021-04-26T14:10:58","slug":"plainte-contre-anne-lauvergeon","status":"publish","type":"post","link":"https:\/\/blog.causeur.fr\/antidote\/plainte-contre-anne-lauvergeon-1780","title":{"rendered":"Plainte contre Anne Lauvergeon"},"content":{"rendered":"<p>Suite \u00e0 la condamnation en premi\u00e8re instance d&rsquo;Eric Zemmour par la XVIIe chambre du Tribunal correctionnel de Paris pour incitation \u00e0 la discrimination raciale, il est \u00e9vident que notre rapport \u00e0 la libert\u00e9 d&rsquo;expression doit \u00e9voluer.<\/p>\n<p>C&rsquo;est pourquoi, j&rsquo;ai d\u00e9cid\u00e9 d&rsquo;\u00e9tudier la possibilit\u00e9 d&rsquo;une plainte contre Madame Anne Lauvergeon, pr\u00e9sidente du directoire de la compagnie AREVA en raison de la d\u00e9claration suivante :<\/p>\n<p>[daily]xauo37[\/daily]<\/p>\n<p>Certes, je n&rsquo;ai aucune comp\u00e9tence dans le domaine nucl\u00e9aire, mais ma condition de \u00abm\u00e2le blanc\u00bb a \u00e9t\u00e9 gravement insult\u00e9e et potentiellement discrimin\u00e9e. Pis, elle l&rsquo;a \u00e9t\u00e9 doublement : en tant que m\u00e2le et en tant que blanc.<\/p>\n<p>Il va de soi que j&rsquo;attends de SOS Racisme, du MRAP, et de la LICRA, parties civiles au proc\u00e8s d&rsquo;Eric Zemmour, qu&rsquo;elles manifestent autant d&rsquo;entrain et de z\u00e8le \u00e0 mes c\u00f4t\u00e9s.<\/p>\n","protected":false},"excerpt":{"rendered":"<p>SOS Racisme, LICRA et MRAP parties civiles ?<\/p>\n","protected":false},"author":10,"featured_media":0,"comment_status":"open","ping_status":"closed","sticky":false,"template":"","format":"standard","meta":{"footnotes":""},"categories":[4],"tags":[68,73,47,72,69,71,70],"class_list":{"0":"post-1780","1":"post","2":"type-post","3":"status-publish","4":"format-standard","6":"category-oxygene","7":"tag-anne-lauvergeon","8":"tag-discrimination","9":"tag-eric-zemmour","10":"tag-licra","11":"tag-male-blanc","12":"tag-mrap","13":"tag-sos-racisme"},"_links":{"self":[{"href":"https:\/\/blog.causeur.fr\/antidote\/wp-json\/wp\/v2\/posts\/1780","targetHints":{"allow":["GET"]}}],"collection":[{"href":"https:\/\/blog.causeur.fr\/antidote\/wp-json\/wp\/v2\/posts"}],"about":[{"href":"https:\/\/blog.causeur.fr\/antidote\/wp-json\/wp\/v2\/types\/post"}],"author":[{"embeddable":true,"href":"https:\/\/blog.causeur.fr\/antidote\/wp-json\/wp\/v2\/users\/10"}],"replies":[{"embeddable":true,"href":"https:\/\/blog.causeur.fr\/antidote\/wp-json\/wp\/v2\/comments?post=1780"}],"version-history":[{"count":0,"href":"https:\/\/blog.causeur.fr\/antidote\/wp-json\/wp\/v2\/posts\/1780\/revisions"}],"wp:attachment":[{"href":"https:\/\/blog.causeur.fr\/antidote\/wp-json\/wp\/v2\/media?parent=1780"}],"wp:term":[{"taxonomy":"category","embeddable":true,"href":"https:\/\/blog.causeur.fr\/antidote\/wp-json\/wp\/v2\/categories?post=1780"},{"taxonomy":"post_tag","embeddable":true,"href":"https:\/\/blog.causeur.fr\/antidote\/wp-json\/wp\/v2\/tags?post=1780"}],"curies":[{"name":"wp","href":"https:\/\/api.w.org\/{rel}","templated":true}]}}