{"id":18,"date":"2008-11-05T16:39:57","date_gmt":"2008-11-05T15:39:57","guid":{"rendered":"http:\/\/carnet.causeur.fr\/antidote\/?p=18"},"modified":"2021-04-26T16:12:17","modified_gmt":"2021-04-26T14:12:17","slug":"crise-damericanolatrie","status":"publish","type":"post","link":"https:\/\/blog.causeur.fr\/antidote\/crise-damericanolatrie-18","title":{"rendered":"Crise d&#039;am\u00e9ricanol\u00e2trie"},"content":{"rendered":"<p><a href=\"http:\/\/blog.causeur.fr\/antidote\/files\/2008\/12\/obama.jpeg\"><img loading=\"lazy\" decoding=\"async\" class=\"alignnone size-medium wp-image-85\" src=\"http:\/\/blog.causeur.fr\/antidote\/files\/2008\/12\/obama.jpeg\" alt=\"\" width=\"119\" height=\"108\" \/><\/a>A tous ceux qui nous demandent de nous auto-flageller parce que \u00ab\u00a0la France, elle, est incapable de se donner un pr\u00e9sident noir\u00a0\u00bb,  je voudrais rappeler quelques \u00e9l\u00e9ments de r\u00e9flexion.<\/p>\n<p>&#8211; Pendant que les Etats-Unis permettaient encore qu&rsquo;on interdise aux Noirs de fr\u00e9quenter les m\u00eames bus que les Blancs, les Fran\u00e7ais avaient un Pr\u00e9sident du S\u00e9nat noir,<\/p>\n<p>&#8211; Aux Etats-Unis, un Noir sur quatre est  priv\u00e9 de ses droits civiques \u00e0 cause d&rsquo;un passage dans un centre p\u00e9nitentiaire,<\/p>\n<p>&#8211; En France, nous ne vivons pas en communaut\u00e9s. Contrairement \u00e0 bien des pays au premier rang desquels les Etats-Unis, le taux de mariages mixtes est extr\u00eamement important. Le Fran\u00e7ais est exogame par nature. Et lorsqu&rsquo;il m&rsquo;arrive de regarder une s\u00e9rie am\u00e9ricaine \u00e0 la t\u00e9l\u00e9vision, je vois certes David Palmer en pr\u00e9figuration d&rsquo;Obama, mais je ne vois jamais un Noir et une Blanche en couple.<\/p>\n<p>Alors certes, notre syst\u00e8me d&rsquo;int\u00e9gration conna\u00eet des rat\u00e9s depuis une vingtaine d&rsquo;ann\u00e9es. Et les ap\u00f4tres du droit \u00e0 la diff\u00e9rence n&rsquo;y sont pas \u00e9trangers car ils ont promu ainsi la diff\u00e9rence des droits. Certes, plus largement, notre ascenseur social est en panne. Certes, enfin, nos partis politiques ne sont sans doute pas aussi audacieux \u00e0 ce jour que n&rsquo;a pu l&rsquo;\u00eatre le Parti D\u00e9mocrate l&rsquo;hiver dernier outre-atlantique. Mais jamais, jamais je ne pourrai laisser dire que notre R\u00e9publique est plus raciste que la soci\u00e9t\u00e9 am\u00e9ricaine. Car, m\u00eame en ce 5 novembre 2008, c&rsquo;est compl\u00e8tement faux.<\/p>\n","protected":false},"excerpt":{"rendered":"<p>A tous ceux qui nous demandent de nous auto-flageller parce que \u00ab\u00a0la France, elle, est incapable de se donner un pr\u00e9sident noir\u00a0\u00bb, je voudrais rappeler quelques \u00e9l\u00e9ments de r\u00e9flexion. &#8211; Pendant que les Etats-Unis permettaient encore qu&rsquo;on interdise aux Noirs de fr\u00e9quenter les m\u00eames bus que les Blancs, les Fran\u00e7ais avaient un Pr\u00e9sident du S\u00e9nat [&hellip;]<\/p>\n","protected":false},"author":10,"featured_media":0,"comment_status":"open","ping_status":"closed","sticky":false,"template":"","format":"standard","meta":{"footnotes":""},"categories":[5],"tags":[],"class_list":{"0":"post-18","1":"post","2":"type-post","3":"status-publish","4":"format-standard","6":"category-sulfate"},"_links":{"self":[{"href":"https:\/\/blog.causeur.fr\/antidote\/wp-json\/wp\/v2\/posts\/18","targetHints":{"allow":["GET"]}}],"collection":[{"href":"https:\/\/blog.causeur.fr\/antidote\/wp-json\/wp\/v2\/posts"}],"about":[{"href":"https:\/\/blog.causeur.fr\/antidote\/wp-json\/wp\/v2\/types\/post"}],"author":[{"embeddable":true,"href":"https:\/\/blog.causeur.fr\/antidote\/wp-json\/wp\/v2\/users\/10"}],"replies":[{"embeddable":true,"href":"https:\/\/blog.causeur.fr\/antidote\/wp-json\/wp\/v2\/comments?post=18"}],"version-history":[{"count":0,"href":"https:\/\/blog.causeur.fr\/antidote\/wp-json\/wp\/v2\/posts\/18\/revisions"}],"wp:attachment":[{"href":"https:\/\/blog.causeur.fr\/antidote\/wp-json\/wp\/v2\/media?parent=18"}],"wp:term":[{"taxonomy":"category","embeddable":true,"href":"https:\/\/blog.causeur.fr\/antidote\/wp-json\/wp\/v2\/categories?post=18"},{"taxonomy":"post_tag","embeddable":true,"href":"https:\/\/blog.causeur.fr\/antidote\/wp-json\/wp\/v2\/tags?post=18"}],"curies":[{"name":"wp","href":"https:\/\/api.w.org\/{rel}","templated":true}]}}