{"id":1838,"date":"2011-02-26T14:50:11","date_gmt":"2011-02-26T13:50:11","guid":{"rendered":"http:\/\/carnet.causeur.fr\/antidote\/?p=1838"},"modified":"2021-04-26T16:10:58","modified_gmt":"2021-04-26T14:10:58","slug":"le-debat-sur-lislam-ne-doit-pas-etre-organise-par-letat","status":"publish","type":"post","link":"https:\/\/blog.causeur.fr\/antidote\/le-debat-sur-lislam-ne-doit-pas-etre-organise-par-letat-1838","title":{"rendered":"Le d\u00e9bat sur l&rsquo;Islam ne doit pas \u00eatre organis\u00e9 par l&rsquo;Etat !"},"content":{"rendered":"<p><em>\u00ab\u00a0La derni\u00e8re fois qu\u2019il a utilis\u00e9 cela, c\u2019\u00e9tait le d\u00e9bat sur l\u2019identit\u00e9 nationale et le Front national a fait 15% (des voix) aux r\u00e9gionales. Alors encore un effort monsieur Cop\u00e9, encore un petit d\u00e9bat, un petit blabla sur l\u2019islam, la la\u00efcit\u00e9, et je pense effectivement que nous pourrons terminer \u00e0 la pr\u00e9sidentielle \u00e0 25%\u00a0\u00bb.<\/em><\/p>\n<p>Voil\u00e0 en substance comment Marine Le Pen r\u00e9agissait \u00e0 l&rsquo;intention de Jean-Fran\u00e7ois Cop\u00e9 d&rsquo;organiser un d\u00e9bat sur l&rsquo;islam, relay\u00e9 depuis par le Pr\u00e9sident de la R\u00e9publique lors de la table ronde organis\u00e9e au salon de l&rsquo;agriculture. Marine Le Pen ne se cache donc m\u00eame plus pour moquer les initiatives de la majorit\u00e9 alors qu&rsquo;elle pourrait, de son propre point de vue, engranger en silence les b\u00e9n\u00e9fices qu&rsquo;elle en escompte. Elle se permet -luxe supr\u00eame- de les railler publiquement. Esp\u00e8re t-elle que leurs promoteurs finissent par tergiverser, qu&rsquo;on d\u00e9batte encore sans fin sur l&rsquo;opportunit\u00e9 d&rsquo;un d\u00e9bat sur le sujet, et pourquoi pas d\u00e9battre de l&rsquo;opportunit\u00e9 de d\u00e9battre du bien-fond\u00e9 de d\u00e9battre du d\u00e9bat, etc&#8230; ? Que Sarkozy et Cop\u00e9 reculent finalement, et elle les accusera de se d\u00e9filer ; qu&rsquo;ils persistent et elle en recueillera les fruits, comme pour le d\u00e9bat sur l&rsquo;identit\u00e9 nationale.<\/p>\n<p>Car, au risque de me trouver en d\u00e9saccord avec Elisabeth L\u00e9vy, qui en causait hier avec Pierre Assouline et Tahar Ben Jelloun \u00e0 Semaine Critique, ce d\u00e9bat est une sottise. Non pas de d\u00e9battre de l&rsquo;islam, de la la\u00efcit\u00e9. Nous sommes dans un pays libre et nous devrions pouvoir discuter de tout sans crainte de se trouver devant un tribunal, de l&rsquo;opinion ou en chambre correctionnelle comme Eric Zemmour. Ce qui est sot, en l&rsquo;occurrence, c&rsquo;est que ce soit le pouvoir ex\u00e9cutif qui organise des d\u00e9bats. On l&rsquo;a constat\u00e9 pendant le d\u00e9bat sur l&rsquo;identit\u00e9 nationale. Alors, certes, ch\u00e8re Elisabeth, ce d\u00e9bat fut refus\u00e9 et ex\u00e9cut\u00e9 en place (m\u00e9diatique) de Gr\u00e8ve. Mais, lorsqu&rsquo;on joue un coup au tennis, la position des pieds compte autant, sinon davantage, que le geste du bras avec la raquette.<\/p>\n<p>Admettons que le geste avec la raquette -et, donc l&rsquo;int\u00e9r\u00eat d&rsquo;un d\u00e9bat sur l&rsquo;identit\u00e9 nationale- ait \u00e9t\u00e9 de qualit\u00e9 et concentrons nous donc sur la fameuse position des pieds. Elle \u00e9tait doublement mauvaise. D&rsquo;abord parce, comme l&rsquo;avait not\u00e9 \u00e0 l&rsquo;\u00e9poque Basile de Koch, causer identit\u00e9 lorsqu&rsquo;on a bazard\u00e9 la souverainet\u00e9, ce n&rsquo;est pas tr\u00e8s s\u00e9rieux. Cela donne l&rsquo;impression -loin d&rsquo;\u00eatre fausse- qu&rsquo;il ne nous reste plus que \u00e7a \u00e0 nous mettre sous la dent. Ensuite, le coup d&rsquo;organiser cela dans les pr\u00e9fectures, c&rsquo;\u00e9tait quand m\u00eame le summum du ridicule, m\u00eame pour un vieux jacobin d\u00e9partementaliste comme votre serviteur. Alors, pour tous les autres&#8230;<\/p>\n<p>La position des pieds gouvernementaux sur l&rsquo;Islam et la La\u00efcit\u00e9 ne semble pas davantage garante d&rsquo;un joli coup de raquette. Premi\u00e8rement, les citoyens se demanderont \u00e0 bon droit pourquoi ce gouvernement a tol\u00e9r\u00e9 -de concert avec la mairie de Paris- toutes ces pri\u00e8res de rue, pourquoi les pouvoirs publics nationaux ou locaux ont c\u00e9d\u00e9 jusqu&rsquo;\u00e0 aujourd&rsquo;hui sur ces histoires de hallal ou de cr\u00e9neaux non mixtes dans les piscines. Dans bien des cas, il suffisait d&rsquo;appliquer la r\u00e9glementation existante et refuser ces fameux accommodements d&rsquo;autant moins raisonnables qu&rsquo;ils \u00e9taient ill\u00e9gaux. Faut-il d\u00e9battre du bien-fond\u00e9 d&rsquo;appliquer la Loi ? Deuxi\u00e8mement, le d\u00e9bat sur l&rsquo;Islam, sur la La\u00efcit\u00e9, il a lieu tous les jours dans les m\u00e9dias. Presse \u00e9crite, Internet, \u00e9missions avec \u00ab\u00a0pol\u00e9mistes\u00a0\u00bb radiophoniques ou t\u00e9l\u00e9vis\u00e9es, reportages, Calvi, Tadd\u00e9i, Hondelatte et j&rsquo;en passe : on ne peut pas dire qu&rsquo;il soit interdit d&rsquo;antenne.<\/p>\n<p>Ce n&rsquo;est pas le r\u00f4le de l&rsquo;Etat d&rsquo;organiser un d\u00e9bat, sur ce sujet comme sur les autres. Certes le Politique, pour agir, doit \u00eatre branch\u00e9 sur le Peuple et ses aspirations. Pour cela il y a les \u00e9lections, et plus pr\u00e9cis\u00e9ment les campagnes \u00e9lectorales qui constituent un moment privil\u00e9gi\u00e9 d&rsquo;\u00e9change d\u00e9mocratique. Puisque le Pr\u00e9sident de la R\u00e9publique actuel ne semble pas partisan de la pratique r\u00e9f\u00e9rendaire &#8211; dans ce cas, le d\u00e9bat organis\u00e9 par l&rsquo;Etat serait non seulement n\u00e9cessaire mais rendu obligatoire par la Constitution-, il reste l&rsquo;\u00e9lection pr\u00e9sidentielle. Toute vell\u00e9it\u00e9 de nous rejouer le sketch de l&rsquo;identit\u00e9 nationale un an avant cette \u00e9ch\u00e9ance se retournera contre ses promoteurs. <em>Errare humanum est, persevare diabolicum.<\/em> Malheureusement, le d\u00e9ni de r\u00e9el ne constitue visiblement pas le monopole de la gauche bienpensante.<\/p>\n","protected":false},"excerpt":{"rendered":"<p>L&rsquo;Etat est l\u00e0 pour agir. Pas pour causer.<\/p>\n","protected":false},"author":10,"featured_media":0,"comment_status":"open","ping_status":"closed","sticky":false,"template":"","format":"standard","meta":{"footnotes":""},"categories":[4],"tags":[34,57,56,49,13],"class_list":{"0":"post-1838","1":"post","2":"type-post","3":"status-publish","4":"format-standard","6":"category-oxygene","7":"tag-debat","8":"tag-elisabeth-levy","9":"tag-islam","10":"tag-jean-francois-cope","11":"tag-marine-le-pen"},"_links":{"self":[{"href":"https:\/\/blog.causeur.fr\/antidote\/wp-json\/wp\/v2\/posts\/1838","targetHints":{"allow":["GET"]}}],"collection":[{"href":"https:\/\/blog.causeur.fr\/antidote\/wp-json\/wp\/v2\/posts"}],"about":[{"href":"https:\/\/blog.causeur.fr\/antidote\/wp-json\/wp\/v2\/types\/post"}],"author":[{"embeddable":true,"href":"https:\/\/blog.causeur.fr\/antidote\/wp-json\/wp\/v2\/users\/10"}],"replies":[{"embeddable":true,"href":"https:\/\/blog.causeur.fr\/antidote\/wp-json\/wp\/v2\/comments?post=1838"}],"version-history":[{"count":0,"href":"https:\/\/blog.causeur.fr\/antidote\/wp-json\/wp\/v2\/posts\/1838\/revisions"}],"wp:attachment":[{"href":"https:\/\/blog.causeur.fr\/antidote\/wp-json\/wp\/v2\/media?parent=1838"}],"wp:term":[{"taxonomy":"category","embeddable":true,"href":"https:\/\/blog.causeur.fr\/antidote\/wp-json\/wp\/v2\/categories?post=1838"},{"taxonomy":"post_tag","embeddable":true,"href":"https:\/\/blog.causeur.fr\/antidote\/wp-json\/wp\/v2\/tags?post=1838"}],"curies":[{"name":"wp","href":"https:\/\/api.w.org\/{rel}","templated":true}]}}