{"id":1946,"date":"2011-03-16T13:14:11","date_gmt":"2011-03-16T12:14:11","guid":{"rendered":"http:\/\/carnet.causeur.fr\/antidote\/?p=1946"},"modified":"2021-04-26T16:10:58","modified_gmt":"2021-04-26T14:10:58","slug":"lettre-a-lana","status":"publish","type":"post","link":"https:\/\/blog.causeur.fr\/antidote\/lettre-a-lana-1946","title":{"rendered":"Lettre \u00e0 Lana"},"content":{"rendered":"<p>Ch\u00e8re Lana,<\/p>\n<p>En 1999, tu \u00e9tais fier de moi parce que je d\u00e9non\u00e7ais les conditions dans lesquelles la France avait capitul\u00e9 devant le diktat de Madeleine Albright. La secr\u00e9taire d&rsquo;Etat de Bill Clinton \u00e9tait arriv\u00e9e \u00e0 la h\u00e2te \u00e0 Rambouillet, pour bousiller l&rsquo;accord obtenu par Hubert V\u00e9drine notamment. Les Serbes acceptaient le principe d&rsquo;une force d&rsquo;interposition au Kosovo \u00e0 condition que cette derni\u00e8re \u00e9mane des Nations-Unies et qu&rsquo;elle ne compte, ni contingent am\u00e9ricain ni contingent allemand. <em>No<\/em>, ordonna Albright, ce serait l&rsquo;OTAN et les Serbes n&rsquo;avaient rien \u00e0 dire. Fin de la n\u00e9gociation. Ce serait la guerre. On irait bombarder Belgrade. On a bombard\u00e9 Belgrade, la capitale de ton pays natal, alors qu&rsquo;on aurait pu l&rsquo;\u00e9viter en tenant t\u00eate aux Etats-Unis. Mais Jacques Chirac, englu\u00e9 dans sa cohabitation mais sans doute aussi par conviction personnelle, ne fit pas pour Belgrade ce qu&rsquo;il fit quatre ans plus tard pour Bagdad. L&rsquo;ing\u00e9rence \u00e9tait l\u00e9gitime. Les Serbes \u00e9taient forc\u00e9ment tous des bourreaux ; les Albanais du Kosovo tous des victimes. A la t\u00e9l\u00e9, \u00e0 la radio, ce m\u00eame refrain. Et moi, j&rsquo;avais mal pour toi et pour tous ces Belgradois qui ne comprenaient pas l&rsquo;attitude de la France. Mon pays, et le tien aujourd&rsquo;hui, bombardait celui de ton enfance. Malgr\u00e9 cela, tu n&rsquo;en voulais pas \u00e0 ta nouvelle patrie. Parce que, notamment, tu savais qu&rsquo;il y avait des Fran\u00e7ais, qui \u00e9taient aussi tristes que toi. Parce qu&rsquo;un ministre de la R\u00e9publique, maire d&rsquo;une ville de notre r\u00e9gion surplomb\u00e9e d&rsquo;un lion sculpt\u00e9 par Bartholdi, faisait savoir combien cette capitulation constituait une erreur, demandant en conseil des ministres que sa remarque soit consign\u00e9e pour l&rsquo;Histoire. Bernard-Henri L\u00e9vy nous exhorta alors de sortir le <em>\u00ab\u00a0Chev\u00e8nement qu&rsquo;on avait dans la t\u00eate\u00a0\u00bb<\/em>.<\/p>\n<p>En 2008, \u00a0la France ne se fit pas prier pour reconna\u00eetre le Kosovo. Nicolas Sarkozy et Bernard Kouchner, en caniches disciplin\u00e9s des Etats-Unis violaient alors non seulement le droit international mais aussi les promesses faites \u00e0 la Serbie neuf ans plus t\u00f4t. Modestement, j&rsquo;avais r\u00e9dig\u00e9 une <a href=\"http:\/\/carnet.causeur.fr\/antidote\/sarkozy-et-kouchner-les-caniches-de-lamerique-ont-reconnu-le-kosovo,0064\" target=\"_blank\" rel=\"noopener\">note sur mon blog<\/a> pour protester. On entendit encore Chev\u00e8nement bougonner. Quand nous en avions parl\u00e9 ensemble, j&rsquo;\u00e9tais tr\u00e8s \u00e9mu. Encore une fois, tu n&rsquo;en voulais pas \u00e0 la France qui \u00e9tait devenu ton pays. Elle se fourvoyait mais au moins le faisait-elle avec le paravent de la d\u00e9fense des opprim\u00e9s, et de la volont\u00e9 des peuples de disposer d&rsquo;eux-m\u00eames. \u00a0Parall\u00e8lement, Sarkozy revenait dans les structures int\u00e9gr\u00e9es de NATO, comme tu l&rsquo;appelles. Logique, finalement, avec la capitulation de Rambouillet et la reconnaissance \u00a0de l&rsquo;ind\u00e9pendance du Kosovo.<\/p>\n<p>A chaque fois, Lana, il m&rsquo;est apparu que tu \u00e9tais davantage attrist\u00e9e par ce que tu entendais en boucle sur t\u00e9l\u00e9s, radios et ce que tu lisais dans les journaux que par les d\u00e9cisions en elles-m\u00eames. C&rsquo;est pourquoi, tu dois l&rsquo;\u00eatre davantage encore, aujourd&rsquo;hui. On a bombard\u00e9 Belgrade, et on h\u00e9site \u00e0 bombarder trois ou quatre a\u00e9rodromes militaires libyens. Nous disposons -ou disposions ?- d&rsquo;une fen\u00eatre pour donner un coup de main aux insurg\u00e9s et nous jouons aux pucelles effarouch\u00e9es devant le droit international et la souverainet\u00e9 des Etats -\u00e0 laquelle je tiens, chacun le sait- alors que nous les avons all\u00e8grement pi\u00e9tin\u00e9s notamment au moment des deux \u00e9pisodes auxquels j&rsquo;ai fait allusion plus haut. Mouammar Kadhafi serait-il \u00e0 ce point davantage sympathique que ne l&rsquo;\u00e9tait Slobodan Milosevic ? Certes, BHL ressemble fort \u00e0 ce Pierre du loup de l&rsquo;histoire. Et moi-m\u00eame, le consid\u00e9r\u00e9-je le plus souvent comme une boussole indiquant le sud. Mais s&rsquo;il avait raison cette fois-ci ? \u00a0Si la tentation de Sarkozy \u00e9tait la bonne ? <a href=\"http:\/\/www.causeur.fr\/mourir-pour-benghazi,9194\" target=\"_blank\" rel=\"noopener\">Fran\u00e7ois Miclo<\/a> a bien raison de fustiger le \u00ab\u00a0Demerden, sie sich\u00a0\u00bb de Merkel. Lorsqu&rsquo;il fallut reconna\u00eetre unilat\u00e9ralement la Croatie, pr\u00e9cipitant la Yougoslavie dans le chaos, il y avait du monde. Pour faire le petit geste permettant de faire tomber Kadhafi, le num\u00e9ro de Berlin que vous avez demand\u00e9 n&rsquo;est plus en service. Nicolas Dupont-Aignan -pourtant pas avare de critiques \u00e0 l&rsquo;endroit du Pr\u00e9sident- rappelait dans une tribune parue dans Lib\u00e9ration en janvier, que l&rsquo;anti-sarkozysme ne fait pas une politique. La mani\u00e8re dont le Pr\u00e9sident a tent\u00e9 de mettre l&rsquo;Allemagne au pied du mur la semaine derni\u00e8re, constitue un sursaut salutaire. M\u00eame si je n&rsquo;en d\u00e9duis pas pour autant, comme l&rsquo;ami Fran\u00e7ois, que son quinquennat en soit frapp\u00e9 instantan\u00e9ment du sceau de la r\u00e9ussite, il n&rsquo;est pas inutile de f\u00e9liciter Nicolas Sarkozy d&rsquo;\u00eatre enfin cons\u00e9quent. Le sera t-il, jusqu&rsquo;au bout ? Osera t-il se passer de l&rsquo;avis de ses partenaires ? Je l&rsquo;esp\u00e8re aujourd&rsquo;hui de tout c\u0153ur.<\/p>\n<p>Si nous avons bombard\u00e9 Belgrade, ma ch\u00e8re Lana, et que nous n&rsquo;osons pas faire le minimum pour sauver la r\u00e9volution libyenne en jetant quelques bombinettes sur des a\u00e9rodromes, que pourrai-je bien te dire la prochaine fois \u00a0nous nous rencontrerons ?<\/p>\n<p>Rien. Nous pleurerons ensemble.<\/p>\n","protected":false},"excerpt":{"rendered":"<p>Il faut sauver Benghazi pour ne pas pleurer Belgrade !<\/p>\n","protected":false},"author":10,"featured_media":0,"comment_status":"open","ping_status":"closed","sticky":false,"template":"","format":"standard","meta":{"footnotes":""},"categories":[4],"tags":[22,38,39,17,40,16,19],"class_list":{"0":"post-1946","1":"post","2":"type-post","3":"status-publish","4":"format-standard","6":"category-oxygene","7":"tag-angela-merkel","8":"tag-belgrade","9":"tag-benghazi","10":"tag-hubert-vedrine","11":"tag-kosovo","12":"tag-madeleine-albright","13":"tag-mouammar-kadhafi"},"_links":{"self":[{"href":"https:\/\/blog.causeur.fr\/antidote\/wp-json\/wp\/v2\/posts\/1946","targetHints":{"allow":["GET"]}}],"collection":[{"href":"https:\/\/blog.causeur.fr\/antidote\/wp-json\/wp\/v2\/posts"}],"about":[{"href":"https:\/\/blog.causeur.fr\/antidote\/wp-json\/wp\/v2\/types\/post"}],"author":[{"embeddable":true,"href":"https:\/\/blog.causeur.fr\/antidote\/wp-json\/wp\/v2\/users\/10"}],"replies":[{"embeddable":true,"href":"https:\/\/blog.causeur.fr\/antidote\/wp-json\/wp\/v2\/comments?post=1946"}],"version-history":[{"count":0,"href":"https:\/\/blog.causeur.fr\/antidote\/wp-json\/wp\/v2\/posts\/1946\/revisions"}],"wp:attachment":[{"href":"https:\/\/blog.causeur.fr\/antidote\/wp-json\/wp\/v2\/media?parent=1946"}],"wp:term":[{"taxonomy":"category","embeddable":true,"href":"https:\/\/blog.causeur.fr\/antidote\/wp-json\/wp\/v2\/categories?post=1946"},{"taxonomy":"post_tag","embeddable":true,"href":"https:\/\/blog.causeur.fr\/antidote\/wp-json\/wp\/v2\/tags?post=1946"}],"curies":[{"name":"wp","href":"https:\/\/api.w.org\/{rel}","templated":true}]}}