{"id":2045,"date":"2011-04-09T10:22:26","date_gmt":"2011-04-09T09:22:26","guid":{"rendered":"http:\/\/blog.causeur.fr\/antidote\/?p=2045"},"modified":"2021-04-26T16:10:57","modified_gmt":"2021-04-26T14:10:57","slug":"incoherence-indignee","status":"publish","type":"post","link":"https:\/\/blog.causeur.fr\/antidote\/incoherence-indignee-2045","title":{"rendered":"Incoh\u00e9rence indign\u00e9e"},"content":{"rendered":"<p>Comme chaque \u00a0vendredi soir, j&rsquo;ai regard\u00e9 <em>Semaine critique<\/em>. Parmi les invit\u00e9s, Martine Aubry, qui en a profit\u00e9 pour confirmer ses envies de candidature et s&rsquo;asseoir sur le fameux pacte de Marrakech, et Stephane Hessel venu nous redonner une gentille le\u00e7on d&rsquo;indignation et d&rsquo;engagement citoyen.<\/p>\n<p>L&rsquo;indignation et l&rsquo;engagement, je n&rsquo;ai rien contre, perso. Mais j&rsquo;avoue les trouver l\u00e9gitimes \u00e0 partir du moment o\u00f9 ils s&rsquo;accompagnent de coh\u00e9rence. Dans <em>Indignez-vous<\/em>, Hessel a des mots tr\u00e8s durs contre la mondialisation n\u00e9olib\u00e9rale qui a fait voler en \u00e9clats le pacte du CNR. <a href=\"http:\/\/www.causeur.fr\/author\/jleroy\" target=\"_blank\" rel=\"noopener\">Avec d&rsquo;autres<\/a>, je dois bien avouer que je partage souvent le m\u00eame cr\u00e9neau. Seulement voil\u00e0, il ne me viendrait pas \u00e0 l&rsquo;id\u00e9e de rendre hommage \u00e0 certains ouvriers de ladite globalisation. Or, c&rsquo;est exactement ce qu&rsquo;a fait Hessel hier soir sous les yeux ravis de Martine Aubry.<\/p>\n<p>L&rsquo;un des ouvriers -que dis-je ? Le contrema\u00eetre !- fut justement le papa de Martine, ainsi que l&rsquo;a expliqu\u00e9 en d\u00e9tail Jean-Pierre Chev\u00e8nement dans <em>La France est-elle finie<\/em>[1. Livre politique de l&rsquo;ann\u00e9e. Au passage, lorsqu&rsquo;on lui a remis le prix la semaine derni\u00e8re, je n&rsquo;ai pu m&#8217;emp\u00eacher de penser \u00e0 ces \u00ab\u00a0c\u00e9sars d&rsquo;honneur\u00a0\u00bb qu&rsquo;on remet \u00e0 des r\u00e9cipiendaires qu&rsquo;on a globalement m\u00e9pris\u00e9s lorsqu&rsquo;ils guignaient le c\u00e9sar du meilleur premier r\u00f4le.], lequel Jacques Delors a import\u00e9 en France les recettes de Reagan, Thatcher et Kohl au minist\u00e8re des finances, puis en mettant en place l&rsquo;acte unique europ\u00e9en[2. Et son cort\u00e8ge de\u00a0d\u00e9r\u00e9glementations.] et en \u00a0pr\u00e9parant le Trait\u00e9 de Ma\u00ebstricht. La libert\u00e9 int\u00e9griste de circulation des capitaux et des marchandises, chez nous, c&rsquo;est avant tout \u00e0 Delors qu&rsquo;on la doit ; Chev\u00e8nement en apporte la preuve par neuf dans son bouquin.<\/p>\n<p>On attend avec impatience de conna\u00eetre le choix d\u00e9finitif de Papy Hessel, qui devrait penser \u00e0 vendre des tee-shirts ou autres produits d\u00e9riv\u00e9s <em>made in China<\/em>[3. Tant ses groupies apparaissent motiv\u00e9es \u00e0 entendre les applaudissements fr\u00e9n\u00e9tiques accompagnant chacune de ses interventions.], dans la primaire socialiste. Aux derni\u00e8res infos, il ne soutiendra pas Arnaud Montebourg, qui a mis la d\u00e9mondialisation au coeur de son projet, mais h\u00e9site entre Martine Aubry, Fran\u00e7ois Hollande et\u00a0\u00a0Dominique Strauss-Kahn, avec une l\u00e9g\u00e8re pr\u00e9f\u00e9rence pour ce dernier.<\/p>\n<p><em>Je m&rsquo;indigne contre la mondialisation avec l&rsquo;ex-directeur du FMI et St\u00e9phane Hessel \u00a0! <\/em> Une belle id\u00e9e de tee-shirt pour cet \u00e9t\u00e9, non ?<\/p>\n","protected":false},"excerpt":{"rendered":"<p>ou indignation incoh\u00e9rente. C&rsquo;est comme vous voulez !<\/p>\n","protected":false},"author":10,"featured_media":0,"comment_status":"open","ping_status":"closed","sticky":false,"template":"","format":"standard","meta":{"footnotes":""},"categories":[5],"tags":[160,159,130,119,7,158,157],"class_list":{"0":"post-2045","1":"post","2":"type-post","3":"status-publish","4":"format-standard","6":"category-sulfate","7":"tag-incoherence","8":"tag-indignation","9":"tag-jacques-delors","10":"tag-jean-pierre-chevenement","11":"tag-martine-aubry","12":"tag-mondialisation","13":"tag-stephane-hessel"},"_links":{"self":[{"href":"https:\/\/blog.causeur.fr\/antidote\/wp-json\/wp\/v2\/posts\/2045","targetHints":{"allow":["GET"]}}],"collection":[{"href":"https:\/\/blog.causeur.fr\/antidote\/wp-json\/wp\/v2\/posts"}],"about":[{"href":"https:\/\/blog.causeur.fr\/antidote\/wp-json\/wp\/v2\/types\/post"}],"author":[{"embeddable":true,"href":"https:\/\/blog.causeur.fr\/antidote\/wp-json\/wp\/v2\/users\/10"}],"replies":[{"embeddable":true,"href":"https:\/\/blog.causeur.fr\/antidote\/wp-json\/wp\/v2\/comments?post=2045"}],"version-history":[{"count":0,"href":"https:\/\/blog.causeur.fr\/antidote\/wp-json\/wp\/v2\/posts\/2045\/revisions"}],"wp:attachment":[{"href":"https:\/\/blog.causeur.fr\/antidote\/wp-json\/wp\/v2\/media?parent=2045"}],"wp:term":[{"taxonomy":"category","embeddable":true,"href":"https:\/\/blog.causeur.fr\/antidote\/wp-json\/wp\/v2\/categories?post=2045"},{"taxonomy":"post_tag","embeddable":true,"href":"https:\/\/blog.causeur.fr\/antidote\/wp-json\/wp\/v2\/tags?post=2045"}],"curies":[{"name":"wp","href":"https:\/\/api.w.org\/{rel}","templated":true}]}}