{"id":2066,"date":"2011-05-05T22:39:16","date_gmt":"2011-05-05T21:39:16","guid":{"rendered":"http:\/\/blog.causeur.fr\/antidote\/?p=2066"},"modified":"2021-04-26T16:10:57","modified_gmt":"2021-04-26T14:10:57","slug":"auront-ils-le-scalp-de-laurent-blanc","status":"publish","type":"post","link":"https:\/\/blog.causeur.fr\/antidote\/auront-ils-le-scalp-de-laurent-blanc-2066","title":{"rendered":"Auront-ils le scalp de Laurent Blanc ?"},"content":{"rendered":"<p>Il s&rsquo;en pourl\u00e8che d\u00e9j\u00e0 les babines. Quel plaisir cela sera, pour le fondateur et directeur du marketing[1. Amusez-vous \u00e0 compter le nombre de fois o\u00f9 Plenel cite le nom de son site \u00e0 chaque passage t\u00e9l\u00e9. C&rsquo;est assez impressionnant.] de Mediapart, le s\u00e9millant Edwy Plenel, d&rsquo;accrocher le scalp de Laurent Blanc au dessus de la porte de son bureau. Des ministres, c&rsquo;est tr\u00e8s commun de les faire d\u00e9missionner. Et puis, tout le monde les d\u00e9teste, on pourrait finir par vous accuser de populisme. Mais un s\u00e9lectionneur national ! Et pas n&rsquo;importe lequel. Pas un Domenech honni ! Un s\u00e9lectionneur populaire ! Cela en jetterait, n&rsquo;est ce pas ?<\/p>\n<p>Il a les tr\u00e9molos dans la voix quand il parle avec condescendance de son copain Laurent, qu&rsquo;il a eu au t\u00e9l\u00e9phone, et dont il veut croire que non, finalement, il n&rsquo;est pas raciste. Mais c&rsquo;est horrible n&rsquo;est ce pas, de s&rsquo;attaquer \u00e0 des enfants de douze ans. Et il la r\u00e9p\u00e8te plusieurs fois l&rsquo;expression \u00ab\u00a0enfants de douze ans\u00a0\u00bb qu&rsquo;on voudrait trier selon la couleur de leur peau. Lorsque Lilian Thuram parle ainsi, on imagine Blanc dans un uniforme de SS caressant d&rsquo;une main la t\u00eate d&rsquo;un enfant blond qui aura le droit d&rsquo;entrer \u00e0 Clairefontaine et d\u00e9signant \u00e0 un autre \u00e0 la peau noire la direction du train. Il apprend vite, Thuram, les le\u00e7ons de Tonton Edwy.<\/p>\n<p>Il n&rsquo;est pas ici question de traiter du fond. Nous l&rsquo;avons fait <a href=\"http:\/\/blog.causeur.fr\/antidote\/laurent-blanc-n%E2%80%99aime-t-il-pas-les-noirs%C2%A0,002063\">dimanche<\/a>. Nous examinons les forces en pr\u00e9sence dans cette guerre m\u00e9diatique autour du maintien ou du d\u00e9part de Laurent Blanc \u00e0 la t\u00eate de l&rsquo;\u00e9quipe de France. Ainsi, d&rsquo;autres que moi, ou autres n\u00e9o-r\u00e9acs[2. Parmi lesquels Eric Zemmour et Nicolas Dupont-Aignan. J&rsquo;ai entendu aussi Christine Boutin et Fran\u00e7ois Bayrou.] de la pire esp\u00e8ce, ont courageusement pris la d\u00e9fense du s\u00e9lectionneur. Peu apr\u00e8s avoir rendu ma copie \u00e0 Causeur, samedi, j&rsquo;ai pu lire Julien Dray sur son profil Facebook. Il expliquait \u00e0 quel point il respectait Laurent Blanc, qu&rsquo;il connaissait et consid\u00e9rait comme un homme de gauche sinc\u00e8re. Au passage, l&rsquo;ancien co-fondateur de SOS Racisme qualifiait Plenel de \u00ab\u00a0toujours aussi d\u00e9mago\u00a0\u00bb. Dans le milieu du foot, on a \u00a0pu voir Dominique Rocheteau, connu pour son engagement \u00e0 gauche, se faire aussi l&rsquo;avocat du s\u00e9lectionneur.<\/p>\n<p>Et, ce soir, dans<a href=\"http:\/\/www.lemonde.fr\/sport\/article\/2011\/05\/05\/quotas-dans-le-foot-pour-malek-boutih-le-probleme-du-racisme-est-instrumentalise-pour-d-autres-enjeux_1517591_3242.html#ens_id=1466308\" target=\"_blank\" rel=\"noopener\"> le Monde<\/a>, on peut\u00a0lire un entretien fort int\u00e9ressant de Malek Boutih, ancien pr\u00e9sident de SOS Racisme. Boutih, secr\u00e9taire national du PS aux questions de soci\u00e9t\u00e9, explique que Laurent Blanc n&rsquo;est pas, en r\u00e9alit\u00e9, attaqu\u00e9 pour les raisons invoqu\u00e9es. Mais qu&rsquo;il se trouve, par sa position et sa r\u00e9ussite actuelle, en position de g\u00eaner certains int\u00e9r\u00eats : <em>\u00ab\u00a0Un jeu de dominos se met en place : la Ligue de football professionnel (LFP) abandonne des pr\u00e9rogatives au profit des grands clubs pour prendre possession, en contre-partie, de la FFF et en particulier, de son joyau, l&rsquo;\u00e9quipe de France. Derri\u00e8re la bataille d&rsquo;ego, se cache la volont\u00e9 de copier les mod\u00e8les anglais ou italien, o\u00f9 la puissance financi\u00e8re s&rsquo;impose au d\u00e9triment du monde amateur\u00a0\u00bb. <\/em>Derri\u00e8re les beaux principes, qui sont d&rsquo;ailleurs en meilleure sant\u00e9 dans le foot que dans le milieu politique, ajoute malicieusement Boutih, ce sont donc des histoires de gros sous qui motivent la chasse au Laurent Blanc.<\/p>\n<p>Pour autant, j&rsquo;ai la d\u00e9sagr\u00e9able impression que ces soutiens ne suffiront pas. La ministre a donn\u00e9 le ton d\u00e8s samedi en suspendant Blaquart et tout porte \u00e0 croire que si l&rsquo;id\u00e9e d&rsquo;\u00e9tablir des quotas pour limiter les binationaux dans les p\u00f4les \u00ab\u00a0espoirs\u00a0\u00bb de la F\u00e9d\u00e9 n&rsquo;a pas \u00e9t\u00e9 suivie d&rsquo;effet, elle a bien \u00e9t\u00e9 \u00e9voqu\u00e9e comme solution parmi d&rsquo;autres dans cette fameuse r\u00e9union. Cette seule \u00e9vocation sera jug\u00e9e suffisamment r\u00e9pr\u00e9hensible. Il est alors tr\u00e8s probable qu&rsquo;on ne demandera pas \u00e0 Laurent Blanc sa d\u00e9mission mais une s\u00e9ance suppl\u00e9mentaire d&rsquo;auto-flagellation. Il aura alors le choix de s&rsquo;ex\u00e9cuter ou de partir. \u00a0Et s&rsquo;il avait d\u00e9j\u00e0 d\u00e9cid\u00e9 de tout laisser tomber ? S&rsquo;il leur disait de se d\u00e9merder et leur conseillait, en prime, de rappeler Domenech ? La tentation doit \u00eatre grande chez lui de privil\u00e9gier cette option. Pour autant, je ne la souhaite pas. Je pr\u00e9f\u00e9rerais que, se sentant soutenu par le pr\u00e9sident de la FFF Duchaussoy, il d\u00e9cide de tenir bon, de ne pas s&rsquo;excuser, \u00a0et d&rsquo;aller avec lui affronter les \u00e9lections f\u00e9d\u00e9rales de juin. En expliquant les vrais enjeux aussi clairement que Malek Boutih, nul doute que le monde amateur, majoritaire en voix, leur offrirait un joli triomphe, et enverrait valser Plenel, Thuram, Jouanno et les requins qui se cachent derri\u00e8re.<\/p>\n<p>Un joli match \u00e0 jouer, monsieur le s\u00e9lectionneur. Et \u00e0 gagner.<\/p>\n<p>&nbsp;<\/p>\n","protected":false},"excerpt":{"rendered":"<p>Le football fran\u00e7ais dans la tourmente -Episode II<\/p>\n","protected":false},"author":10,"featured_media":0,"comment_status":"open","ping_status":"closed","sticky":false,"template":"","format":"standard","meta":{"footnotes":""},"categories":[4],"tags":[62,176,171,175],"class_list":{"0":"post-2066","1":"post","2":"type-post","3":"status-publish","4":"format-standard","6":"category-oxygene","7":"tag-edwy-plenel","8":"tag-equipe-de-france","9":"tag-laurent-blanc","10":"tag-malek-boutih"},"_links":{"self":[{"href":"https:\/\/blog.causeur.fr\/antidote\/wp-json\/wp\/v2\/posts\/2066","targetHints":{"allow":["GET"]}}],"collection":[{"href":"https:\/\/blog.causeur.fr\/antidote\/wp-json\/wp\/v2\/posts"}],"about":[{"href":"https:\/\/blog.causeur.fr\/antidote\/wp-json\/wp\/v2\/types\/post"}],"author":[{"embeddable":true,"href":"https:\/\/blog.causeur.fr\/antidote\/wp-json\/wp\/v2\/users\/10"}],"replies":[{"embeddable":true,"href":"https:\/\/blog.causeur.fr\/antidote\/wp-json\/wp\/v2\/comments?post=2066"}],"version-history":[{"count":0,"href":"https:\/\/blog.causeur.fr\/antidote\/wp-json\/wp\/v2\/posts\/2066\/revisions"}],"wp:attachment":[{"href":"https:\/\/blog.causeur.fr\/antidote\/wp-json\/wp\/v2\/media?parent=2066"}],"wp:term":[{"taxonomy":"category","embeddable":true,"href":"https:\/\/blog.causeur.fr\/antidote\/wp-json\/wp\/v2\/categories?post=2066"},{"taxonomy":"post_tag","embeddable":true,"href":"https:\/\/blog.causeur.fr\/antidote\/wp-json\/wp\/v2\/tags?post=2066"}],"curies":[{"name":"wp","href":"https:\/\/api.w.org\/{rel}","templated":true}]}}