{"id":2081,"date":"2011-05-17T13:23:42","date_gmt":"2011-05-17T12:23:42","guid":{"rendered":"http:\/\/blog.causeur.fr\/antidote\/?p=2081"},"modified":"2021-04-26T16:10:57","modified_gmt":"2021-04-26T14:10:57","slug":"cest-surprise-sur-prises","status":"publish","type":"post","link":"https:\/\/blog.causeur.fr\/antidote\/cest-surprise-sur-prises-2081","title":{"rendered":"\u00ab\u00a0C&rsquo;est Surprise sur prises\u00a0\u00bb"},"content":{"rendered":"<p>Nous ne connaissons pas encore le verdict des prochaines audiences, et en premier lieu celle de vendredi prochain, qui d\u00e9cideront de la libert\u00e9 et de l&rsquo;avenir de Dominique Strauss-Kahn. Ce que nous savons en revanche, c&rsquo;est que la jeune femme de chambre qui est entr\u00e9e dans la suite du directeur du FMI, croyant vraisemblablement \u00e0 son absence, \u00e0 d\u00e9faut de changer la face du monde, a boulevers\u00e9 le d\u00e9bat intellectuel fran\u00e7ais.<\/p>\n<p>C&rsquo;est \u00e0 la lecture de l&rsquo;<a href=\"http:\/\/laregledujeu.org\/2011\/05\/16\/5685\/ce-que-je-sais-de-dominique-strauss-kahn\/\" target=\"_blank\" rel=\"noopener\">article tant attendu<\/a> de Bernard-Henri L\u00e9vy que j&rsquo;ai pris conscience de ce bouleversement. \u00c2mes sensibles s&rsquo;abstenir. Je vais citer un extrait de \u00a0phrase qui risque de faire tomber certains lecteurs de leur chaise : \u00ab\u00a0<em>[&#8230;]ceux qui, Dominique Strauss-Kahn en t\u00eate, avaient commenc\u00e9 de mettre en \u0153uvre des r\u00e8gles du jeu moins cl\u00e9mentes aux puissants, plus favorables aux nations prol\u00e9taires[&#8230;]\u00bb. <\/em>Vous avez bien lu. BHL a utilis\u00e9 le mot \u00ab\u00a0nations\u00a0\u00bb, puis il a utilis\u00e9 le mot \u00ab\u00a0prol\u00e9taires\u00a0\u00bb. Mieux, il a accol\u00e9 les deux termes. C&rsquo;est bien simple, depuis que j&rsquo;ai lu cela, je me demande si Marcel B\u00e9liveau est bien d\u00e9c\u00e9d\u00e9 en 2009 et s&rsquo;il ne va pas d\u00e9barquer pour nous annoncer comme il avait pris l&rsquo;habitude, avec son d\u00e9licieux accent qu\u00e9becois : \u00ab <em>c&rsquo;est Surprise sur prises\u00a0\u00bb.<\/em><\/p>\n<p>J&rsquo;ai v\u00e9rifi\u00e9 et re-v\u00e9rifi\u00e9. J&rsquo;\u00e9tait bien sur \u00ab\u00a0La r\u00e8gle du Jeu\u00a0\u00bb et l&rsquo;article \u00e9tait bien sign\u00e9 BHL. Au petit matin, je me suis dit que le site de notre philosophe le plus m\u00e9diatique avait peut-\u00eatre \u00e9t\u00e9 \u00ab\u00a0hack\u00e9\u00a0\u00bb, comme on dit. J&rsquo;ai rapidement ouvert mon ordinateur et, le site figurant \u00e9videmment dans mes favoris, je me suis aper\u00e7u qu&rsquo;il n&rsquo;en \u00e9tait rien puisqu&rsquo;une telle erreur aurait \u00e9t\u00e9 corrig\u00e9e dans la nuit. \u00a0Ainsi, ces mots r\u00e9serv\u00e9s aux naus\u00e9abonds souverainistes et aux non moins pestilentiels rouges-bruns, int\u00e9graient hier le lexique positif de l&rsquo;auteur de l&rsquo;Id\u00e9ologie fran\u00e7aise. Ce mardi matin, invit\u00e9 de Pascale Clark sur France Inter, il nous \u00e9tonnait encore. L&rsquo;hypocrisie, la tartufferie, tares que nous croyions depuis longtemps -\u00e0 force d&rsquo;\u00e9couter sagement BHL- r\u00e9serv\u00e9es \u00e0 la France, devenaient \u00e0 notre plus grand \u00e9tonnement l&rsquo;apanage des Etats-Unis d&rsquo;Am\u00e9rique. Il est loin le temps o\u00f9 ceux qui s&rsquo;accrochaient au mod\u00e8le r\u00e9publicain fran\u00e7ais, <em>comme des moules \u00e0 leur rocher<\/em>[1. Est-ce du Minc, du BHL ou du Jean-Marc Sylvestre ? Peut-\u00eatre les trois, finalement. ] se voyaient tax\u00e9s de franchouillards, de r\u00e9trogrades, et \u00e9taient accus\u00e9s de nationalisme, parfois aussi d&rsquo;anti-am\u00e9ricanisme, <em>cet antis\u00e9mitisme des imb\u00e9ciles<\/em>[2. Cette fois, c&rsquo;est s\u00fbr, c&rsquo;est du BHL.].<\/p>\n<p>BHL, accordons lui cela, n&rsquo;a pas voulu parler de complot, pr\u00e9f\u00e9rant \u00e9voquer un emballement m\u00e9diatique. Il est possible que dans un sursaut, il ait pris conscience qu&rsquo;apr\u00e8s avoir \u00e9voqu\u00e9 les nations prol\u00e9taires et critiqu\u00e9 les Etats-Unis, verser dans le complotisme et le conspirationnisme pouvait donner l&rsquo;impression qu&rsquo;il avait d\u00e9cid\u00e9 de piquer le fonds de commerce d&rsquo;Alain Soral et de Thierry Meyssan. D&rsquo;autres n&rsquo;ont pas fait preuve de la m\u00eame timidit\u00e9. Jean-Christophe Cambad\u00e9lis nous a expliqu\u00e9 en substance qu&rsquo;il n&rsquo;est pas un adepte de la th\u00e9orie du complot mais que l\u00e0, quand m\u00eame, il se pourrait bien que cela en soit un. Mich\u00e8le Sabban, conseill\u00e8re r\u00e9gionale et ancienne collaboratrice de DSK, y est all\u00e9e plus franco. Pour elle, il ne fait aucun doute qu&rsquo;il s&rsquo;agit d&rsquo;une manipulation de port\u00e9e internationale. La CIA ? Les Chinois ? Wall Street ? C&rsquo;est fou ce qu&rsquo;il pouvait g\u00eaner, Dominique Strauss-Kahn, en voulant prot\u00e9ger le peuple grec !<\/p>\n<p>S&rsquo;il n&rsquo;y avait que les amis de DSK qui perdaient les p\u00e9dales, ce qui est bien naturel[3. L&rsquo;auteur de ces lignes ne peut exclure qu&rsquo;il ne les perdrait pas aussi si son ami le plus cher se trouvait dans la m\u00eame situation.], ce ne serait pas si grave. Dimanche, on a pu assister \u00e0 un dialogue remarquable au 13H00 de France 2 o\u00f9 \u00e9taient invit\u00e9s Alain Duhamel, Fran\u00e7ois Baroin, Caroline Fourest et Franz-Olivier Giesbert. Les deux premiers cit\u00e9s en ont profit\u00e9 tr\u00e8s opportun\u00e9ment pour frapper \u00e0 bras raccourcis sur internet, accus\u00e9 encore une fois de tous les maux, le ministre \u00e9voquant \u00ab\u00a0la France des corbeaux\u00a0\u00bb. Duhamel \u00e9voquait l&rsquo;atmosph\u00e8re de conspirationnisme r\u00e9gnant sur la toile, tout en n&rsquo;excluant pas que DSK soit victime d&rsquo;un complot. On r\u00eave&#8230; 98 % des fran\u00e7ais avaient appris la nouvelle \u00e0 la radio et non sur leur ordinateur. Les cha\u00eenes de t\u00e9l\u00e9, depuis quelques heures, ne parlaient que de DSK, \u00e9voquant tout et n&rsquo;importe quoi, mais c&rsquo;\u00e9tait encore de la faute du Net. Le lendemain, en conclusion de sa chronique, il remettait le couvert. Internet \u00e0 bon dos. En fait, on a le droit de se comporter en piliers de bistrot au 13h00 de France 2 mais pas derri\u00e8re un clavier. \u00a0Il fallait juste nous pr\u00e9venir ! Quant aux corbeaux de Baroin, le ministre n&rsquo;\u00e9tait pas m\u00e9content d&rsquo;aller leur emprunter, quatre jours avant, la formule \u00ab\u00a0Porsche tranquille\u00a0\u00bb afin de mettre les rieurs de son c\u00f4t\u00e9 \u00e0 l&rsquo;Assembl\u00e9e nationale lors de la derni\u00e8re s\u00e9ance de questions au gouvernement.<\/p>\n<p>En attendant que toutes ces \u00e9minentes personnalit\u00e9s se souviennent que le monde a d\u00e9j\u00e0 \u00e9t\u00e9 suspendu au sort d&rsquo;une personnalit\u00e9 internationale &#8211;<a href=\"http:\/\/www.causeur.fr\/dsk-un-feuilleton-indecent,9929\" target=\"_blank\" rel=\"noopener\">Marc Cohen rappelait le cas de Mike Tyson<\/a>&#8211; alors que ni Twitter ni m\u00eame Internet ne leur fassent de la concurrence, esp\u00e9rons -voire prions, pour ceux qui ont la foi- que le complotisme de ces n\u00e9ophytes forc\u00e9ment z\u00e9l\u00e9s ne sombre pas davantage dans le grotesque. D&rsquo;ici \u00e0 ce qu&rsquo;on nous explique dans les prochaines heures qu&rsquo;<em>on<\/em> a voulu \u00e9viter que le sauveur DSK ne se rende en Europe au chevet de la monnaie unique&#8230; Un coup des m\u00e9chants sp\u00e9culateurs associ\u00e9s aux adversaires de l&rsquo;euro ! Miam ! Vont-ils l&rsquo;oser aussi, celle l\u00e0 ?<\/p>\n","protected":false},"excerpt":{"rendered":"<p>Et si nous \u00e9tions tous victimes de la cam\u00e9ra cach\u00e9e ?<\/p>\n","protected":false},"author":10,"featured_media":0,"comment_status":"open","ping_status":"closed","sticky":false,"template":"","format":"standard","meta":{"footnotes":""},"categories":[4],"tags":[83,85,21,180,179,178,181,182],"class_list":{"0":"post-2081","1":"post","2":"type-post","3":"status-publish","4":"format-standard","6":"category-oxygene","7":"tag-alain-duhamel","8":"tag-alain-soral","9":"tag-bernard-henri-levy","10":"tag-complotisme","11":"tag-francois-baroin","12":"tag-marcel-beliveau","13":"tag-nations","14":"tag-proletaires"},"_links":{"self":[{"href":"https:\/\/blog.causeur.fr\/antidote\/wp-json\/wp\/v2\/posts\/2081","targetHints":{"allow":["GET"]}}],"collection":[{"href":"https:\/\/blog.causeur.fr\/antidote\/wp-json\/wp\/v2\/posts"}],"about":[{"href":"https:\/\/blog.causeur.fr\/antidote\/wp-json\/wp\/v2\/types\/post"}],"author":[{"embeddable":true,"href":"https:\/\/blog.causeur.fr\/antidote\/wp-json\/wp\/v2\/users\/10"}],"replies":[{"embeddable":true,"href":"https:\/\/blog.causeur.fr\/antidote\/wp-json\/wp\/v2\/comments?post=2081"}],"version-history":[{"count":0,"href":"https:\/\/blog.causeur.fr\/antidote\/wp-json\/wp\/v2\/posts\/2081\/revisions"}],"wp:attachment":[{"href":"https:\/\/blog.causeur.fr\/antidote\/wp-json\/wp\/v2\/media?parent=2081"}],"wp:term":[{"taxonomy":"category","embeddable":true,"href":"https:\/\/blog.causeur.fr\/antidote\/wp-json\/wp\/v2\/categories?post=2081"},{"taxonomy":"post_tag","embeddable":true,"href":"https:\/\/blog.causeur.fr\/antidote\/wp-json\/wp\/v2\/tags?post=2081"}],"curies":[{"name":"wp","href":"https:\/\/api.w.org\/{rel}","templated":true}]}}