{"id":2101,"date":"2011-06-11T12:15:36","date_gmt":"2011-06-11T11:15:36","guid":{"rendered":"http:\/\/blog.causeur.fr\/antidote\/?p=2101"},"modified":"2021-04-26T16:10:57","modified_gmt":"2021-04-26T14:10:57","slug":"la-question-sociale-est-liee-a-la-question-culturelle","status":"publish","type":"post","link":"https:\/\/blog.causeur.fr\/antidote\/la-question-sociale-est-liee-a-la-question-culturelle-2101","title":{"rendered":"\u00ab La question sociale est li\u00e9e \u00e0 la question culturelle\u00a0\u00bb"},"content":{"rendered":"<p>Suite et fin de l&rsquo;entretien Leroy-Dupont-Aignan<\/p>\n<p><a href=\"http:\/\/www.causeur.fr\/%C2%AB-j%E2%80%99entame-un-combat-de-liberation-nationale-%C2%BB,9858\" target=\"_blank\" rel=\"noopener\"><em>Entretien Causeur \u00ab\u00a0J&rsquo;entame un combat de lib\u00e9ration nationale\u00a0\u00bb<\/em><\/a><\/p>\n<p><a href=\"http:\/\/blog.causeur.fr\/antidote\/un-systeme-oligarchique-pervertit-leconomie-de-marche,002100\" target=\"_blank\" rel=\"noopener\"><em>Blog Partie I \u00ab\u00a0Un syst\u00e8me oligarchique pervertit l&rsquo;\u00e9conomie de march\u00e9\u00a0\u00bb<\/em><\/a><\/p>\n<p><strong>J\u00e9r\u00f4me Leroy &#8211;\u00a0Croyez-vous qu\u2019un CNR, r\u00e9f\u00e9rence majeure pour un homme tel que vous, est encore possible aujourd\u2019hui puisque vous aspirez \u00e0 ce que nous sortions d\u2019une dictature soft o\u00f9 nous sommes pieds et poings li\u00e9s, sachant que cela supposerait que des personnalit\u00e9s de gauche y participent. Faisons un r\u00eave un instant.<\/strong><\/p>\n<p><strong>Nicolas Dupont-Aignan &#8211;<\/strong> C\u2019est totalement possible et souhaitable, mais cela ne viendra qu\u2019apr\u00e8s une situation de trouble. Je doute que cela puisse se faire \u00e0 froid. Si l\u2019on r\u00eavait les choses, si je suis \u00e9lu, demain matin, j\u2019ai un gouvernement d\u2019union nationale, mais sur un projet de lib\u00e9ration nationale et de salut public. Rien \u00e0 voir avec l\u2019ouverture sauce 2007. Avec 10 points \u00e0 mettre en \u0153uvre. Apr\u00e8s, le jeu politique reprendra son cours.<\/p>\n<p><strong>JL &#8211; Et vous verriez qui de l\u2019autre rive\u00a0?<\/strong><\/p>\n<p><strong>NDA &#8211; <\/strong>Cela va de M\u00e9lenchon \u00e0 Chev\u00e8nement. Il y a des jeunes aussi, de la nouvelle g\u00e9n\u00e9ration, comme Aur\u00e9lien Bernier du mouvement pour une \u00e9ducation populaire. Il a tout compris. Il faut sortir l\u2019Union europ\u00e9enne de l\u2019Europe. Malheureusement, cela ne se fera pas \u00e0 froid.<\/p>\n<p><strong>JL\u00a0: La sensibilit\u00e9 \u00e9cologique ne me semblait pas comme \u00e9tant celle qui vous caract\u00e9risait pourtant\u00a0?<\/strong><\/p>\n<p><strong>NDA\u00a0: <\/strong>Les Verts sont totalement incoh\u00e9rents. Ils ont de bonnes id\u00e9es, mais ils ne veulent pas se donner les moyens. Or, seul l\u2019Etat pourra lancer la reconversion \u00e9cologique de la France. C\u2019est un chantier magnifique.<\/p>\n<p><strong>JL &#8211; C\u2019est une id\u00e9e assez proche du PG et de M\u00e9lenchon qui parle de \u00ab\u00a0planification \u00e9cologique\u00a0\u00bb. C\u2019est quelque chose dans laquelle vous vous reconnaissez\u00a0?<\/strong><\/p>\n<p><strong>NDA &#8211;<\/strong> Tout \u00e0 fait, mais je ne comprends pas pourquoi M\u00e9lenchon ne franchit pas le cap de la sortie de l\u2019euro. Comme Chev\u00e8nement. Ils sont dans le tabou.<\/p>\n<p><strong>JL &#8211; Vous pensez qu\u2019on ne s\u2019en sortirait pas avec un euro faible, en reprenant le contr\u00f4le de la Banque centrale europ\u00e9enne\u00a0?<\/strong><\/p>\n<p><strong>NDA &#8211;<\/strong> C\u2019est tr\u00e8s sympathique, mais cela ne viendra jamais. A moins d\u2019envahir l\u2019Allemagne\u00a0! C\u2019est le c\u00f4t\u00e9 r\u00eaveur de la gauche que d&rsquo;imaginer cela.<\/p>\n<p><strong>JL &#8211; Pouvez-vous expliquez votre th\u00e9orie tr\u00e8s lucide du non d\u00e9ficit de gouvernance europ\u00e9enne\u00a0?<\/strong><\/p>\n<p><strong>NDA &#8211; <\/strong>Il y a une gouvernance tr\u00e8s claire. C\u2019est l\u2019Allemagne qui dirige l\u2019Europe. Pour ses int\u00e9r\u00eats.  Et je ne lui en veux pas. J\u2019en veux \u00e0 la France d\u2019avoir abandonn\u00e9 les siens. Un m\u00e9lange d\u2019int\u00e9r\u00eats de la classe dirigeante allemande -parce que le peuple allemand trinque-et des int\u00e9r\u00eats ext\u00e9rieurs \u00e0 l\u2019Europe qui sont ravis d\u2019avoir une Europe suffisamment forte pour \u00e9touffer les Nations qui m\u00e8neraient leur propre politique, et suffisamment faible et apathique pour laisser ses int\u00e9r\u00eats en berne. La situation est parfaite pour les Etats-Unis, la Chine, le Br\u00e9sil, l\u2019Inde\u2026 et l\u2019Allemagne s\u2019en tire\u00a0!  Que demander de plus ? Les puissants, les nouveaux f\u00e9odaux de France, d\u2019Italie, d\u2019Espagne rackettent leurs peuples. La gouvernance est mise en place. Il n\u2019y a plus qu\u2019\u00e0 \u00e9lire Strauss-Kahn[1. L&rsquo;entretien a eu lieu avant le 14 mai, date de l&rsquo;arrestation de DSK \u00e0 New-York.] et tout est complet. Paradoxalement, Sarkozy a compris au fond que cela ne fonctionnait pas, que tout cela n\u2019\u00e9tait pas bon pour le peuple fran\u00e7ais. Il l\u2019a per\u00e7u sinon il n\u2019aurait pas \u00e9t\u00e9 \u00e9lu en 2007. Donc il temp\u00eate en permanence contre ce syst\u00e8me auquel il s&rsquo;est pourtant pli\u00e9 et que, finalement, il conforte. Il joue double jeu. DSK est plus clair, il veut conforter le syst\u00e8me. Il est \u00e0 la fois plus franc et n\u2019a plus aucun surmoi, ni m\u00eame \u00e9lectoral. C\u2019est pour cela que cela finira en d\u00e9sastre.\u00a0Ce syst\u00e8me est-il si diff\u00e9rent des grands f\u00e9odaux qui s\u2019entendaient avec l\u2019Angleterre \u00e0 l\u2019\u00e9poque de Jeanne d\u2019Arc et trahissaient leur pays ?<\/p>\n<p><strong>JL &#8211;\u00a0Comment vivez-vous une certaine solitude politique ? Vous d\u00e9crivez une sc\u00e8ne assez \u00e9trange o\u00f9 vous prenez la parole pour vous opposer au plan de sauvetage de la Gr\u00e8ce, pas contre la Gr\u00e8ce mais contre la m\u00e9thode, et vous racontez qu\u2019un d\u00e9put\u00e9 UMP vient vers vous et vous dit qu\u2019il va manquer de courage mais qu\u2019on ne peut pas \u00eatre contre l\u2019Europe face \u00e0 l\u2019opinion\u2026 L\u00e2chet\u00e9 politique et erreur d\u2019analyse ?<\/strong><\/p>\n<p><strong>NDA &#8211; <\/strong>Cela arrive tr\u00e8s fr\u00e9quemment. Beaucoup viennent me voir en me disant que j\u2019ai raison.\u00a0Mais on est face \u00e0 un dogme ou \u00e0 une faiblesse. Ils ont \u00e9t\u00e9 pr\u00eats \u00e0 d\u00e9penser 17 milliards d\u2019euros pour sauver la Gr\u00e8ce. Maintenant qu\u2019ils ont transf\u00e9r\u00e9 les cr\u00e9ances bancaires sur l\u2019Etat, ils vont pr\u00e9parer une restructuration. C&rsquo;est-\u00e0-dire qu\u2019ils sont pr\u00eats \u00e0 perdre de l\u2019argent pour sauver l\u2019euro\u2026 La prochaine \u00e9tape, c\u2019est l\u2019explosion de l\u2019euro en vol. Les Allemands ont encore un peu de sens d\u2019int\u00e9r\u00eat national. Ils savent compter leurs sous. Paradoxalement, ils sont plus souverainistes que nous, de tr\u00e8s loin. Les Anglais ont compris l\u2019escroquerie depuis longtemps, ils n\u2019y participent pas. Les Allemands participent parce que cela leur profite. Mais le jour o\u00f9 cela ne leur profitera plus, ce sera fini. Et nous, nous sommes les dindons de la farce, les na\u00effs.<\/p>\n<p><strong>JL &#8211; Si je reviens \u00e0 vos rapports avec l\u2019UMP, il n\u2019y a plus de retour possible\u00a0?<\/strong><\/p>\n<p><strong>NDA &#8211;<\/strong> Non. Certes, il ne faut jamais dire jamais en politique. Si l\u2019UMP rejoignait l\u2019opposition\u2026 \u00a0Mais, dans ce cas ce ne serait plus l\u2019UMP. L\u00e0 o\u00f9 nous en sommes, ce n\u2019est plus possible. Il n\u2019y a pas d\u2019issue avec l&rsquo;UMP.<\/p>\n<p><strong>JL &#8211;\u00a0Vous arrivez au pouvoir, \u00e7a se passe comment les 100 premiers jours\u00a0?<\/strong><\/p>\n<p><strong>NDA &#8211; <\/strong>Il y a le champ politique et le champ du gouvernement. Sur le champ politique, c\u2019est l\u2019union nationale de tous ceux qui veulent reprendre le pouvoir.\u00a0R\u00e9f\u00e9rendum\u00a0imm\u00e9diat sur l\u2019euro pour en sortir au plus vite, reprise du pouvoir \u00e0 la banque centrale, d\u00e9nonciation des accords europ\u00e9ens, sommet europ\u00e9en exceptionnel pour reconstruire une Europe des nations, Europe \u00e0 la carte, reconqu\u00eate scientifique, nationalisation des groupes \u00e9nerg\u00e9tiques et mise en place d\u2019une reconversion \u00e9nerg\u00e9tique fran\u00e7aise sur 5 ans, baisse des charges sur les PME, construction de 20\u00a0000 places de prison . Mais les  grandes r\u00e9formes, euro, justice, \u00e9cole publique, fiscalit\u00e9, il faut les soumettre \u00e0 r\u00e9f\u00e9rendums. Sinon, on n\u2019en sortira jamais.<\/p>\n<p><strong>JL &#8211; Votre assembl\u00e9e, dans la foul\u00e9e, elle est constituante ou pas\u00a0?<\/strong><\/p>\n<p><strong>NDA &#8211;<\/strong> Il faut toiletter la Constitution, mais ne pas tout d\u00e9truire, loin de l\u00e0. Un peu de proportionnelle.<\/p>\n<p><strong>JL &#8211; Et la co\u00efncidence du mandat pr\u00e9sidentiel et de la l\u00e9gislature\u00a0?<\/strong><\/p>\n<p><strong>NDA\u00a0: <\/strong>L\u2019id\u00e9al c\u2019est de revenir au septennat mais c\u2019est difficile. Je l\u2019avais mis et je l\u2019ai enlev\u00e9 de mon projet. Pourquoi pas \u00a0un mandat de six ans ? Ce qu&rsquo;il faut avant tout, c&rsquo;est dissocier les deux \u00e9lections.<\/p>\n<p><strong>JL &#8211;\u00a0C\u2019est quand m\u00eame un probl\u00e8me \u00e9norme pour le r\u00f4le du Parlement\u00a0?<\/strong><\/p>\n<p><strong>NDA &#8211; <\/strong>Il ne faut pas se disperser. Le plus important, c\u2019est la reprise du pouvoir \u00e9conomique.<\/p>\n<p><strong>JL\u00a0&#8211; \u00a0Mais de Gaulle a commenc\u00e9 par la constitution en 1958 !<\/strong><\/p>\n<p><strong>NDA &#8211;<\/strong> Et elle est tr\u00e8s bien. La IV\u00e8me R\u00e9publique, c\u2019\u00e9tait l\u2019impuissance. Le probl\u00e8me aujourd&rsquo;hui, ce n&rsquo;est pas la constitution. C\u2019est ceux qu\u2019on \u00e9lit. Vous me direz, on \u00e9lit des gens comme \u00e7a parce que les institutions sont d\u00e9faillantes. C\u2019est le probl\u00e8me du mode de scrutin. Vous l\u2019assouplissez et vous a\u00e9rez le syst\u00e8me. Mais pas trop non plus. Le plus grave aujourd\u2019hui, le plus grand danger, ce n\u2019est pas la r\u00e9volte, c\u2019est la r\u00e9signation et le d\u00e9faitisme. Les Fran\u00e7ais sont d\u00e9sabus\u00e9s, ils croient que leur pays est foutu. Tous les hommes politiques et gouvernants ont trahi. Ces alternances rat\u00e9es successives aboutissent \u00e0 des \u00e9checs et les Fran\u00e7ais ne croient plus en la France. La grande difficult\u00e9 c\u2019est \u00e0 la fois de leur redonner espoir et de leur dire que la France peut s\u2019en sortir, \u00e0 une condition, de reprendre le pouvoir et de lui rendre, de reprendre sa libert\u00e9. Je ne veux pas avoir un discours de repli et d\u2019\u00e9chec, c\u2019est un d\u00e9faut fran\u00e7ais et c\u2019est ce qui me diff\u00e9rencie de Marine le Pen. Il faut vraiment expliquer \u00e0 nos concitoyens que la France a plein d\u2019atouts, leur expliquer qu&rsquo;elle n\u2019est pas condamn\u00e9e. Il faut retrouver ce que Marie-France Garaud appelle la volont\u00e9 de vouloir et de pouvoir, le d\u00e9clic, l\u2019envie de s\u2019en sortir. C\u2019est tout le boulot de la campagne.<\/p>\n<p><strong>JL &#8211;\u00a0Pensez-vous qu\u2019on peut avoir le sentiment d\u2019appartenir \u00e0 une m\u00eame nation avec une telle diff\u00e9rence de revenus\u00a0?<\/strong><\/p>\n<p><strong>NDA &#8211; <\/strong>La question sociale est au c\u0153ur de mon projet, mais elle y est li\u00e9e \u00e0 la question culturelle. On a cass\u00e9 tout sentiment d\u2019appartenance. On a transform\u00e9 le citoyen en consommateur. On a cass\u00e9 l\u2019\u00e9cole, on a cass\u00e9 la t\u00e9l\u00e9vision, la culture, on est dans le d\u00e9ni de soi permanent, la haine de soi. La diff\u00e9rence sociale est inacceptable mais elle peut \u00eatre tr\u00e8s vite corrig\u00e9e. Salaire maximal, limitation de 1 \u00e0 30. Je suis aussi pour l\u2019imp\u00f4t li\u00e9 \u00e0 la nationalit\u00e9, \u00e0 l\u2019am\u00e9ricaine. Il s&rsquo;agit un imp\u00f4t minimum, m\u00eame si vous \u00eates r\u00e9sident fiscal ailleurs. Et vous avez interdiction de s\u00e9jour si vous ne l\u2019avez pas r\u00e9gl\u00e9 : finis Saint-Tropez l&rsquo;\u00e9t\u00e9 et la Piti\u00e9 Salp\u00e9tri\u00e8re pour l\u2019infarctus ; finis le plateau de Fogiel ou celui du Grand Journal pour les auteurs \u00e0 succ\u00e8s qui sont fiscalis\u00e9s en Suisse ; fini le tennis \u00e0 Roland Garros pour ceux qui sont r\u00e9sidents ailleurs. \u00a0On ne peut avoir la client\u00e8le de ses bouquins, passer sa vie \u00e0 Paris faire ses promotions et repartir. Aux Etats-Unis, quelqu\u2019un qui n\u2019a pas r\u00e9gl\u00e9 son imp\u00f4t est arr\u00eat\u00e9 \u00e0 la douane et ne peut pas rentrer. On peut se passer d\u2019eux. D&rsquo;ailleurs, ils reviendront vite, ne vous en faites pas. Ce genre de mesure, c&rsquo;est r\u00e9alisable tr\u00e8s rapidement<\/p>\n<p><strong>JL &#8211; Et donc, sur le plan culturel ?<\/strong><\/p>\n<p>Ce qui est beaucoup plus grave, en effet, c\u2019est le d\u00e9ni de soi, l\u2019abandon culturel, la perte d\u2019enseignement de l\u2019Histoire. Ce combat est beaucoup plus difficile. Il s&rsquo;agit de remettre au centre le r\u00f4le de la langue fran\u00e7aise, de l\u2019\u00e9criture. Si on en est l\u00e0, c\u2019est parce que pendant 30 ans, on a d\u00e9tricot\u00e9 \u00e7a. Il faut le reconstruire gr\u00e2ce \u00e0 une grande r\u00e9forme de l\u2019\u00e9ducation nationale. \u00a0Ensuite, il faut en finir avec le communautarisme. En France, on se rassemble, quelque soit sa couleur, sa religion. Et on appartient \u00e0 la m\u00eame nation. L\u2019affaire du foot est embl\u00e9matique. Christophe Dugarry a r\u00e9v\u00e9l\u00e9 que Thuram voulait faire une photo entre noirs de la coupe du Monde. C&rsquo;\u00e9tait du communautarisme, de l&rsquo;exclusion. On ne pourra redresser la France que si on r\u00e9concilie les Fran\u00e7ais. C\u2019est une diff\u00e9rence majeure que je pense avoir avec \u00a0Marine Le Pen. Qu\u2019on arr\u00eate  de souffler sur les braises. Bien s\u00fbr qu\u2019il y a des probl\u00e8mes, des fanatiques. Mais pour 1 pour 1000 de fanatiques, on est en train de cr\u00e9er un sentiment d\u2019exclusion dans une bonne partie de notre jeunesse. La r\u00e9conciliation nationale est peut-\u00eatre beaucoup plus compliqu\u00e9e \u00e0 r\u00e9aliser que la r\u00e9conciliation \u00e9conomique et sociale.<\/p>\n<p><strong>JL &#8211; vous n\u2019avez pas l\u2019impression qu\u2019il s\u2019agit d\u2019une sorte de cercle vertueux\u00a0?<\/strong><\/p>\n<p><strong>NDA &#8211;<\/strong> C\u2019est l\u2019emploi qui fera la r\u00e9conciliation. Les diff\u00e9rences de salaire sont insupportables sentimentalement et id\u00e9ologiquement. A l\u2019inverse il y a des aides sociales consid\u00e9rables dans notre pays. Les gens de la classe moyenne qui viennent me voir \u00e0 la permanence, ils critiquent le RMI, le RSA. On oppose les gens. Il suffirait d\u2019un salaire maximal, d\u2019un imp\u00f4t national, de remettre un peu d\u2019ordre. La dynamique pourrait aussi reprendre si on \u00e9tait davantage ambitieux en mati\u00e8re de participation dans l&rsquo;entreprise. Ce projet, il est tout \u00e0 fait r\u00e9alisable.<\/p>\n<p>&nbsp;<\/p>\n<p>&nbsp;<\/p>\n","protected":false},"excerpt":{"rendered":"<p>Leroy versus NDA, l&rsquo;int\u00e9grale (II)<\/p>\n","protected":false},"author":10,"featured_media":0,"comment_status":"open","ping_status":"closed","sticky":false,"template":"","format":"standard","meta":{"footnotes":""},"categories":[6],"tags":[209,23],"class_list":{"0":"post-2101","1":"post","2":"type-post","3":"status-publish","4":"format-standard","6":"category-les-entretiens-dantidote","7":"tag-jerome-leroy","8":"tag-nicolas-dupont-aignan"},"_links":{"self":[{"href":"https:\/\/blog.causeur.fr\/antidote\/wp-json\/wp\/v2\/posts\/2101","targetHints":{"allow":["GET"]}}],"collection":[{"href":"https:\/\/blog.causeur.fr\/antidote\/wp-json\/wp\/v2\/posts"}],"about":[{"href":"https:\/\/blog.causeur.fr\/antidote\/wp-json\/wp\/v2\/types\/post"}],"author":[{"embeddable":true,"href":"https:\/\/blog.causeur.fr\/antidote\/wp-json\/wp\/v2\/users\/10"}],"replies":[{"embeddable":true,"href":"https:\/\/blog.causeur.fr\/antidote\/wp-json\/wp\/v2\/comments?post=2101"}],"version-history":[{"count":0,"href":"https:\/\/blog.causeur.fr\/antidote\/wp-json\/wp\/v2\/posts\/2101\/revisions"}],"wp:attachment":[{"href":"https:\/\/blog.causeur.fr\/antidote\/wp-json\/wp\/v2\/media?parent=2101"}],"wp:term":[{"taxonomy":"category","embeddable":true,"href":"https:\/\/blog.causeur.fr\/antidote\/wp-json\/wp\/v2\/categories?post=2101"},{"taxonomy":"post_tag","embeddable":true,"href":"https:\/\/blog.causeur.fr\/antidote\/wp-json\/wp\/v2\/tags?post=2101"}],"curies":[{"name":"wp","href":"https:\/\/api.w.org\/{rel}","templated":true}]}}