{"id":2105,"date":"2011-06-14T21:47:46","date_gmt":"2011-06-14T20:47:46","guid":{"rendered":"http:\/\/blog.causeur.fr\/antidote\/?p=2105"},"modified":"2021-04-26T16:10:56","modified_gmt":"2021-04-26T14:10:56","slug":"elles-ont-ose","status":"publish","type":"post","link":"https:\/\/blog.causeur.fr\/antidote\/elles-ont-ose-2105","title":{"rendered":"Elles ont os\u00e9"},"content":{"rendered":"<p>Je dois bien l&rsquo;avouer : jamais je n&rsquo;aurais cru que Caroline de Haas et ses copines de <em>Osez le F\u00e9minisme<\/em> iraient jusque l\u00e0. Lorsque la porte-parole[1. Qui a annonc\u00e9 sur twitter sa volont\u00e9 de passer la main.], de cette association, dont la r\u00e9cente m\u00e9diatisation doit beaucoup \u00e0 DSK, d\u00e9plorait \u00e0 Mots crois\u00e9s qu&rsquo; on \u00ab\u00a0ne parlait pas assez du plaisir f\u00e9minin\u00a0\u00bb, je l&rsquo;avais m\u00e9chamment <a href=\"http:\/\/blog.causeur.fr\/antidote\/aux-abris-les-brigades-domestiques-bientot-dans-vos-foyers,002093\" target=\"_blank\" rel=\"noopener\">moqu\u00e9e<\/a> en imaginant que des brigades domestiques contr\u00f4leraient bient\u00f4t le juste partage du plaisir dans les chambres \u00e0 coucher de France et de Navarre.<\/p>\n<p>En fait, nous \u00e9tions loin d&rsquo;imaginer ce qu&rsquo; allaient oser nos f\u00e9ministes new-age. C&rsquo;est une grande campagne intitul\u00e9e \u00ab\u00a0Osez le clito\u00a0\u00bb qui a \u00e9t\u00e9 lanc\u00e9e par l&rsquo;association. Vous avez bien lu. Et si vous ne me croyez pas -ce que je comprendrais- rendez vous sur le<a href=\"http:\/\/www.osezleclito.fr\/\" target=\"_blank\" rel=\"noopener\"> site d\u00e9di\u00e9<\/a>. Vous y trouverez notamment un clip r\u00e9volutionnaire dont le but est de montrer aux autres femmes -qui l&rsquo;ignoreraient encore- que c&rsquo;est vachement bien, l&rsquo;orgasme f\u00e9minin[2. Sur la page facebook officielle de \u00ab\u00a0osez le clito\u00a0\u00bb, j&rsquo;en ai trouv\u00e9 <a href=\"http:\/\/www.dailymotion.com\/video\/xishoc_questionchampionneclit_webcam\" target=\"_blank\" rel=\"noopener\">une autre<\/a>. Sans commentaire.].<\/p>\n<p>Sur le <a href=\"http:\/\/www.osezlefeminisme.fr\/article\/je-participe-a-la-campagne-osez-le-clito\" target=\"_blank\" rel=\"noopener\">site de \u00ab\u00a0Osez le f\u00e9minisme\u00a0\u00bb<\/a>, on peut lire ce morceau d&rsquo;anthologie : <em>\u00a0\u00bb\u00a0Osez le f\u00e9minisme pr\u00e9pare une campagne \u00ab\u00a0Osez le clito\u00a0\u00bb. L&rsquo;objectif ? Parler et faire parler des plaisirs sexuels des femmes. Le clitoris est un organe essentiel du plaisir sexuel. Pourtant, il est souvent oubli\u00e9, ni\u00e9, voire mutil\u00e9. Avec \u00ab\u00a0Osez le clito\u00a0\u00bb, Osez le f\u00e9minisme veut affirmer que les sexualit\u00e9s des femmes sont multiples, peuvent se vivre en dehors de toute procr\u00e9ation et ne sont pas forc\u00e9ment compl\u00e9mentaires des sexualit\u00e9s masculines. Le clitoris est politique ! \u00a0\u00ab\u00a0<\/em><\/p>\n<p>Si vous \u00eates sensible \u00e0 ce combat politique d&rsquo;envergure, lequel ne devrait pas laisser Madame Dugenou insensible, vous pouvez d&rsquo;ores et d\u00e9j\u00e0 vous inscrire afin de participer aux actions collage\/pochoir qui auront lieu en r\u00e9gion parisienne et dans une quinzaine de grandes villes fran\u00e7aises le 20 juin prochain. Rappelons au passage ce scandale m\u00e9connu : il n&rsquo;existe pas, \u00e0 ce jour, \u00a0de<a href=\"http:\/\/www.causeur.fr\/cest-tous-les-jours-fete,7848\" target=\"_blank\" rel=\"noopener\"> journ\u00e9e mondiale<\/a> du clitoris.<\/p>\n<p>Vive le Clitoris, Vive la R\u00e9publique et Vive la France !<\/p>\n<p>&nbsp;<\/p>\n","protected":false},"excerpt":{"rendered":"<p>Pour l&rsquo;association \u00ab\u00a0Osez le f\u00e9minisme\u00a0\u00bb, le clitoris est politique. Qu&rsquo;on se le dise !<\/p>\n","protected":false},"author":10,"featured_media":0,"comment_status":"open","ping_status":"closed","sticky":false,"template":"","format":"standard","meta":{"footnotes":""},"categories":[5],"tags":[202,203],"class_list":{"0":"post-2105","1":"post","2":"type-post","3":"status-publish","4":"format-standard","6":"category-sulfate","7":"tag-clitoris","8":"tag-osez-le-feminisme"},"_links":{"self":[{"href":"https:\/\/blog.causeur.fr\/antidote\/wp-json\/wp\/v2\/posts\/2105","targetHints":{"allow":["GET"]}}],"collection":[{"href":"https:\/\/blog.causeur.fr\/antidote\/wp-json\/wp\/v2\/posts"}],"about":[{"href":"https:\/\/blog.causeur.fr\/antidote\/wp-json\/wp\/v2\/types\/post"}],"author":[{"embeddable":true,"href":"https:\/\/blog.causeur.fr\/antidote\/wp-json\/wp\/v2\/users\/10"}],"replies":[{"embeddable":true,"href":"https:\/\/blog.causeur.fr\/antidote\/wp-json\/wp\/v2\/comments?post=2105"}],"version-history":[{"count":0,"href":"https:\/\/blog.causeur.fr\/antidote\/wp-json\/wp\/v2\/posts\/2105\/revisions"}],"wp:attachment":[{"href":"https:\/\/blog.causeur.fr\/antidote\/wp-json\/wp\/v2\/media?parent=2105"}],"wp:term":[{"taxonomy":"category","embeddable":true,"href":"https:\/\/blog.causeur.fr\/antidote\/wp-json\/wp\/v2\/categories?post=2105"},{"taxonomy":"post_tag","embeddable":true,"href":"https:\/\/blog.causeur.fr\/antidote\/wp-json\/wp\/v2\/tags?post=2105"}],"curies":[{"name":"wp","href":"https:\/\/api.w.org\/{rel}","templated":true}]}}