{"id":2135,"date":"2011-07-28T15:10:37","date_gmt":"2011-07-28T14:10:37","guid":{"rendered":"http:\/\/blog.causeur.fr\/antidote\/?p=2135"},"modified":"2021-04-26T16:10:56","modified_gmt":"2021-04-26T14:10:56","slug":"inimitable-quatremer","status":"publish","type":"post","link":"https:\/\/blog.causeur.fr\/antidote\/inimitable-quatremer-2135","title":{"rendered":"Inimitable Quatremer"},"content":{"rendered":"<p>Il para\u00eet que Jean Quatremer est le meilleur journaliste sp\u00e9cialiste de l&rsquo;Europe. <em>\u00ab\u00a0Cite-moi un autre journaliste sp\u00e9cialis\u00e9 dans ce domaine\u00a0\u00bb <\/em>me questionnait un camarade de Twitter \u00a0alors que je me moquais gentiment de ce que ce dernier tenait, semble t-il, pour une Institution. Seulement voil\u00e0, que Quatremer connaisse par coeur les rouages de la grande machine bruxelloise, appelle commissaires et d\u00e9put\u00e9s europ\u00e9ens &#8211; pas Nigel Farage, faut pas charrier ! &#8211; par leurs pr\u00e9noms, cela n&rsquo;en fait pas pour autant un sp\u00e9cialiste de l&rsquo;Europe. Et puisqu&rsquo;il m&rsquo;est donn\u00e9 l&rsquo;occasion de montrer que j&rsquo;ai l&rsquo;esprit maison, Luc Rosenzweig, qui a \u00e9t\u00e9 correspondant dans plusieurs capitales europ\u00e9ennes, me para\u00eet donner davantage de garanties que le titulaire d&rsquo;un bureau bruxellois.<\/p>\n<p>Mais revenons \u00e0 twitter, puisque notre sp\u00e9cialiste auto-proclam\u00e9 de l&rsquo;Europe et son Histoire y vient, comme moi, y d\u00e9livrer chaque jour quelques messages n&rsquo;exc\u00e9dant pas 140 signes. Au moment o\u00f9 les chefs d&rsquo;Etat et de gouvernement de l&rsquo;union mon\u00e9taire r\u00e9animaient l&rsquo;euro en salle de soins intensifs et y parvenaient en donnant au malade un r\u00e9pit de quelques semaines ou quelques mois, Jean Quatremer plastronnait sur le r\u00e9seau.<\/p>\n<p>La veille, il annon\u00e7ait la couleur : <em>\u00ab\u00a0Le sommet de l&rsquo;eurozone s&rsquo;annonce chaud. Angela Merkel ne veut toujours pas bouger. Sarkozy parviendra-t-il \u00e0 la convaincre?<\/em> \u00bb\u00a0 Mais en ce 21 juillet, ce sont les Grecs qui sont habill\u00e9s pour l&rsquo;hiver d\u00e8s le matin :\u00a0<em>\u00ab\u00a0Pendant que les Europ\u00e9ens tentent de sauver la #Gr\u00e8ce, les taxis grecs bloquent Ath\u00e8nes, Corfou, la Cr\u00e8te pour sauver leur statut. \u00bb<\/em> ou ce charmant : <em>\u00ab\u00a0Juste pour rappel: le tourisme est la premi\u00e8re ressource grecque #suicide \u00bb.<\/em> C&rsquo;est vrai, quoi, ces feignasses de Grecs, ils ne pourraient pas fabriquer des machines-outils et des bagnoles de luxe ?<\/p>\n<p>Apr\u00e8s avoir ainsi montr\u00e9 que ces manants\u00a0hell\u00e8nes\u00a0ne m\u00e9ritaient quand m\u00eame pas tant de sollicitude si ce n&rsquo;\u00e9tait pour sauver le totem mon\u00e9taire, Quatremer revenait \u00e0 davantage de positive attitude comme auraient dit Lorie ou Raffarin. Et il finissait par f\u00e9liciter les participants au Sommet :<\/p>\n<p>&#8211; <em>Le sommet de la zone euro se dirige vers un succ\u00e8s. Les march\u00e9s le saluent comme tel. \u00ab\u00a0Les tabous sont tomb\u00e9s\u00a0\u00bb, dit un diplomate #Gr\u00e8ce<\/em>[1. Une semaine apr\u00e8s, Les march\u00e9s semblent un peu moins enthousiastes et Quatremer est contraint \u00e0 <a href=\"http:\/\/bruxelles.blogs.liberation.fr\/coulisses\/2011\/07\/zone-euro-vers-un-rebond-de-la-crise-.html#tpe-action-posted-6a00d83451b56c69e201539036dd6b970b\" target=\"_blank\" rel=\"noopener\">ravaler<\/a> son optimisme.]<\/p>\n<p><em>&#8211; Chacun a donc fait un pas vers l&rsquo;autre: Allemagne, France et BCE<\/em><br \/>\n<em>&#8211; Le sommet est termin\u00e9. Un succ\u00e8s. \u00ab\u00a0Pour la 1ere fois, les chefs ont discut\u00e9 dans les d\u00e9tails, ce qui est bien\u00a0\u00bb, dixit un pp de la C\u00b0 #Gr\u00e8ce<\/em><\/p>\n<p>C&rsquo;est bien simple, on pourrait presque l&rsquo;engager, lui-m\u00eame, comme PP de la C\u00b0, c&rsquo;est \u00e0 dire porte-parole de la Commission.<\/p>\n<p>Le troisi\u00e8me temps n&rsquo;est pas moins caricatural. C&rsquo;est au tour des europhobes de faire l&rsquo;objet de la d\u00e9licate attention de Jean Quatremer. Ah, ce : \u00ab<em> Un jour noir pour les europhobes. Caramba, encore rat\u00e9 !<em> <em>\u00bb<\/em><\/em> <\/em>, il m&rsquo;a bien fait rire et je ne le remercierai jamais assez pour ce moment de bonheur. Impitoyable, il rosse : <em>\u00ab\u00a0@dupontaignan c&rsquo;est s\u00fbr, avant l&rsquo;euro, pas de ch\u00f4mage, que du bonheur. Il faudrait arr\u00eater de dire n&rsquo;importe quoi! #d\u00e9magogie\u00a0\u00bb<\/em>. Le pr\u00e9sident de DLR lui avait fait remarquer que l&rsquo;heure n&rsquo;\u00e9tait peut-\u00eatre pas \u00e0 la satisfaction b\u00e9ate. Ce n&rsquo;est pas comme si, pendant les ann\u00e9es 90, l&rsquo;arrimage du Franc au Mark dans l&rsquo;objectif de l&rsquo;union mon\u00e9taire avait an\u00e9mi\u00e9 notre \u00e9conomie au point de faire atteindre \u00e0 notre pays les 3,5 millions de ch\u00f4meurs. Plus tard dans la nuit, il fera preuve d&rsquo;un m\u00e9pris souverain pour Paul Jorion lequel fut tout de m\u00eame l&rsquo;un des seuls chercheurs \u00e0 pr\u00e9voir la crise des subprimes. Un \u00e9conomiste, lui ? Mouarf ! Les vrais \u00e9conomistes, il les croise tous les jours \u00e0 Bruxelles, lui. Rien \u00e0 voir avec cet hurluberlu.<\/p>\n<p>Eric Zemmour l&rsquo;avait surnomm\u00e9 le \u00ab\u00a0cur\u00e9 de l&rsquo;Europe\u00a0\u00bb. Un c\u00f4t\u00e9 cur\u00e9, Jean Quatremer ? C&rsquo;est vrai que son autre sp\u00e9cialit\u00e9, la politisation de l&rsquo;intime, pourrait renforcer cette id\u00e9e. Mais, finalement, \u00a0je pr\u00e9f\u00e8re laisser les vrais cur\u00e9s tranquilles. Il n&rsquo;y a qu&rsquo;un Quatremer. Inimitable.<\/p>\n<p>&nbsp;<\/p>\n","protected":false},"excerpt":{"rendered":"<p>Quand Monsieur Europe de Lib\u00e9 pr\u00eache sur twitter<\/p>\n","protected":false},"author":10,"featured_media":0,"comment_status":"open","ping_status":"closed","sticky":false,"template":"","format":"standard","meta":{"footnotes":""},"categories":[5],"tags":[33,192,23,227],"class_list":{"0":"post-2135","1":"post","2":"type-post","3":"status-publish","4":"format-standard","6":"category-sulfate","7":"tag-euro","8":"tag-jean-quatremer","9":"tag-nicolas-dupont-aignan","10":"tag-twitter"},"_links":{"self":[{"href":"https:\/\/blog.causeur.fr\/antidote\/wp-json\/wp\/v2\/posts\/2135","targetHints":{"allow":["GET"]}}],"collection":[{"href":"https:\/\/blog.causeur.fr\/antidote\/wp-json\/wp\/v2\/posts"}],"about":[{"href":"https:\/\/blog.causeur.fr\/antidote\/wp-json\/wp\/v2\/types\/post"}],"author":[{"embeddable":true,"href":"https:\/\/blog.causeur.fr\/antidote\/wp-json\/wp\/v2\/users\/10"}],"replies":[{"embeddable":true,"href":"https:\/\/blog.causeur.fr\/antidote\/wp-json\/wp\/v2\/comments?post=2135"}],"version-history":[{"count":0,"href":"https:\/\/blog.causeur.fr\/antidote\/wp-json\/wp\/v2\/posts\/2135\/revisions"}],"wp:attachment":[{"href":"https:\/\/blog.causeur.fr\/antidote\/wp-json\/wp\/v2\/media?parent=2135"}],"wp:term":[{"taxonomy":"category","embeddable":true,"href":"https:\/\/blog.causeur.fr\/antidote\/wp-json\/wp\/v2\/categories?post=2135"},{"taxonomy":"post_tag","embeddable":true,"href":"https:\/\/blog.causeur.fr\/antidote\/wp-json\/wp\/v2\/tags?post=2135"}],"curies":[{"name":"wp","href":"https:\/\/api.w.org\/{rel}","templated":true}]}}