{"id":2159,"date":"2011-09-08T22:04:13","date_gmt":"2011-09-08T21:04:13","guid":{"rendered":"http:\/\/blog.causeur.fr\/antidote\/?p=2159"},"modified":"2021-04-26T16:10:56","modified_gmt":"2021-04-26T14:10:56","slug":"irrevocable-quils-disent","status":"publish","type":"post","link":"https:\/\/blog.causeur.fr\/antidote\/irrevocable-quils-disent-2159","title":{"rendered":"Irr\u00e9vocable, qu&rsquo;ils disent !"},"content":{"rendered":"<p>Pendant que nos d\u00e9put\u00e9s, apr\u00e8s avoir pr\u00e9lev\u00e9 douze milliards pour lutter contre le d\u00e9ficit, en \u00a0jettent quinze autres dans un puits sans fond en pr\u00e9textant que c&rsquo;est pour sauver la Gr\u00e8ce alors que c&rsquo;est pour sauver l&rsquo;euro, les N\u00e9erlandais, les Slovaques, les Finlandais, et certains \u00e9minents Allemands[1. <em>Je comprends qu&rsquo;il y ait de la r\u00e9sistance aux mesures d&rsquo;aust\u00e9rit\u00e9 au sein du peuple grec, mais au final, c&rsquo;est \u00e0 la Gr\u00e8ce de savoir si elle peut remplir les conditions qui sont n\u00e9cessaires pour faire partie des membres de la devise commune<\/em>, Wolfgang Sch\u00e4uble, ministre allemand des Finances.] se posent des questions sur le bien-fond\u00e9 du maintien de la Gr\u00e8ce dans l&rsquo;union mon\u00e9taire. Les Grecs eux-m\u00eames doivent commencer \u00e0 penser au retour \u00e0 la monnaie nationale, lorsqu&rsquo;on leur propose pour toutes perspectives, une contraction de leur PIB de 7 % et la mise sous tutelle de leur gouvernement.<\/p>\n<p>Alors que les d\u00e9clarations -notamment n\u00e9erlandaises- semaient le trouble, ce n&rsquo;est pas Angela Merkel ni Nicolas Sarkozy, dont les discussions avaient, para\u00eet-il, \u00e9vacu\u00e9 le spectre de l&rsquo;\u00e9clatement, qui ont r\u00e9agi mais la Commission europ\u00e9enne. Amadeu Altalfaj, porte-parole du commissaire aux affaires \u00e9conomiques a pr\u00e9cis\u00e9 lors d&rsquo;un point presse aujourd&rsquo;hui : <em>\u00ab\u00a0Aucune sortie, ni expulsion de la zone euro n&rsquo;est possible d&rsquo;apr\u00e8s le trait\u00e9 de Lisbonne. La participation \u00e0 la zone euro est irr\u00e9vocable. Il n&rsquo;y a aucune discussion \u00e0 ce sujet\u00a0\u00bb<\/em>. En fait, il ne peut y avoir d\u00e9bat : c&rsquo;est interdit par le Trait\u00e9 ! Pourtant, dans le but de sauver l&rsquo;euro, la BCE a d\u00e9j\u00e0 viol\u00e9 les trait\u00e9s en rachetant de la dette grecque ou italienne. On n&rsquo;a gu\u00e8re entendu \u00e0 ce sujet la Commission, gardienne des Trait\u00e9s. Mais, cela n&rsquo;a rien \u00e0 voir, n&rsquo;est ce pas ! C&rsquo;\u00e9tait une question de vie ou de mort pour le Saint-Euro !<\/p>\n<p>On se demande bien ce que la Commission envisage en cas de d\u00e9cision grecque de r\u00e9tablir le cours de la Drachme. Saisira t-elle la cour p\u00e9nale internationale ? L&rsquo;OTAN ? Ou, plus modestement, Jos\u00e9 Manuel Barroso d\u00e9clarera t-il qu&rsquo;il boycotte la f\u00eata, les matches de l&rsquo;Olympiakos \u00e0 la t\u00e9l\u00e9 et ses prochaines vacances \u00e0 Corfou ? Sur quelle plan\u00e8te vivent donc ces messieurs de la Commission ? Mesurent-ils \u00e0 quel point ils se ridiculisent et, avec eux, les chefs d&rsquo;Etat et de gouvernement qui tentent maladroitement de repousser l&rsquo;\u00e9ch\u00e9ance ? Ces derniers, finalement, gagneraient peut-\u00eatre, afin de mettre toutes les chances de leur c\u00f4t\u00e9, \u00e0 r\u00e9duire la Commission au silence, se comportant ainsi comme de vulgaires souverainistes. Vous avez dit \u00ab\u00a0paradoxe\u00a0\u00bb ?<\/p>\n<p>&nbsp;<\/p>\n","protected":false},"excerpt":{"rendered":"<p>Quand la gardienne des trait\u00e9s s&rsquo;affole&#8230;<\/p>\n","protected":false},"author":10,"featured_media":0,"comment_status":"open","ping_status":"closed","sticky":false,"template":"","format":"standard","meta":{"footnotes":""},"categories":[4],"tags":[249,247,33,188,253,251],"class_list":{"0":"post-2159","1":"post","2":"type-post","3":"status-publish","4":"format-standard","6":"category-oxygene","7":"tag-bce","8":"tag-commission-europeenne","9":"tag-euro","10":"tag-grece","11":"tag-interdiction","12":"tag-traite-de-lisbonne"},"_links":{"self":[{"href":"https:\/\/blog.causeur.fr\/antidote\/wp-json\/wp\/v2\/posts\/2159","targetHints":{"allow":["GET"]}}],"collection":[{"href":"https:\/\/blog.causeur.fr\/antidote\/wp-json\/wp\/v2\/posts"}],"about":[{"href":"https:\/\/blog.causeur.fr\/antidote\/wp-json\/wp\/v2\/types\/post"}],"author":[{"embeddable":true,"href":"https:\/\/blog.causeur.fr\/antidote\/wp-json\/wp\/v2\/users\/10"}],"replies":[{"embeddable":true,"href":"https:\/\/blog.causeur.fr\/antidote\/wp-json\/wp\/v2\/comments?post=2159"}],"version-history":[{"count":0,"href":"https:\/\/blog.causeur.fr\/antidote\/wp-json\/wp\/v2\/posts\/2159\/revisions"}],"wp:attachment":[{"href":"https:\/\/blog.causeur.fr\/antidote\/wp-json\/wp\/v2\/media?parent=2159"}],"wp:term":[{"taxonomy":"category","embeddable":true,"href":"https:\/\/blog.causeur.fr\/antidote\/wp-json\/wp\/v2\/categories?post=2159"},{"taxonomy":"post_tag","embeddable":true,"href":"https:\/\/blog.causeur.fr\/antidote\/wp-json\/wp\/v2\/tags?post=2159"}],"curies":[{"name":"wp","href":"https:\/\/api.w.org\/{rel}","templated":true}]}}