{"id":2189,"date":"2011-09-30T07:04:24","date_gmt":"2011-09-30T06:04:24","guid":{"rendered":"http:\/\/blog.causeur.fr\/antidote\/?p=2189"},"modified":"2021-04-26T16:10:56","modified_gmt":"2021-04-26T14:10:56","slug":"leuro-ne-nous-a-apporte-que-des-problemes","status":"publish","type":"post","link":"https:\/\/blog.causeur.fr\/antidote\/leuro-ne-nous-a-apporte-que-des-problemes-2189","title":{"rendered":"\u00ab\u00a0L&rsquo;euro ne nous a apport\u00e9 que des probl\u00e8mes\u00a0\u00bb"},"content":{"rendered":"<p><strong>De ma correspondante en Gr\u00e8ce, Olivia Giorgio<\/strong><\/p>\n<p><strong>Traduction de Yannis Retsinas<\/strong>[1. Qu&rsquo;ils en soient, tous les deux, chaleureusement remerci\u00e9s.]<\/p>\n<p>&nbsp;<\/p>\n<p><strong>Ressentez-vous la \u00ab crise \u00bb dans la vie quotidienne ?\u00a0<\/strong><\/p>\n<p>Notre\u00a0 mani\u00e8re\u00a0 de\u00a0 vivre\u00a0 a\u00a0 chang\u00e9\u00a0 radicalement.\u00a0 Outre\u00a0 le\u00a0 fait\u00a0 que\u00a0 nous\u00a0 avons\u00a0 r\u00e9duit\u00a0drastiquement\u00a0 l\u2019achat\u00a0 des\u00a0 biens\u00a0 de\u00a0 consommation,\u00a0 on\u00a0 dort\u00a0 et\u00a0 on\u00a0 se\u00a0 r\u00e9veille\u00a0 avec\u00a0 l\u2019incertitude du lendemain et une anxi\u00e9t\u00e9 permanente. On a perdu le sourire mais surtout notre sant\u00e9 psychologique.<\/p>\n<p><strong>\u00a0En\u00a0 France,\u00a0 il\u00a0 est\u00a0 dit\u00a0 que\u00a0 les\u00a0 Grecs\u00a0 refuseraient\u00a0 d\u2019\u00e9changer\u00a0 leurs\u00a0 euros\u00a0 contre\u00a0 des\u00a0drachmes : info ou intox ?\u00a0<\/strong><\/p>\n<p>Intox ! Moi, \u00a0personnellement,\u00a0 je \u00a0 souhaite cet \u00e9change.\u00a0 De\u00a0 plus\u00a0 en\u00a0 plus\u00a0 de\u00a0 monde\u00a0 veut\u00a0sortir de l&rsquo;euro. Il ne nous a apport\u00e9 que des probl\u00e8mes.<\/p>\n<p><strong>Comment envisageriez-vous un retour aux drachmes ? Cela vous fait-il peur ?\u00a0<\/strong><\/p>\n<p>Non\u00a0 cela\u00a0 ne\u00a0 m\u2019effraie\u00a0 pas.\u00a0 En\u00a0 Gr\u00e8ce\u00a0 on\u00a0 dit :\u00a0 <em>\u00ab celui\u00a0 qui\u00a0 est\u00a0 mouill\u00e9\u00a0 n\u2019a\u00a0 pas\u00a0 peur\u00a0 de<\/em>\u00a0<em>la\u00a0 pluie \u00bb<\/em>.\u00a0 J\u2019aurais pr\u00e9f\u00e9r\u00e9\u00a0 les\u00a0 drachmes.\u00a0 Le\u00a0 chemin\u00a0 sera\u00a0 difficile,\u00a0 mais\u00a0 on\u00a0 arr\u00eatera\u00a0 de\u00a0s&rsquo;acharner sur la Gr\u00e8ce et peut \u00eatre retrouverons-nous notre dignit\u00e9.<\/p>\n<p><strong>La tro\u00efka : h\u00e9ros ou z\u00e9ro ?\u00a0<\/strong><\/p>\n<p>La Tro\u00efka est compos\u00e9e de trois personnes, rien de plus. Son r\u00f4le et de superviser et non pas d\u2019appliquer des mesures. Selon moi, les seuls responsables de cette soumission sont nos politiciens. Ils ont le pouvoir de dire non, mais pourquoi ne le font-ils pas ?<\/p>\n<p><strong>Pensez-vous\u00a0 que\u00a0 les\u00a0 pays\u00a0 europ\u00e9ens\u00a0 leaders\u00a0 font\u00a0 tout\u00a0 leur\u00a0 possible\u00a0 pour\u00a0 aider\u00a0 la\u00a0Gr\u00e8ce ?\u00a0<\/strong><\/p>\n<p>Non, \u00a0les\u00a0 pays\u00a0 europ\u00e9ens\u00a0 n\u2019aident\u00a0 pas\u00a0 la\u00a0 Gr\u00e8ce.\u00a0 Ils\u00a0 la\u00a0 regardent\u00a0 sombrer\u00a0 et\u00a0 n\u2019ont\u00a0 rien\u00a0emp\u00each\u00e9.\u00a0 Encore\u00a0 maintenant, \u00a0ils n\u2019essayent\u00a0 pas\u00a0 de\u00a0 sauver\u00a0 la\u00a0 Gr\u00e8ce,\u00a0 mais\u00a0 plut\u00f4t\u00a0 de\u00a0sauver l\u2019Euro, pour ne pas qu\u2019il sombre lui aussi dans cette crise \u00e9conomique.<\/p>\n<p><strong>Payez-vous vos imp\u00f4ts ? Si non, pourquoi ? Si oui, ont-ils augment\u00e9 ?\u00a0<\/strong><\/p>\n<p>Les salari\u00e9s, les retrait\u00e9s et les pauvres ont toujours pay\u00e9 leurs imp\u00f4ts. Ils payaient et\u00a0ils payent toujours les imp\u00f4ts les plus \u00e9lev\u00e9s par rapport aux autres pays europ\u00e9ens. Oui,\u00a0nous les payons, m\u00eame s&rsquo;ils ont doubl\u00e9. Mais l\u2019ann\u00e9e prochaine ?<\/p>\n<p><strong>Vous avez l\u2019occasion de passer un message au peuple fran\u00e7ais, lequel serait-il ?\u00a0<\/strong><\/p>\n<p>Les Grecs sont un des peuples les plus fiers, travailleurs et honn\u00eates au monde. Si vous\u00a0voulez\u00a0 nous\u00a0 faire\u00a0 payer\u00a0 une\u00a0 erreur, \u00a0la\u00a0 seule\u00a0 chose\u00a0 que\u00a0 vous\u00a0 puissiez\u00a0 nous\u00a0 reprocher c\u2019est d\u2019avoir \u00ab laiss\u00e9 \u00bb nos politiciens tricher. Cela s\u2019est \u00e9galement produit dans d\u2019autres pays, mais cela n\u2019a jamais rompu l\u2019honneur et la dignit\u00e9 d\u2019un peuple. J\u2019appelle le peuple fran\u00e7ais\u00a0 \u00e0\u00a0 nous\u00a0 apporter\u00a0 un\u00a0 soutien \u00a0moral\u00a0 et\u00a0 \u00e0\u00a0 aider\u00a0 \u00e0\u00a0 maintenir\u00a0 notre\u00a0 r\u00e9putation\u00a0 et notre dignit\u00e9 en tant que peuple.<\/p>\n<p><strong>Pensez-vous que la Gr\u00e8ce est encore un pays souverain ?\u00a0<\/strong><\/p>\n<p>La Gr\u00e8ce a perdu sa souverainet\u00e9 \u00e0 cause de ceux qui nous gouvernent depuis\u00a0tant d&rsquo;ann\u00e9es. Ils ont bris\u00e9 et vendu la Gr\u00e8ce en ignorant le peuple grec. Je veux croire\u00a0et esp\u00e9re que la Gr\u00e8ce, un jour, redeviendra un Etat souverain et qu\u2019elle reprendra la\u00a0place qu\u2019elle m\u00e9rite.<\/p>\n","protected":false},"excerpt":{"rendered":"<p>Entretien avec Marina, fonctionnaire grecque<\/p>\n","protected":false},"author":10,"featured_media":0,"comment_status":"open","ping_status":"closed","sticky":false,"template":"","format":"standard","meta":{"footnotes":""},"categories":[6],"tags":[273,33,271,188,275,277],"class_list":{"0":"post-2189","1":"post","2":"type-post","3":"status-publish","4":"format-standard","6":"category-les-entretiens-dantidote","7":"tag-drachme","8":"tag-euro","9":"tag-europe","10":"tag-grece","11":"tag-souverainete","12":"tag-troika"},"_links":{"self":[{"href":"https:\/\/blog.causeur.fr\/antidote\/wp-json\/wp\/v2\/posts\/2189","targetHints":{"allow":["GET"]}}],"collection":[{"href":"https:\/\/blog.causeur.fr\/antidote\/wp-json\/wp\/v2\/posts"}],"about":[{"href":"https:\/\/blog.causeur.fr\/antidote\/wp-json\/wp\/v2\/types\/post"}],"author":[{"embeddable":true,"href":"https:\/\/blog.causeur.fr\/antidote\/wp-json\/wp\/v2\/users\/10"}],"replies":[{"embeddable":true,"href":"https:\/\/blog.causeur.fr\/antidote\/wp-json\/wp\/v2\/comments?post=2189"}],"version-history":[{"count":0,"href":"https:\/\/blog.causeur.fr\/antidote\/wp-json\/wp\/v2\/posts\/2189\/revisions"}],"wp:attachment":[{"href":"https:\/\/blog.causeur.fr\/antidote\/wp-json\/wp\/v2\/media?parent=2189"}],"wp:term":[{"taxonomy":"category","embeddable":true,"href":"https:\/\/blog.causeur.fr\/antidote\/wp-json\/wp\/v2\/categories?post=2189"},{"taxonomy":"post_tag","embeddable":true,"href":"https:\/\/blog.causeur.fr\/antidote\/wp-json\/wp\/v2\/tags?post=2189"}],"curies":[{"name":"wp","href":"https:\/\/api.w.org\/{rel}","templated":true}]}}