{"id":2197,"date":"2011-10-05T11:00:54","date_gmt":"2011-10-05T10:00:54","guid":{"rendered":"http:\/\/blog.causeur.fr\/antidote\/?p=2197"},"modified":"2021-04-26T16:10:56","modified_gmt":"2021-04-26T14:10:56","slug":"le-vrai-college-unique-il-est-dans-les-zep","status":"publish","type":"post","link":"https:\/\/blog.causeur.fr\/antidote\/le-vrai-college-unique-il-est-dans-les-zep-2197","title":{"rendered":"\u00ab\u00a0Le vrai coll\u00e8ge unique, il est dans les ZEP\u2026\u00a0\u00bb"},"content":{"rendered":"<p align=\"JUSTIFY\"><em><strong>Coralie Delaume<\/strong><\/em>[1. Coralie est la tauli\u00e8re du blog<em> <a href=\"http:\/\/l-arene-nue.blogspot.com\/\" target=\"_blank\" rel=\"noopener\">L&rsquo;ar\u00e8ne nue<\/a><\/em> et collabore, comme ma pomme, \u00e0 Causeur.]. <strong>Cette fin de quinquennat est propice aux critiques du bilan de Nicolas Sarkozy, notamment sur l\u2019\u00e9cole. Que pensez vous d\u2019une \u00e9volution telle que l\u2019assouplissement de la carte scolaire\u00a0?<\/strong><\/p>\n<p align=\"JUSTIFY\"><em>Jean-Paul Brighelli<\/em>\u00a0: Je ne sais \u2014 ou je sais trop \u2014 ce que Darwin aurait pens\u00e9 d\u2019une telle \u00ab\u00a0\u00e9volution\u00a0\u00bb\u00a0: qu\u2019elle illustre \u00e0 merveille la th\u00e9orie de la survivance des plus aptes. Une telle initiative n\u2019a pour but que d\u2019assouplir jusqu\u2019\u00e0 l\u2019\u00e9cart\u00e8lement un syst\u00e8me qui \u00e9tait peut-\u00eatre rigide, mais qui justement se maintenait par sa rigidit\u00e9 m\u00eame. La carte scolaire pouvait \u00eatre assouplie, mais par une s\u00e9rie de vraies initiatives, visant \u00e0 recr\u00e9er de la mixit\u00e9 l\u00e0 o\u00f9, cit\u00e9s et habitudes aidant, on en arrive d\u00e9sormais \u00e0 des \u00e9coles et des coll\u00e8ges chimiquement purs \u2014 purs de tout m\u00e9lange. Le vrai coll\u00e8ge unique, il est dans les ZEP, qui ne rassemblent que les enfants des cit\u00e9s. Et, en m\u00eame temps, au coll\u00e8ge Henri-IV, qui s\u2019acharne \u00e0 suivre scrupuleusement la carte scolaire du V<sup>\u00e8me <\/sup>arrondissement \u2014 un quartier pauvre de la capitale, comme chacun sait.<\/p>\n<p align=\"JUSTIFY\"><em><strong>CD<\/strong><\/em><strong>. M\u00eame s\u00e9v\u00e9rit\u00e9 sur l\u2019autonomie des \u00e9tablissements, je suppose\u00a0?<\/strong><\/p>\n<p align=\"JUSTIFY\">L\u2019autonomie participe de la revanche girondine sur les \u00e9tatistes jacobins. On donne du pouvoir \u2014 en le saupoudrant \u2014 aux R\u00e9gions, aux d\u00e9partements, aux communes. C\u2019est v\u00e9ritablement l\u2019Education Nationale que l\u2019on \u00e9miette ainsi, avec d\u2019arri\u00e8re-pens\u00e9es budg\u00e9taires, l\u2019Etat se d\u00e9chargeant sur les niveaux interm\u00e9diaires pour g\u00e9rer ce monstre Education qui lui p\u00e8se si fort.<\/p>\n<p align=\"JUSTIFY\">Finalement, assouplissement de la carte scolaire et autonomie, profitent toutes deux essentiellement \u00e0 l\u2019enseignement priv\u00e9, autoris\u00e9 d\u00e9sormais \u00e0 se g\u00e9rer comme il l\u2019entend, apr\u00e8s s\u2019\u00eatre implant\u00e9 o\u00f9 il veut.<\/p>\n<p align=\"JUSTIFY\"><em><strong>CD<\/strong><\/em><strong>. Pensez-vous que la \u00ab\u00a0r\u00e9duction du volume horaire impos\u00e9 aux enfants\u00a0\u00bb, comme on dit, ou la possibilit\u00e9 des \u00ab\u00a0mi-temps sportifs\u00a0\u00bb, soit une bonne chose. Peut-on v\u00e9ritablement apprendre mieux en travaillant moins\u00a0?<\/strong><\/p>\n<p align=\"JUSTIFY\">On le peut certainement \u00e0 haut niveau, parce qu\u2019on a alors appris \u00e0 travailler. R\u00e9duire le volume horaire \u2014 mais c\u2019est d\u00e9j\u00e0 fait, un sortant de Troisi\u00e8me a eu, gr\u00e2ce \u00e0 la Gauche et \u00e0 la Droite, pr\u00e8s de 800 heures de Fran\u00e7ais de moins que son homologue des ann\u00e9es 1980, ce sont autant de postes \u00e9conomis\u00e9s \u2014, c\u2019est forc\u00e9ment en rabattre sur les programmes, diminuer les exigences, modifier en profondeur le tissu social, parce qu\u2019\u00e0 terme, seuls s\u2019en sortiront ceux qui feront des heures sup\u2019 \u00e0 la maison, gr\u00e2ce \u00e0 la biblioth\u00e8que de papa-maman.<br \/>\nC\u2019est si vrai que les officines de cours priv\u00e9s fleurissent et prosp\u00e8rent \u2014 en vingt ans, Acadomia est pass\u00e9 de presque rien \u00e0 plus de 100 millions d\u2019euros de chiffres d\u2019affaires en 2006.<\/p>\n<p align=\"JUSTIFY\"><strong>CD<\/strong>. A<strong>vec bien s\u00fbr un acc\u00e8s r\u00e9serv\u00e9 aux plus ais\u00e9s\u2026<\/strong><\/p>\n<p align=\"JUSTIFY\">Justement pas\u00a0! Ce sont les plus pauvres, souvent, qui se saignent pour y envoyer leurs enfants. Pour les plus riches, pas de souci majeur, et en cas de besoin, ils n\u2019auront pas recours \u00e0 un \u00e9tudiant de Licence \u00e0 l\u2019orthographe h\u00e9sitante, mais \u00e0 un agr\u00e9g\u00e9 bien r\u00e9tribu\u00e9. Et ami de la famille\u2026<\/p>\n<p align=\"JUSTIFY\"><em><strong>CD<\/strong><\/em>. <strong>l\u2019attractivit\u00e9 du m\u00e9tier d\u2019enseignant semble avoir baiss\u00e9 au point que l\u2019on ne parvient plus \u00e0 honorer toutes les places au CAPES. Quelles en sont les causes\u00a0?<\/strong><\/p>\n<p align=\"JUSTIFY\">Il y a un fait clair, depuis trois ou quatre ans\u00a0: en sciences, ce sont les plus mauvais \u00e9l\u00e8ves qui se font profs \u2014 les autres sont all\u00e9s en pr\u00e9pas et ont infailliblement r\u00e9ussi une \u00e9cole d\u2019ing\u00e9nieur qui dans le pire des cas les fait d\u00e9buter au double du salaire d\u2019un enseignant d\u00e9butant. En Lettres (au sens large), on assiste \u00e0 une d\u00e9saffection des \u00e9tudiants issus des voies g\u00e9n\u00e9rales, et \u00e0 une mont\u00e9e en puissance de ceux arrivant des voies technologiques, dont la ma\u00eetrise des disciplines fondamentales est plus faible. Ajoutez \u00e0 cela une f\u00e9minisation record \u2014 pr\u00e8s de 90% des profs de Lettres ou de Langues sont des femmes \u2014 signe que les sociologues interpr\u00e8tent tous comme une perte de prestige d\u2019une profession vue d\u00e9sormais comme un \u00ab\u00a0second m\u00e9tier\u00a0\u00bb au sein d\u2019un couple. Et c\u2019est si pratique d\u2019avoir le mercredi libre quand on \u00e9l\u00e8ve des enfants\u00a0! Bien loin d\u2019\u00eatre une chance et une promotion pour les femmes, la f\u00e9minisation de l\u2019enseignement renforce les st\u00e9r\u00e9otypes \u2014 ce n\u2019est pas vrai d\u2019autres professions \u00e0 forte valeur ajout\u00e9e, qu\u2019elle soit financi\u00e8re (m\u00e9decine, Droit) ou symbolique (l\u2019Arm\u00e9e\u2026).<\/p>\n<p align=\"JUSTIFY\"><em><strong>David Desgouilles<\/strong><\/em><strong>. Au-del\u00e0 de l\u2019image d\u00e9valoris\u00e9e du m\u00e9tier, il y a tout de m\u00eame la probl\u00e9matique du salaire, relativement faible, propos\u00e9 aux profs\u2026<\/strong><\/p>\n<p align=\"JUSTIFY\">La paup\u00e9risation des enseignants est le meilleur marqueur de la paup\u00e9risation globale des classes moyennes, commenc\u00e9e \u00e0 la fin des ann\u00e9es 1960. Ce qui ne manque pas d\u2019avoir des r\u00e9percussions politiques \u2014 en particulier, la d\u00e9saffection des enseignants pour la Gauche\u00a0: en 2007, S\u00e9gol\u00e8ne Royal a rassembl\u00e9\u00a0moins de 36% des enseignants. Les autres ont majoritairement vot\u00e9 Sarkozy (15%), Bayrou (25%) et pr\u00e8s de 15% des profs ont vot\u00e9 Le Pen ou Villiers \u2014 ce que j\u2019interpr\u00e8te comme le r\u00e9sultat d\u2019un sentiment de perte identitaire en tant que classe moyenne. Les profs glissent vers cette semi-pauvret\u00e9 dont l\u2019extr\u00eame-droite fait son terreau depuis l\u2019effondrement du Parti communiste.<\/p>\n<p align=\"JUSTIFY\"><em><strong>Coralie Delaume<\/strong><\/em><strong>. Mais alors, comment faut-il s\u2019y prendre pour que la carri\u00e8re d\u2019enseignant redevienne attractive\u00a0?<\/strong><\/p>\n<p align=\"JUSTIFY\">M\u00eame si les salaires de d\u00e9part doivent imp\u00e9rativement \u00eatre r\u00e9\u00e9valu\u00e9s, c\u2019est moins en misant sur la quantitatif que sur la qualitatif que l\u2019on parlera aux enseignants une langue qu\u2019ils comprennent. En repensant compl\u00e8tement les programmes dans le sens d\u2019une plus grande rigueur. En donnant aux \u00e9tablissements des moyens, coercitifs si n\u00e9cessaire \u2014 en imposant pendant un temps la tol\u00e9rance z\u00e9ro. En cessant aussi de donner syst\u00e9matiquement raison aux gros effectifs (les parents et leurs rejetons) contre les enseignants. En cessant de d\u00e9missionner \u2014 tout cela supposerait un \u00ab\u00a0plus d\u2019Etat\u00a0\u00bb tr\u00e8s improbable. Le reste, c\u2019est effets d\u2019annonces et poudre aux yeux.<\/p>\n<p align=\"JUSTIFY\"><em><strong>CD<\/strong><\/em><strong>. \u00ab\u00a0Tol\u00e9rance z\u00e9ro\u00a0\u00bb\u2026cela me fait penser \u00e0 cet ouvrage d\u2019entretiens dans lequel Luc Chatel et Jean-Pierre Chev\u00e8nement s\u2019accordent tous deux pour restaurer \u00ab\u00a0l\u2019autorit\u00e9 des ma\u00eetres\u00a0\u00bb\u2026\u00a0<\/strong><\/p>\n<p align=\"JUSTIFY\">C\u2019est une tarte \u00e0 la cr\u00e8me\u00a0! Et j\u2019ai peur que les deux interlocuteurs ne mettent pas exactement la m\u00eame chose sous les m\u00eames mots. La r\u00e9alit\u00e9, c\u2019est qu\u2019un maquis de consignes interdit pratiquement toute sanction. La r\u00e9alit\u00e9, c\u2019est qu\u2019une avocate vient de sortir un livre proposant aux parents des mod\u00e8les de lettres de plainte et de r\u00e9criminations\u00a0! De surcro\u00eet, quels enseignants sont effectivement form\u00e9s \u00e0 exercer une r\u00e9elle discipline \u2014 seule condition pour transmettre les disciplines\u00a0? Ceux qui se pr\u00e9sentent aux concours de recrutement sont les enfants de la r\u00e9forme Jospin, du coll\u00e8ge unique, du lyc\u00e9e <em>light<\/em>. Ils n\u2019ont connu que \u00e7a. Et ils le reproduisent \u2014 en savonnant eux-m\u00eames la planche sur laquelle on les a install\u00e9s.<\/p>\n<p align=\"JUSTIFY\"><em><strong>CD<\/strong><\/em>. <strong>Luc Chatel ne cesse de dire qu\u2019il faut \u00ab\u00a0individualiser\u00a0\u00bb les parcours scolaires. Il est in\u00e9vitable que les institutions publiques tendent \u00e0 s\u2019adapter \u00e0 la soci\u00e9t\u00e9 &#8211; plus individualiste &#8211; qui les environne. Si \u00ab\u00a0individualiser\u00a0\u00bb signifie \u00ab\u00a0aider davantage les \u00e9l\u00e8ves les plus faibles\u00a0\u00bb, ne peut-on pas envisager que Chatel ait raison\u00a0?<\/strong><\/p>\n<p align=\"JUSTIFY\">L\u2019Ecole forme des individus. Elle les re\u00e7oit \u00e0 l\u2019\u00e9tat larvaire, \u00e0 l\u2019\u00e9tat de nature \u2014 et la nature doit \u00eatre civilis\u00e9e, redress\u00e9e, transform\u00e9e en jardin\u2026 \u00e0 la fran\u00e7aise. L\u2019individu, c\u2019est ce qui devrait sortir de l\u2019Ecole \u2014 et en pr\u00e9tendant respecter ce qu\u2019ils ne sont pas encore, on l\u00e2che les \u00e9l\u00e8ves en \u00e9tat de semi-barbarie. L\u2019un des effets \u00e0 mon sens le plus significatif du lib\u00e9ralisme avanc\u00e9, c\u2019est qu\u2019il feint de respecter l\u2019individu, pour mieux l\u2019assujettir (\u00e0 la consommation, entre autres), pour mieux l\u2019abolir. <em>Homo festivus<\/em>, disait avec un grand sens de la formule Philippe Muray \u2014 l\u2019\u00e9tape qui renvoie Homo sapiens au n\u00e9ant. Qu\u2019ils chantent, pourvu qu\u2019ils paient, disait Mazarin. Qu\u2019ils dansent, pourvu qu\u2019ils consomment, dit le lib\u00e9ralisme mondialis\u00e9. Enfin \u2014 ce n\u2019est pas une raison pour ne pas se battre. Quitte \u00e0 y rester. Apr\u00e8s les Thermopyles, il y a Salamine et Plat\u00e9es. Apr\u00e8s Alamo, il reste toujours la possibilit\u00e9 de remporter San Jacinto.<\/p>\n<p align=\"JUSTIFY\"><em><strong>David Desgouilles. <\/strong><\/em><strong>Fin septembre, les enseignants du public et ceux du priv\u00e9 sont descendus dans la rue main dans la main. Une telle unit\u00e9 peut-elle faire avancer les choses\u00a0?<\/strong><\/p>\n<p align=\"JUSTIFY\">Une manifestation n\u2019a jamais rien fait avancer. Les manifs unitaires encore moins que les autres, parce que pour arriver \u00e0 cette unit\u00e9, chaque syndicat fait des concessions qui vident l\u2019ensemble de tout contenu r\u00e9el. En gros, cette fois, les suppressions de postes.<\/p>\n<p align=\"JUSTIFY\"><em><strong>DD<\/strong><\/em>. <strong>Justement\u00a0! Un candidat \u00e0 la primaire socialiste, Fran\u00e7ois Hollande, propose de recr\u00e9er les 60\u00a0000 postes que la droite a supprim\u00e9s\u2026<\/strong><\/p>\n<p align=\"JUSTIFY\">Alors, quand j\u2019entends cela, je me dis qu\u2019il a pris des le\u00e7ons chez Pasqua \u2014 \u00ab\u00a0les promesses n\u2019engagent que ceux qui y croient\u00a0\u00bb. Imaginons un instant que qu\u2019on revienne sur ces suppressions l\u00e9tales. Qui mettrait-on en face des \u00e9l\u00e8ves\u00a0? Plus de mille postes pr\u00e9vus au budget n\u2019ont pas \u00e9t\u00e9 remplis cette ann\u00e9e par les jurys de concours, devant le niveau d\u00e9primant des candidats\u00a0!<\/p>\n<p align=\"JUSTIFY\"><em><strong>DD<\/strong><\/em>. <strong>Les candidats \u00e0 la primaire socialiste sont-ils tous influenc\u00e9s par l\u2019id\u00e9ologie p\u00e9dagogiste\u00a0? Qui serait \u00e0 votre avis le meilleur candidat \u2013ou le moins mauvais- sur le th\u00e8me de l\u2019\u00e9cole\u00a0?<\/strong><\/p>\n<p align=\"JUSTIFY\">\u00c0 gauche\u00a0? M\u00e9lenchon, peut-\u00eatre \u2014 en dehors de questions de repr\u00e9sentativit\u00e9 personnelle qui n\u2019ont rien \u00e0 faire ici. Mais personne au PS. Je me suis expliqu\u00e9 aussi clairement que possible sur mon blog Bonnet d\u2019\u00e2ne \u00e0 ce sujet. Je vous renvoie donc \u00e0 l\u2019article <a href=\"http:\/\/bonnetdane.midiblogs.com\/archive\/2011\/09\/04\/etat-d-urgence.html\" target=\"_blank\" rel=\"noopener\">\u00ab\u00a0Etat d\u2019urgence\u00a0\u00bb<\/a>, r\u00e9dig\u00e9 d\u00e9but septembre.<\/p>\n<p align=\"JUSTIFY\"><em><strong>DD<\/strong><\/em>. <strong>Il nous a sembl\u00e9 que vous vous \u00e9tiez rapproch\u00e9 Fran\u00e7ois Bayrou. Son bilan rue de Grenelle, au c\u0153ur des ann\u00e9es 90, si funestes pour l\u2019\u00e9cole, ne vous a pas rendu m\u00e9fiant\u00a0?<\/strong><\/p>\n<p align=\"JUSTIFY\">Au catholique qu\u2019il est \u2014 et que je ne suis pas \u2014 je dirais \u00ab\u00a0\u00e0 tout p\u00e9cheur mis\u00e9ricorde\u00a0\u00bb. Bayrou tient depuis 2007 un discours plus jacobin que tous les autres \u2014 c\u2019est peut-\u00eatre de l\u2019opportunisme b\u00e9arnais, mais c\u2019est un revirement significatif pour un centriste. C\u2019est la raison pour laquelle tant d\u2019enseignants ont vot\u00e9 et fait voter pour lui il y a quatre ans. Par ailleurs, il commence \u00e0 apporter des r\u00e9ponses r\u00e9elles aux questions de politique g\u00e9n\u00e9rale \u2014 ma foi, combien le font\u00a0? Il a certainement, parce qu\u2019il a m\u00fbri, l\u2019\u00e9toffe d\u2019un homme d\u2019Etat. Apr\u00e8s tout, Chev\u00e8nement lui-m\u00eame, que vous encensez l\u2019un et l\u2019autre volontiers, n\u2019a pas \u00e9t\u00e9 toujours exemplaire quand il a \u00e9t\u00e9 ministre de l\u2019Education\u00a0: les \u00ab\u00a080% d\u2019\u00e9l\u00e8ves au Bac\u00a0\u00bb, c\u2019est lui\u00a0! On apprend en faisant des erreurs\u2026<\/p>\n<p align=\"JUSTIFY\"><em><strong>Coralie Delaume<\/strong><\/em>. <strong>Marine Le Pen a organis\u00e9 le 29 septembre un meeting sur l\u2019\u00e9cole. Elle y a tenu un discours que nombre de \u00ab\u00a0R\u00e9publicains\u00a0\u00bb ne renieraient pas. Elle a notamment appel\u00e9 \u00e0 faire de l\u2019\u00e9cole un \u00ab\u00a0sanctuaire\u00a0\u00bb dont on chasserait les p\u00e9dagogistes \u00e0 la Meirieu et les r\u00e9sidus du \u00ab\u00a0jacklangisme\u00a0\u00bb. Que pensez-vous de la mue amorc\u00e9e sur ces th\u00e8mes par le Front national\u00a0?<\/strong><\/p>\n<p align=\"JUSTIFY\">J\u2019ai \u00e9t\u00e9 approch\u00e9 par le Front National, et j\u2019ai \u00e9videmment refus\u00e9 leurs offres de service, parce qu\u2019un discours sur l\u2019Ecole, quel qu\u2019il soit, n\u2019efface pas un discours sur la s\u00e9curit\u00e9 ou l\u2019Europe absolument r\u00e9voltant de b\u00eatise. Le FN a dragu\u00e9 des chev\u00e8nementistes\u2026<\/p>\n<p align=\"JUSTIFY\"><em><strong>CD<\/strong><\/em><strong>. Ils sont deux. Deux parfaits inconnus.\u00a0 Ce sont des aventures individuelles\u2026<\/strong><\/p>\n<p align=\"JUSTIFY\">Peut-\u00eatre. Mais ils ont cru bon d\u2019utiliser leurs convictions au service d\u2019une femme qui manifestement n\u2019en a pas, \u00e0 part l\u2019opportunisme. Marine Le Pen s\u2019est fait (ou on lui a fait) une collection de mots \u00e0 caser dans tout discours sur l\u2019Education, de m\u00eame dans tout discours sur l\u2019immigration, etc.<\/p>\n<p align=\"JUSTIFY\">Meirieu, lui, est partiellement revenu de ses vieilles lunes \u2014 au grand dam de ses affid\u00e9s, comme je l\u2019explique dans <a href=\"http:\/\/bonnetdane.midiblogs.com\/archive\/2011\/10\/01\/il-faut-sauver-le-soldat-meirieu.html\" target=\"_blank\" rel=\"noopener\">la derni\u00e8re livraison de mon blog.<\/a><\/p>\n<p align=\"JUSTIFY\">Quant \u00e0 Jack Lang, c\u2019est une antiquit\u00e9, mais qui marque bien l\u2019encro\u00fbtement du PS sur des convictions p\u00e9dagogiques l\u00e9tales. Manuel Valls vient d\u2019ailleurs d\u2019en remettre une couche dans le m\u00eame esprit.<\/p>\n<p align=\"JUSTIFY\"><em><strong>David Desgouilles<\/strong><\/em>. <strong>Outre Fran\u00e7ois Bayrou, donc, voyez-vous<\/strong> <strong>dans le spectre politique fran\u00e7ais d\u2019autres candidats capables de porter un discours sur la conception que vous vous faites de l\u2019\u00e9cole\u00a0?<\/strong><\/p>\n<p align=\"JUSTIFY\">Non, aucun.<\/p>\n<p align=\"JUSTIFY\"><em><strong>DD<\/strong><\/em>. <strong>Verra t-on un jour Jean-Paul Brighelli en politique\u00a0?<\/strong><\/p>\n<p align=\"JUSTIFY\">Non plus. Je suis un \u00e9lectron libre, et je tiens \u00e0 le rester. Dans ces temps de mort de l\u2019individu, c\u2019est une forme de luxe, ou de dandysme.<\/p>\n","protected":false},"excerpt":{"rendered":"<p>Entretien avec Jean-Paul Brighelli, r\u00e9alis\u00e9 en collaboration avec Coralie Delaume<\/p>\n","protected":false},"author":10,"featured_media":0,"comment_status":"open","ping_status":"closed","sticky":false,"template":"","format":"standard","meta":{"footnotes":""},"categories":[6],"tags":[283,77,281,279],"class_list":{"0":"post-2197","1":"post","2":"type-post","3":"status-publish","4":"format-standard","6":"category-les-entretiens-dantidote","7":"tag-coralie-delaume","8":"tag-ecole","9":"tag-francois-bayrou","10":"tag-jean-paul-brighelli"},"_links":{"self":[{"href":"https:\/\/blog.causeur.fr\/antidote\/wp-json\/wp\/v2\/posts\/2197","targetHints":{"allow":["GET"]}}],"collection":[{"href":"https:\/\/blog.causeur.fr\/antidote\/wp-json\/wp\/v2\/posts"}],"about":[{"href":"https:\/\/blog.causeur.fr\/antidote\/wp-json\/wp\/v2\/types\/post"}],"author":[{"embeddable":true,"href":"https:\/\/blog.causeur.fr\/antidote\/wp-json\/wp\/v2\/users\/10"}],"replies":[{"embeddable":true,"href":"https:\/\/blog.causeur.fr\/antidote\/wp-json\/wp\/v2\/comments?post=2197"}],"version-history":[{"count":0,"href":"https:\/\/blog.causeur.fr\/antidote\/wp-json\/wp\/v2\/posts\/2197\/revisions"}],"wp:attachment":[{"href":"https:\/\/blog.causeur.fr\/antidote\/wp-json\/wp\/v2\/media?parent=2197"}],"wp:term":[{"taxonomy":"category","embeddable":true,"href":"https:\/\/blog.causeur.fr\/antidote\/wp-json\/wp\/v2\/categories?post=2197"},{"taxonomy":"post_tag","embeddable":true,"href":"https:\/\/blog.causeur.fr\/antidote\/wp-json\/wp\/v2\/tags?post=2197"}],"curies":[{"name":"wp","href":"https:\/\/api.w.org\/{rel}","templated":true}]}}