{"id":2221,"date":"2011-10-20T21:44:00","date_gmt":"2011-10-20T20:44:00","guid":{"rendered":"http:\/\/blog.causeur.fr\/antidote\/?p=2221"},"modified":"2021-04-26T16:10:55","modified_gmt":"2021-04-26T14:10:55","slug":"la-droite-est-morte-la-gauche-aussi","status":"publish","type":"post","link":"https:\/\/blog.causeur.fr\/antidote\/la-droite-est-morte-la-gauche-aussi-2221","title":{"rendered":"La droite est morte, la gauche aussi"},"content":{"rendered":"<p>Michel Sardou est un grand na\u00eff. Je me souviens d&rsquo;un <em>Sept sur Sept<\/em> de 1993. Il \u00e9tait l&rsquo;invit\u00e9 d&rsquo;Anne Sinclair et il avait esp\u00e9r\u00e9 tout haut qu&rsquo;Edouard Balladur, premier ministre de la seconde cohabitation, deviendrait ensuite celui d&rsquo;un Jacques Chirac \u00e9lu deux ans plus tard. Pourtant tr\u00e8s jeune, \u00a0j&rsquo;avais trouv\u00e9 bien candide ce conscrit de mon p\u00e8re, qui c\u00f4toyait tout ce beau linge bien davantage que le jeune militant provincial que j&rsquo;\u00e9tais[1. Sardou, pas mon p\u00e8re !].<\/p>\n<p>Pr\u00e8s de vingt ans apr\u00e8s, cette touchante na\u00efvet\u00e9 n&rsquo;a pas disparu. \u00a0Sardou narre avec \u00e9tonnement sa \u00ab\u00a0convocation\u00a0\u00bb \u00e0 l&rsquo;Elys\u00e9e apr\u00e8s qu&rsquo;il e\u00fbt des mots s\u00e9v\u00e8res envers l&rsquo;h\u00f4te des lieux. Cela doit faire plus de trente ans qu&rsquo;il conna\u00eet Nicolas Sarkozy, et il d\u00e9couvre comment fonctionne le personnage. Bernard-Henry L\u00e9vy avait expliqu\u00e9, sur France Info il y a deux ans environ, sa relation au Pr\u00e9sident en ces termes \u00a0 :<em> \u00ab\u00a0On est avec lui ou contre lui. Il ne peut pas imaginer qu&rsquo;on soit son ami et qu&rsquo;on ne le soutienne pas politiquement\u00a0\u00bb<\/em>. Et BHL d&rsquo;ajouter qu&rsquo;il savait lui, dissocier amiti\u00e9 et proximit\u00e9 politique, ce qui l&rsquo;avait amen\u00e9 \u00e0 soutenir Royal en 2007 malgr\u00e9 son amiti\u00e9 pour Nicolas Sarkozy, ce dernier ne pouvant l&rsquo;accepter. Sardou, l&rsquo;ami, d\u00e9couvre aujourd&rsquo;hui ce trait de caract\u00e8re -gu\u00e8re flatteur- du Pr\u00e9sident. Sardou l&rsquo;\u00e9lecteur, en revanche, semble d\u00e9j\u00e0 d\u00e9\u00e7u depuis quelques mois. Dans un entretien accord\u00e9 au Parisien en mai 2010, il n&rsquo;\u00e9tait d\u00e9j\u00e0 gu\u00e8re tendre avec le Pr\u00e9sident\u00a0<em>\u00a0: \u00ab\u00a0J\u2019y ai cru, je n\u2019y crois plus. Quand on vous promet quatorze r\u00e9formes et que l\u2019on en fait pas une\u2026Je suis d\u00e9\u00e7u.\u00a0<\/em>\u00bb Au point qu&rsquo;aujourd&rsquo;hui, lorsqu&rsquo;on lui demande s&rsquo;il pourrait voter \u00e0 gauche, il r\u00e9pond : <em>\u00ab\u00a0Pourquoi pas ?<\/em>\u00a0\u00bb<\/p>\n<p>Et l\u00e0, les amis, c&rsquo;est quand m\u00eame une r\u00e9volution. Fermez les yeux et imaginez l&rsquo;auteur du <em>\u00ab\u00a0Temps des Colonies\u00a0\u00bb<\/em>, de <em>\u00ab\u00a0Je suis pour\u00a0\u00bb<\/em>, des <em>\u00ab\u00a0Deux \u00e9coles\u00a0\u00bb<\/em> et de <em>\u00ab\u00a0Vladimir Illitch\u00a0\u00bb<\/em> dans l&rsquo;isoloir \u00e9carter le bulletin de Nicolas Sarkozy pour glisser celui de Fran\u00e7ois Hollande dans l&rsquo;enveloppe. Je le fais en m\u00eame temps que vous. Vous y parvenez ? J&rsquo;y suis parvenu sans peine. Non, je ne me drogue pas ! Et vous aussi, vous y \u00eates arriv\u00e9s, ne mentez pas ! Parce que voter \u00e0 gauche lorsqu&rsquo;on est de droite en 2012, parce qu&rsquo;on ne croit pas -ou qu&rsquo;on ne croit plus- \u00e0 son candidat, c&rsquo;est aussi facile que voter \u00e0 droite quand on \u00e9tait de gauche en 2007 parce qu&rsquo;on n&rsquo;imaginait pas sa candidate pr\u00e9sidente. Parce que ce qui \u00e9tait inimaginable en 1974 ou en 1981 quand le clivage droite-gauche signifiait encore quelque chose, ne l&rsquo;est plus \u00e0 notre \u00e9poque.<\/p>\n<p>Ceci nous le savions d\u00e9j\u00e0 si on avait \u00e9tudi\u00e9 les campagnes r\u00e9f\u00e9rendaires de 1992 et de 2005, lorsqu&rsquo;on tentait d&rsquo;expliquer les raisons qui poussent des ouvriers votant autrefois pour le PCF \u00e0 choisir Marine Le Pen ou que, plus r\u00e9cemment, le projet d\u00e9mondialisateur d&rsquo;Arnaud Montebourg int\u00e9ressait, voire mobilisait, au del\u00e0 des sympathisants socialistes. Mais le fait qu&rsquo;un chanteur aussi populaire que Sardou envisage aussi cr\u00fbment de voter \u00e0 gauche constitue un signe dans les deux sens du terme. Le signe de l&rsquo;obsolescence politique de ce clivage, mais aussi un signe las adress\u00e9 \u00e0 tous les fans de l&rsquo;auteur du <em>\u00ab\u00a0France\u00a0\u00bb<\/em> :<em> \u00ab\u00a0Je suis comme vous, j&rsquo;ai compris, ils d\u00e9fendent la m\u00eame politique. D\u00e9sormais, je fais comme vous, je zappe !<\/em>\u00bb.<\/p>\n","protected":false},"excerpt":{"rendered":"<p>Michel Sardou n&rsquo;exclut pas de voter Hollande !<\/p>\n","protected":false},"author":10,"featured_media":0,"comment_status":"open","ping_status":"closed","sticky":false,"template":"","format":"standard","meta":{"footnotes":""},"categories":[4],"tags":[21,299,32],"class_list":{"0":"post-2221","1":"post","2":"type-post","3":"status-publish","4":"format-standard","6":"category-oxygene","7":"tag-bernard-henri-levy","8":"tag-michel-sardou","9":"tag-nicolas-sarkozy"},"_links":{"self":[{"href":"https:\/\/blog.causeur.fr\/antidote\/wp-json\/wp\/v2\/posts\/2221","targetHints":{"allow":["GET"]}}],"collection":[{"href":"https:\/\/blog.causeur.fr\/antidote\/wp-json\/wp\/v2\/posts"}],"about":[{"href":"https:\/\/blog.causeur.fr\/antidote\/wp-json\/wp\/v2\/types\/post"}],"author":[{"embeddable":true,"href":"https:\/\/blog.causeur.fr\/antidote\/wp-json\/wp\/v2\/users\/10"}],"replies":[{"embeddable":true,"href":"https:\/\/blog.causeur.fr\/antidote\/wp-json\/wp\/v2\/comments?post=2221"}],"version-history":[{"count":0,"href":"https:\/\/blog.causeur.fr\/antidote\/wp-json\/wp\/v2\/posts\/2221\/revisions"}],"wp:attachment":[{"href":"https:\/\/blog.causeur.fr\/antidote\/wp-json\/wp\/v2\/media?parent=2221"}],"wp:term":[{"taxonomy":"category","embeddable":true,"href":"https:\/\/blog.causeur.fr\/antidote\/wp-json\/wp\/v2\/categories?post=2221"},{"taxonomy":"post_tag","embeddable":true,"href":"https:\/\/blog.causeur.fr\/antidote\/wp-json\/wp\/v2\/tags?post=2221"}],"curies":[{"name":"wp","href":"https:\/\/api.w.org\/{rel}","templated":true}]}}