{"id":2245,"date":"2011-11-02T09:30:16","date_gmt":"2011-11-02T08:30:16","guid":{"rendered":"http:\/\/blog.causeur.fr\/antidote\/?p=2245"},"modified":"2021-04-26T16:10:55","modified_gmt":"2021-04-26T14:10:55","slug":"lettre-a-christian-estrosi","status":"publish","type":"post","link":"https:\/\/blog.causeur.fr\/antidote\/lettre-a-christian-estrosi-2245","title":{"rendered":"Lettre \u00e0 Christian Estrosi"},"content":{"rendered":"<p>Monsieur le Ministre,<\/p>\n<p>Hier matin, r\u00e9agissant \u00e0 l\u2019annonce de l\u2019organisation d\u2019un r\u00e9f\u00e9rendum en Gr\u00e8ce, berceau de la D\u00e9mocratie, vous avez fustig\u00e9 cette d\u00e9cision\u00a0<em>\u00ab\u00a0totalement irresponsable\u00a0\u00bb<\/em>\u00a0du Premier Ministre grec, Georges Papandreou. A vrai dire, je m\u2019attendais, depuis lundi soir, \u00e0 entendre de tels reproches en direction d\u2019Ath\u00e8nes. Et d\u2019ailleurs, vous n\u2019\u00eates pas, depuis hier matin, le seul \u00e0 tirer \u00e0 boulets rouges sur ces mauvais coucheurs h\u00e9ll\u00e8nes. Ce qui m\u2019\u00e9tonne, en revanche, c\u2019est que cela vienne de vous.<\/p>\n<p>Il y a pr\u00e8s de vingt ans, Fran\u00e7ois Mitterrand d\u00e9cidait lui aussi, le lendemain de la victoire du Non au Danemark, de consulter le peuple fran\u00e7ais \u00e0 l\u2019occasion de la ratification du Trait\u00e9 de Maastricht cr\u00e9ant une union mon\u00e9taire en Europe. Derri\u00e8re Philippe S\u00e9guin et Charles Pasqua, duquel vous f\u00fbtes proche, vous vous engage\u00e2tes dans la campagne pour le Non. Vous souvenez-vous de l\u2019affiche que nous coll\u00e2mes alors sur tous les murs de France dans la chaleur de l\u2019\u00e9t\u00e9 ? Il claquait, ce slogan, inspir\u00e9 de Paul Eluard :\u00a0<em>\u00ab\u00a0Libert\u00e9, je ch\u00e9ris ton NON\u00a0\u00bb<\/em>. Cette bataille, nous la perd\u00eemes ensemble. Et nous le f\u00eemes avec d\u2019autant plus d\u2019\u00e9l\u00e9gance que nous ne f\u00fbmes pas \u00e9pargn\u00e9s pendant la campagne. Tel pr\u00e9sident de la commission europ\u00e9enne nous intima de<em>\u00a0\u00ab\u00a0changer d\u2019attitude ou de quitter la politique\u00a0\u00bb<\/em>\u00a0; tel autre, directeur d\u2019un grand journal du soir, nous mena\u00e7a, au cas o\u00f9 le oui ne l\u2019emporterait pas,\u00a0<em>\u00ab\u00a0de la pire catastrophe depuis l\u2019accession au pouvoir du chancelier Hitler\u00a0\u00bb<\/em>\u00a0; tel chroniqueur et \u00e9ditorialiste en place depuis vingt ans, et toujours de service le matin sur RTL, expliqua que le r\u00e9f\u00e9rendum \u00e9tait dangereux en ce sens qu\u2019il donne, sur des sujets aussi complexes, la m\u00eame voix aux non-dipl\u00f4m\u00e9s -le monsieur est poli, il ne prononce pas le mot \u00ab\u00a0cons\u00a0\u00bb- qu\u2019aux classes \u00e9clair\u00e9es. Ainsi, vous retrouver aujourd\u2019hui sur la m\u00eame ligne ne laisse pas de d\u00e9cevoir.<\/p>\n<p>Consulter le Peuple, donner l\u2019occasion au Peuple fran\u00e7ais de se prononcer sur son destin, c\u2019\u00e9tait ainsi d\u00e9j\u00e0 irresponsable. Le refaire, en 2005, l\u2019\u00e9tait donc tout autant. C\u2019est l\u2019avis de Nicolas Sarkozy qui go\u00fbte moins le recours \u00e0 la d\u00e9mocratie directe que Charles Pasqua et Philippe S\u00e9guin hier, Charles de Gaulle avant-hier. Il est vrai que l\u2019actuel pr\u00e9sident conserve un mauvais souvenir de ce genre de consultation. En 2003, il organisa un r\u00e9f\u00e9rendum sur l\u2019\u00e9volution institutionnelle de la Corse. Alors que son projet \u00e9tait soutenu par l\u2019UMP, le PS et les s\u00e9paratistes, il v\u00e9cut un cuisant \u00e9chec. Ainsi, passer sur l\u2019avis de ce foutu suffrage universel est devenu une ardente obligation : le trait\u00e9 de Lisbonne qui reprend 95 % de la substance d\u2019un texte refus\u00e9 par la majorit\u00e9 du Peuple fran\u00e7ais, ainsi que l\u2019a reconnu l\u2019auteur dudit texte, l\u2019ancien pr\u00e9sident Giscard d\u2019Estaing, fut donc approuv\u00e9 par les parlementaires r\u00e9unis en congr\u00e8s, avec votre b\u00e9n\u00e9diction. Et vous continuez pourtant \u00e0 vous auto-proclamer gaulliste,et, pis, gaulliste social, alors que le respect des d\u00e9cisions r\u00e9f\u00e9rendaires constituait l\u2019alpha et l\u2019om\u00e9ga de toute la pratique institutionnelle du G\u00e9n\u00e9ral de Gaulle.<\/p>\n<p>On a ainsi pass\u00e9 outre les r\u00e9sultats du Peuple -ou on l\u2019a fait revoter jusqu\u2019\u00e0 ce qu\u2019il finisse, par lassitude, \u00e0 r\u00e9pondre oui, comme en Irlande- et il \u00e9tait bien entendu qu\u2019il faudrait recourir au minimum \u00e0 ce dangereux suffrage universel. Populiste, le r\u00e9f\u00e9rendum, pleurait de rage hier matin le constitutionnaliste Dominique Reyni\u00e9. Que cela vienne de lui, on le comprend. Il s\u2019enorgueillit de faire partie des \u00ab\u00a0sachants\u00a0\u00bb. Mais de vous, Christian Estrosi ? Vous vous plaignez assez des sarcasmes dont vous \u00eates victime \u00e0 propos de votre manque de dipl\u00f4mes, du m\u00e9pris qui vous frappe lorsqu\u2019on vous surnomme le \u00ab\u00a0motodidacte\u00a0\u00bb. La d\u00e9mocratie, le gouvernement du peuple, par le peuple et pour le peuple, suppose que notre voix \u00e0 tous, p\u00e8se du m\u00eame poids, que nous soyons polytechnicien ou technicien de surface. Le suffrage universel, indissociable de la d\u00e9mocratie, suppose que le plus humble d\u2019entre nous puisse acc\u00e9der aux plus hautes fonctions. Ce miracle de la D\u00e9mocratie a notamment permis \u00e0 un homme, ne sortant d\u2019aucune grande \u00e9cole puisqu\u2019il avait quitt\u00e9 le lyc\u00e9e pour s\u2019adonner \u00e0 sa passion motocycliste, \u00a0de devenir ministre de l\u2019industrie de son pays ou de diriger la cinqui\u00e8me ville de France.<\/p>\n<p>C\u2019est ce miracle, Christian Estrosi, que vous refusez lorsque vous qualifiez d\u2019irresponsable le recours aux suffrages du peuple grec, tournant ainsi le dos non seulement au militant que vous avez \u00e9t\u00e9, mais \u00e0 l\u2019homme que vous \u00eates.<\/p>\n","protected":false},"excerpt":{"rendered":"<p>L&rsquo;Union pour un Mouvement Populaire m\u00e9prise le r\u00e9f\u00e9rendum populaire<\/p>\n","protected":false},"author":10,"featured_media":0,"comment_status":"open","ping_status":"closed","sticky":false,"template":"","format":"standard","meta":{"footnotes":""},"categories":[5],"tags":[323,325,329,188,327],"class_list":{"0":"post-2245","1":"post","2":"type-post","3":"status-publish","4":"format-standard","6":"category-sulfate","7":"tag-christian-estrosi","8":"tag-democratie","9":"tag-georges-papandreou","10":"tag-grece","11":"tag-referendum"},"_links":{"self":[{"href":"https:\/\/blog.causeur.fr\/antidote\/wp-json\/wp\/v2\/posts\/2245","targetHints":{"allow":["GET"]}}],"collection":[{"href":"https:\/\/blog.causeur.fr\/antidote\/wp-json\/wp\/v2\/posts"}],"about":[{"href":"https:\/\/blog.causeur.fr\/antidote\/wp-json\/wp\/v2\/types\/post"}],"author":[{"embeddable":true,"href":"https:\/\/blog.causeur.fr\/antidote\/wp-json\/wp\/v2\/users\/10"}],"replies":[{"embeddable":true,"href":"https:\/\/blog.causeur.fr\/antidote\/wp-json\/wp\/v2\/comments?post=2245"}],"version-history":[{"count":0,"href":"https:\/\/blog.causeur.fr\/antidote\/wp-json\/wp\/v2\/posts\/2245\/revisions"}],"wp:attachment":[{"href":"https:\/\/blog.causeur.fr\/antidote\/wp-json\/wp\/v2\/media?parent=2245"}],"wp:term":[{"taxonomy":"category","embeddable":true,"href":"https:\/\/blog.causeur.fr\/antidote\/wp-json\/wp\/v2\/categories?post=2245"},{"taxonomy":"post_tag","embeddable":true,"href":"https:\/\/blog.causeur.fr\/antidote\/wp-json\/wp\/v2\/tags?post=2245"}],"curies":[{"name":"wp","href":"https:\/\/api.w.org\/{rel}","templated":true}]}}