{"id":2255,"date":"2011-11-04T20:39:51","date_gmt":"2011-11-04T19:39:51","guid":{"rendered":"http:\/\/blog.causeur.fr\/antidote\/?p=2255"},"modified":"2021-04-26T16:10:55","modified_gmt":"2021-04-26T14:10:55","slug":"rendez-vous-en-terre-inconnue","status":"publish","type":"post","link":"https:\/\/blog.causeur.fr\/antidote\/rendez-vous-en-terre-inconnue-2255","title":{"rendered":"Rendez-vous en terre inconnue"},"content":{"rendered":"<p><em>Gr\u00e2ce \u00e0 la complicit\u00e9 d&rsquo;un technicien de la soci\u00e9t\u00e9 de production de la c\u00e9l\u00e8bre \u00e9mission de France 2, <\/em>Rendez-vous en terre inconnue<em>, j&rsquo;ai pu assister, incognito, \u00e0 l&rsquo;enregistrement de la prochaine livraison dont la guest star est le journaliste Jean Quatremer, correspondant de l&rsquo;Union europ\u00e9enne \u00e0 Lib\u00e9ration, \u00e0 moins que ce ne soit l&rsquo;inverse. Le d\u00e9fi auquel l&rsquo;animateur Fr\u00e9d\u00e9ric Lopez a souhait\u00e9 confronter son invit\u00e9 consistait \u00e0 l&rsquo;extraire de son bureau bruxellois pour l&#8217;emmener dans une contr\u00e9e jusque l\u00e0 inconnue : la d\u00e9mocratie.<\/em><\/p>\n<p><em>J&rsquo;ai d\u00e9cid\u00e9, en avant premi\u00e8re, de r\u00e9server aux lecteurs de Causeur, les moments les plus forts de l&rsquo;\u00e9mission, un peu comme un journal livre les bonnes feuilles d&rsquo;un ouvrage. Je ne suis pas certain, toutefois, de restituer ici toute l&rsquo;\u00e9motion qui a r\u00e9gn\u00e9 ces quelques jours pendant l&rsquo;enregistrement.<\/em><\/p>\n<blockquote><p>&#8211; <strong>Fr\u00e9d\u00e9ric Lopez<\/strong> : \u00ab\u00a0Jean, avant de prendre l&rsquo;avion, nous allons nous d\u00e9placer pas tr\u00e8s loin d&rsquo;ici, \u00e0 Bruxelles, dans une grande brasserie, pour assister ensemble \u00e0 une sc\u00e8ne qui constituera pour vous une grande exp\u00e9rience.\u00a0\u00bb<\/p><\/blockquote>\n<p>Arriv\u00e9s \u00e0 la brasserie, Fr\u00e9d\u00e9ric et Jean arrivent devant un groupe d&rsquo;une trentaine de convives dont on devine tr\u00e8s vite qu&rsquo;ils sont ici en s\u00e9minaire et que les frais de restauration sont pris en charge par leur entreprise. Le serveur leur signale que la formule choisie leur donne droit \u00e0 de l&rsquo;eau min\u00e9rale plate ou de l&rsquo;eau min\u00e9rale gazeuse, sachant que la d\u00e9cision prise, elle s&rsquo;imposera \u00e0 tout le groupe. Tr\u00e8s vite, un d\u00e9bat s&rsquo;engage entre les partisans de l&rsquo;eau plate et ceux de l&rsquo;eau gazeuse. Jean regarde, interloqu\u00e9 et l\u00e9g\u00e8rement amus\u00e9. C&rsquo;est au moment o\u00f9 l&rsquo;un des convives d\u00e9cide de mettre le choix aux voix que des perles de transpiration commencent \u00e0 couler sur ses tempes.<\/p>\n<blockquote><p>&#8211; <strong>Jean Quatremer<\/strong> : Un vote ? Mais l&rsquo;entreprise qui paie le repas n&rsquo;a pas \u00e9dict\u00e9 de directive pour \u00e9viter une telle perte de temps ?<\/p>\n<p>&#8211; <strong>Fr\u00e9d\u00e9ric Lopez<\/strong> : Non. Ils votent. Et ensuite, la d\u00e9cision s&rsquo;impose \u00e0 tous.<\/p>\n<p>&#8211; Comme c&rsquo;est curieux !<\/p>\n<p>&#8211; Je suis tr\u00e8s fier de vous, Jean. Nous avons tent\u00e9 ce genre d&rsquo;exp\u00e9rience avec Dominique Reyni\u00e9. Nous avons d\u00fb l&rsquo;\u00e9vacuer, tr\u00e8s vite. Il est entr\u00e9 dans une crise de convulsions grave. Il criait : \u00ab\u00a0Populisme, populisme\u00a0\u00bb. Et il a vite perdu connaissance.<\/p>\n<p>&#8211; Quand m\u00eame, il n&rsquo;y a pas de quoi. C&rsquo;est vrai que c&rsquo;est tr\u00e8s \u00e9tonnant, cette m\u00e9thode mais il n&rsquo;y a pas de quoi en \u00eatre malade.<\/p><\/blockquote>\n<p>Cette fois-ci, Jean et Fr\u00e9d\u00e9ric ont pris l&rsquo;avion. Ils arrivent tr\u00e8s vite en Islande o\u00f9 un nouveau r\u00e9f\u00e9rendum est organis\u00e9 sur un projet de modification de la loi bancaire. Un parlementaire explique les tenants et aboutissants du projet et lui dit sa foi dans le fier peuple islandais, libre et souverain. Malgr\u00e9 la faible temp\u00e9rature r\u00e8gnant \u00e0 Reikjavik \u00e0 cette \u00e9poque de l&rsquo;ann\u00e9e, Jean transpire \u00e0 grosses gouttes. Il est pris de tremblements.<\/p>\n<blockquote><p>&#8211; Quelle peuplade curieuse ! Comment peut-on avoir une telle confiance dans la population ? C&rsquo;est dangereux quand m\u00eame ! Vous n&rsquo;avez pas peur que le peuple c\u00e8de la d\u00e9magogie, qu&rsquo;il plonge dans le pays dans les heures les plus sombres de l&rsquo;Histoire ?<\/p>\n<p>&#8211; Tout se passe bien, vous savez. Les Islandais ont d\u00e9j\u00e0 pris des d\u00e9cisions importantes. Notre pays s&rsquo;en sort plut\u00f4t bien.<\/p>\n<p>&#8211; Mais s&rsquo;ils prennent la mauvaise d\u00e9cision ?<\/p>\n<p>&#8211; Le peuple prendra la bonne d\u00e9cision car c&rsquo;est le peuple et que cela le concerne au premier chef.<\/p><\/blockquote>\n<p>Jean, qui n&rsquo;est pas la moiti\u00e9 d&rsquo;un con, a remarqu\u00e9 le caract\u00e8re insulaire de la fi\u00e8re Islande. Il met sur le compte de cette particularit\u00e9 le fait que des hommes en uniforme et munis de brassards ne d\u00e9filent pas au pas de l&rsquo;oie dans les rues de la Capitale.<\/p>\n<blockquote><p>&#8211; En Europe, ce ne serait pas possible, Fr\u00e9deric, ce serait inimaginable !<\/p>\n<p>&#8211; D\u00e9trompe-toi, Jean. Nous partons pour un pays d&rsquo;Europe.<\/p><\/blockquote>\n<p>Apr\u00e8s quelques heures de vol et un atterrissage \u00e0 Zurich, puis quelques autres en voiture, c&rsquo;est dans une vall\u00e9e de Suisse al\u00e9manique que Jean retire de ses yeux le traditionnel bandeau de l&rsquo;\u00e9mission. Tous les citoyens sont r\u00e9unis sur une place pour une votation d&rsquo;initiative populaire. La question porte sur le r\u00e9tablissement des notes \u00e0 l&rsquo;\u00e9cole primaire, que le gouvernement cantonal avait supprim\u00e9es il y a quelques ann\u00e9es. Jean interroge le pr\u00e9sident de l&rsquo;association de parents d&rsquo;\u00e9l\u00e8ves qui a lanc\u00e9 la p\u00e9tition en vue de l&rsquo;obtention de la votation.<\/p>\n<blockquote><p>&#8211; Ce sont eux qui ont d\u00e9cid\u00e9 de la question ? Ils proposent de censurer l&rsquo;avis des sp\u00e9cialistes ?<\/p>\n<p>&#8211; Oui, les gens trouvaient que leurs enfants travaillaient moins. Alors ils ont lanc\u00e9 la p\u00e9tition. Ils ont obtenu beaucoup de signatures et aujourd&rsquo;hui on vote. C&rsquo;est la Suisse. C&rsquo;est la d\u00e9mocratie.<\/p>\n<p>&#8211; Mais, c&rsquo;est du fascisme. C&rsquo;est la prime \u00e0 la d\u00e9magogie.<\/p><\/blockquote>\n<p>Jean perd son sang-froid. Sa respiration se fait plus haletante. Devant ses yeux, un brouillard. Il s&rsquo;\u00e9vanouit dans les bras de Fr\u00e9d\u00e9ric Lopez apr\u00e8s avoir avoir murmur\u00e9 :<em>\u00ab ce sont des nazis, ram\u00e8ne moi \u00e0 Bruxelles&#8230;\u00a0\u00bb<\/em>. La bo\u00eete de production avait pr\u00e9vu un tel malaise. Pendant tout l&rsquo;enregistrement, une assistance m\u00e9dicale se tenait pr\u00eate. C&rsquo;est sous assistance cardiaque et respiratoire que Jean Quatremer a retrouv\u00e9 Bruxelles. Requinqu\u00e9 par une audition d&rsquo;un repr\u00e9sentant la task-force \u00a0en Gr\u00e8ce venu indiquer les derni\u00e8res mesures prises \u00e0 Ath\u00e8nes sous l&rsquo;\u00e9gide de l&rsquo;Union europ\u00e9enne, il a retrouv\u00e9 -je tiens \u00e0 rassurer les lecteurs- \u00a0un tr\u00e8s bon \u00e9tat de sant\u00e9.<\/p>\n<p>&nbsp;<\/p>\n","protected":false},"excerpt":{"rendered":"<p>J&rsquo;ai assist\u00e9 au dernier enregistrement de l&rsquo;\u00e9mission &#8211; Invit\u00e9 : Jean Quatremer<\/p>\n","protected":false},"author":10,"featured_media":0,"comment_status":"open","ping_status":"closed","sticky":false,"template":"","format":"standard","meta":{"footnotes":""},"categories":[4],"tags":[325,333,335,192,331,337],"class_list":{"0":"post-2255","1":"post","2":"type-post","3":"status-publish","4":"format-standard","6":"category-oxygene","7":"tag-democratie","8":"tag-frederic-lopez","9":"tag-islande","10":"tag-jean-quatremer","11":"tag-rendez-vous-en-terre-inconnue","12":"tag-suisse"},"_links":{"self":[{"href":"https:\/\/blog.causeur.fr\/antidote\/wp-json\/wp\/v2\/posts\/2255","targetHints":{"allow":["GET"]}}],"collection":[{"href":"https:\/\/blog.causeur.fr\/antidote\/wp-json\/wp\/v2\/posts"}],"about":[{"href":"https:\/\/blog.causeur.fr\/antidote\/wp-json\/wp\/v2\/types\/post"}],"author":[{"embeddable":true,"href":"https:\/\/blog.causeur.fr\/antidote\/wp-json\/wp\/v2\/users\/10"}],"replies":[{"embeddable":true,"href":"https:\/\/blog.causeur.fr\/antidote\/wp-json\/wp\/v2\/comments?post=2255"}],"version-history":[{"count":0,"href":"https:\/\/blog.causeur.fr\/antidote\/wp-json\/wp\/v2\/posts\/2255\/revisions"}],"wp:attachment":[{"href":"https:\/\/blog.causeur.fr\/antidote\/wp-json\/wp\/v2\/media?parent=2255"}],"wp:term":[{"taxonomy":"category","embeddable":true,"href":"https:\/\/blog.causeur.fr\/antidote\/wp-json\/wp\/v2\/categories?post=2255"},{"taxonomy":"post_tag","embeddable":true,"href":"https:\/\/blog.causeur.fr\/antidote\/wp-json\/wp\/v2\/tags?post=2255"}],"curies":[{"name":"wp","href":"https:\/\/api.w.org\/{rel}","templated":true}]}}