{"id":229,"date":"2009-03-17T22:02:32","date_gmt":"2009-03-17T21:02:32","guid":{"rendered":"http:\/\/carnet.causeur.fr\/antidote\/?p=229"},"modified":"2021-04-26T16:12:04","modified_gmt":"2021-04-26T14:12:04","slug":"rebelles-apeures","status":"publish","type":"post","link":"https:\/\/blog.causeur.fr\/antidote\/rebelles-apeures-229","title":{"rendered":"Rebelles apeur\u00e9s"},"content":{"rendered":"<p>Ainsi, ce soir, les d\u00e9put\u00e9s forts en gueule de l&rsquo;UMP se sont couch\u00e9s et ont pr\u00e9f\u00e9r\u00e9 fr\u00e9quenter la buvette plut\u00f4t que de traduire en actes politiques leurs d\u00e9clarations pourtant empreintes de bon sens sur la v\u00e9ritable nature du retour de la France dans le commandement int\u00e9gr\u00e9 de l&rsquo;OTAN.<\/p>\n<p>On dit que le Premier Ministre a musel\u00e9 sa majorit\u00e9 en recourant au vote de confiance. On a tort. Le Premier Ministre a engag\u00e9 sa responsabilit\u00e9 sur la Politique \u00e9trang\u00e8re du gouvernement et c&rsquo;est bien celle-ci toute enti\u00e8re qui \u00e9tait le sujet cet apr\u00e8s-midi tant ce retour dans le coeur de \u00ab\u00a0la famille occidentale\u00a0\u00bb, que constitue cette initiative, symbolise cette derni\u00e8re avec \u00e9clat. Le recours \u00e0 l&rsquo;article 49 de la constitution avait donc une certaine l\u00e9gitimit\u00e9 en l&rsquo;occasion.<\/p>\n<p>Il revenait simplement \u00e0 ceux qui sont oppos\u00e9s \u00e0 cette \u00e9volution,<a href=\"http:\/\/carnet.causeur.fr\/antidote\/otan-en-emporte-sarkozy,00227\" target=\"_blank\" rel=\"noopener\"> dont j&rsquo;ai d\u00e9j\u00e0 \u00e9crit \u00e0 quel point elle me d\u00e9plaisait<\/a>, d&rsquo;assumer pleinement leurs convictions et de ne pas aller se terrer comme des lapins apeur\u00e9s. Mais peur de quoi ? Que le Pr\u00e9sident de la R\u00e9publique dissolve ? C&rsquo;est une aimable plaisanterie. De se retrouver avec un candidat dans les pattes en 2012 ? Ce n&rsquo;est pas davantage s\u00e9rieux. Pour conforter sa candidature \u00e0 un quinquennat suppl\u00e9mentaire, Nicolas Sarkozy devra s&rsquo;appuyer sur tout le monde, m\u00eame sur ceux des d\u00e9put\u00e9s UMP qui auraient manifest\u00e9 un jour, par leur vote, une d\u00e9fiance passag\u00e8re.\u00a0 Alors pourquoi ? Le plus probable est que Monsieur Cop\u00e9 leur a conseill\u00e9 cette attitude et qu&rsquo;ils ont trouv\u00e9 en lui un nouveau h\u00e9raut. Je ne vous cache pas la consternation dans laquelle cette \u00e9ventualit\u00e9 me plonge, tant le maire de Meaux fait figure pour moi de sous-Sarko ; tous les d\u00e9fauts de l&rsquo;Autre sans ses rares qualit\u00e9s. Pitoyables donc, les Myard, Luca [1. Ces deux-l\u00e0 ont m\u00eame fini par voter la confiance&#8230;], Tron, Grand et consorts. Toujours en train de faire semblant qu&rsquo;on peut peser \u00e0 l&rsquo;int\u00e9rieur de l&rsquo;UMP, un peu comme Sarkozy qui croit qu&rsquo;il peut changer l&rsquo;OTAN de l&rsquo;int\u00e9rieur ce qu&rsquo;eux contestent par ailleurs \u00e0 juste raison.<\/p>\n<p>Avec un peu de suite dans les id\u00e9es et de foi dans leurs convictions, tous ces d\u00e9put\u00e9s auraient pu voter NON \u00e0 cette politique \u00e9trang\u00e8re mortif\u00e8re qui n&rsquo;avait pas \u00e9t\u00e9 annonc\u00e9e avant les \u00e9lections pr\u00e9sidentielles et\u00a0 l\u00e9gislatives. Ils auraient pu entrer dans l&rsquo;histoire parlementaire comme des d\u00e9put\u00e9s courageux et indociles. Ils ont pr\u00e9f\u00e9r\u00e9 la buvette. Pas s\u00fbr que Sarkozy, qui ne conna\u00eet que les rapports de force, ne les respecte davantage ce soir.<\/p>\n<h5><em>Illustration en Une : D\u00e9put\u00e9 UMP se dirigeant tr\u00e8s rapidement \u00e0 la buvette au coup de sifflet.<\/em><\/h5>\n","protected":false},"excerpt":{"rendered":"<p>Ainsi, ce soir, les d\u00e9put\u00e9s forts en gueule de l&rsquo;UMP se sont couch\u00e9s et ont pr\u00e9f\u00e9r\u00e9 fr\u00e9quenter la buvette plut\u00f4t que de traduire en actes politiques leurs d\u00e9clarations pourtant empreintes de bon sens sur la v\u00e9ritable nature du retour de la France dans le commandement int\u00e9gr\u00e9 de l&rsquo;OTAN. On dit que le Premier Ministre a [&hellip;]<\/p>\n","protected":false},"author":10,"featured_media":0,"comment_status":"open","ping_status":"closed","sticky":false,"template":"","format":"standard","meta":{"footnotes":""},"categories":[5],"tags":[],"class_list":{"0":"post-229","1":"post","2":"type-post","3":"status-publish","4":"format-standard","6":"category-sulfate"},"_links":{"self":[{"href":"https:\/\/blog.causeur.fr\/antidote\/wp-json\/wp\/v2\/posts\/229","targetHints":{"allow":["GET"]}}],"collection":[{"href":"https:\/\/blog.causeur.fr\/antidote\/wp-json\/wp\/v2\/posts"}],"about":[{"href":"https:\/\/blog.causeur.fr\/antidote\/wp-json\/wp\/v2\/types\/post"}],"author":[{"embeddable":true,"href":"https:\/\/blog.causeur.fr\/antidote\/wp-json\/wp\/v2\/users\/10"}],"replies":[{"embeddable":true,"href":"https:\/\/blog.causeur.fr\/antidote\/wp-json\/wp\/v2\/comments?post=229"}],"version-history":[{"count":0,"href":"https:\/\/blog.causeur.fr\/antidote\/wp-json\/wp\/v2\/posts\/229\/revisions"}],"wp:attachment":[{"href":"https:\/\/blog.causeur.fr\/antidote\/wp-json\/wp\/v2\/media?parent=229"}],"wp:term":[{"taxonomy":"category","embeddable":true,"href":"https:\/\/blog.causeur.fr\/antidote\/wp-json\/wp\/v2\/categories?post=229"},{"taxonomy":"post_tag","embeddable":true,"href":"https:\/\/blog.causeur.fr\/antidote\/wp-json\/wp\/v2\/tags?post=229"}],"curies":[{"name":"wp","href":"https:\/\/api.w.org\/{rel}","templated":true}]}}