{"id":2291,"date":"2011-12-03T11:21:01","date_gmt":"2011-12-03T10:21:01","guid":{"rendered":"http:\/\/blog.causeur.fr\/antidote\/?p=2291"},"modified":"2021-04-26T16:10:55","modified_gmt":"2021-04-26T14:10:55","slug":"stand-up-a-toulon","status":"publish","type":"post","link":"https:\/\/blog.causeur.fr\/antidote\/stand-up-a-toulon-2291","title":{"rendered":"Stand-up \u00e0 Toulon"},"content":{"rendered":"<p>Qui a dit ?<\/p>\n<blockquote><p><em>\u00ab\u00a0Il ne peut y avoir de monnaie unique sans que les \u00e9conomies convergent. Si les \u00e9carts de niveau de vie, de productivit\u00e9, de comp\u00e9titivit\u00e9 se creusent entre les pays, l&rsquo;euro se r\u00e9v\u00e8lera, t\u00f4t ou tard, trop fort pour les uns, trop faible pour les autres ; et la zone euro \u00e9clatera.\u00a0\u00bb<\/em><\/p><\/blockquote>\n<p>Philippe S\u00e9guin en 1995 ?<\/p>\n<p>Emmanuel Todd en 1999 ?<\/p>\n<p>Jean-Pierre Chev\u00e8nement en 2002 ?<\/p>\n<p>Jacques Sapir en 2006 ?<\/p>\n<p>&nbsp;<\/p>\n<p>Vous n&rsquo;y \u00eates pas, encore que toutes ces personnalit\u00e9s auraient pu tenir ce m\u00eame discours aux dates indiqu\u00e9es. Mais celui qui a prononc\u00e9 cette phrase, c&rsquo;est Nicolas Sarkozy, ce jeudi 1er d\u00e9cembre \u00e0 Toulon.<\/p>\n<p>On croit r\u00eaver. Le Pr\u00e9sident de la R\u00e9publique a t-il d\u00e9cid\u00e9 de se mettre au stand-up ? Ah, ce <em>\u00ab\u00a0t\u00f4t ou tard\u00a0\u00bb<\/em>, quel magnifique trait d&rsquo;humour ! Dans le m\u00eame esprit, l&rsquo;amateur de v\u00e9lo qu&rsquo;il est aurait pu annoncer sur les Champs-Elys\u00e9es, dimanche 24 juillet, que si Andy Schleck n&rsquo;attaquait pas davantage en montagne, Cadel Evans pourrait bien gagner le Tour. L&rsquo;Australien, en jaune et avec son bouquet, aurait h\u00e9sit\u00e9 entre circonspection, g\u00eane, et hilarit\u00e9.<\/p>\n<p>Nous le savons, c&rsquo;est pr\u00e9cis\u00e9ment parce que nous avons une monnaie unique depuis dix ans que les \u00e9conomies ont diverg\u00e9, que les \u00e9carts de niveau de vie se sont creus\u00e9s entre les pays et que l&rsquo;euro est, depuis des ann\u00e9es, trop fort pour les uns, trop faible pour les autres ; et qu&rsquo;il va \u00e9clater sous peu.<\/p>\n<p>Le Pr\u00e9sident de la R\u00e9publique ne souhaitait \u00e9videmment pas faire d&rsquo;humour. Et il est loin d&rsquo;\u00eatre un imb\u00e9cile. Il ne reste donc qu&rsquo;une seule solution : il se fiche de nous, avec des tr\u00e9molos dans la voix.<\/p>\n<p>Il nous a aussi parl\u00e9 de souverainet\u00e9. Et de l&rsquo;exercice en commun de cette derni\u00e8re. Les journalistes ont traduit ceci, assez logiquement, par \u00ab\u00a0partage de souverainet\u00e9\u00a0\u00bb. Encore une petite devinette. \u00a0Qui a dit \u00a0:<\/p>\n<blockquote><p><em>\u00ab\u00a0La souverainet\u00e9, cela ne se divise pas, cela ne se partage pas non plus et, bien s\u00fbr, cela ne se limite pas. [&#8230;] Tant il est vrai que la souverainet\u00e9 divis\u00e9e, la souverainet\u00e9 partag\u00e9e , la souverainet\u00e9 limit\u00e9e, sont autant d&rsquo;expressions pour signifier qu&rsquo;il n&rsquo;y a plus du tout de souverainet\u00e9 !\u00a0\u00bb<\/em><\/p><\/blockquote>\n<p>Ici, c&rsquo;est bien Philippe S\u00e9guin la nuit du 5 au 6 mai 1992, \u00e0 la tribune de l&rsquo;Assembl\u00e9e nationale. \u00a0\u00abLa souverainet\u00e9 exerc\u00e9e en commun\u00a0\u00bb, est une expression suppl\u00e9mentaire pour signifier qu&rsquo;il n&rsquo;y a plus du tout de souverainet\u00e9. Et l\u00e0, je n&rsquo;ai plus du tout envie de rire.<\/p>\n","protected":false},"excerpt":{"rendered":"<p>Parfois dr\u00f4le. Parfois pas du tout !<\/p>\n","protected":false},"author":10,"featured_media":0,"comment_status":"open","ping_status":"closed","sticky":false,"template":"","format":"standard","meta":{"footnotes":""},"categories":[5],"tags":[377,32,121,275],"class_list":{"0":"post-2291","1":"post","2":"type-post","3":"status-publish","4":"format-standard","6":"category-sulfate","7":"tag-cadel-evans","8":"tag-nicolas-sarkozy","9":"tag-philippe-seguin","10":"tag-souverainete"},"_links":{"self":[{"href":"https:\/\/blog.causeur.fr\/antidote\/wp-json\/wp\/v2\/posts\/2291","targetHints":{"allow":["GET"]}}],"collection":[{"href":"https:\/\/blog.causeur.fr\/antidote\/wp-json\/wp\/v2\/posts"}],"about":[{"href":"https:\/\/blog.causeur.fr\/antidote\/wp-json\/wp\/v2\/types\/post"}],"author":[{"embeddable":true,"href":"https:\/\/blog.causeur.fr\/antidote\/wp-json\/wp\/v2\/users\/10"}],"replies":[{"embeddable":true,"href":"https:\/\/blog.causeur.fr\/antidote\/wp-json\/wp\/v2\/comments?post=2291"}],"version-history":[{"count":0,"href":"https:\/\/blog.causeur.fr\/antidote\/wp-json\/wp\/v2\/posts\/2291\/revisions"}],"wp:attachment":[{"href":"https:\/\/blog.causeur.fr\/antidote\/wp-json\/wp\/v2\/media?parent=2291"}],"wp:term":[{"taxonomy":"category","embeddable":true,"href":"https:\/\/blog.causeur.fr\/antidote\/wp-json\/wp\/v2\/categories?post=2291"},{"taxonomy":"post_tag","embeddable":true,"href":"https:\/\/blog.causeur.fr\/antidote\/wp-json\/wp\/v2\/tags?post=2291"}],"curies":[{"name":"wp","href":"https:\/\/api.w.org\/{rel}","templated":true}]}}