{"id":2295,"date":"2011-12-06T13:32:19","date_gmt":"2011-12-06T12:32:19","guid":{"rendered":"http:\/\/blog.causeur.fr\/antidote\/?p=2295"},"modified":"2021-04-26T16:10:55","modified_gmt":"2021-04-26T14:10:55","slug":"quand-marie-la-france-fait-la-lecon-a-une-ministre","status":"publish","type":"post","link":"https:\/\/blog.causeur.fr\/antidote\/quand-marie-la-france-fait-la-lecon-a-une-ministre-2295","title":{"rendered":"Quand Marie-La-France fait la le\u00e7on \u00e0 une ministre"},"content":{"rendered":"<p>Ce lundi soir, alors que Standard and Poor&rsquo;s venait de mettre sous surveillance les derniers d\u00e9tenteurs AAA de la zone euro, Yves Calvi avait concoct\u00e9 un plateau int\u00e9ressant. Pour commenter l&rsquo;accord Merkel-Sarkozy, une ministre, NKM, un repr\u00e9sentant du Parti socialiste, Arnaud Montebourg, accus\u00e9 de germanophobie depuis quelques jours, Laurent Joffrin et Alain Lamassoure parce qu&rsquo;il faut quand m\u00eame s&#8217;emmerder un minimum dans ce genre d&rsquo;\u00e9mission et,<em> last but not least<\/em>, Marie-France Garaud.<\/p>\n<p><em>Marie-La-France<\/em>, comme elle fut jadis surnomm\u00e9e, s&rsquo;est occup\u00e9e de Nathalie Kosciusko-Morizet, sous l&rsquo;oeil ravi et approbateur d&rsquo;Arnaud Montebourg. Elle lui a donn\u00e9 une le\u00e7on en trois temps, la reprenant comme un professeur intransigeant devant une \u00e9l\u00e8ve m\u00e9diocre.<\/p>\n<p>1er temps : NKM \u00e9voque Bismarck, l&rsquo;homme qui a fait la guerre \u00e0 la France. Garaud lui rappelle que c&rsquo;est la France qui a d\u00e9clar\u00e9 la guerre \u00e0 l&rsquo;Allemagne de Bismarck en 1870. Au passage, elle rappelle que le chancelier est consid\u00e9r\u00e9 comme un h\u00e9ros en Allemagne. NKM est recal\u00e9e en histoire.<\/p>\n<p>2e temps : NKM \u00a0\u00e9voque le fait que Nicolas Sarkozy a r\u00e9ussi \u00e0 s&rsquo;opposer \u00e0 la volont\u00e9 d&rsquo;Angela Merkel, qui \u00a0souhaitait que les budgets soient soumis \u00e0 la cour de justice europ\u00e9enne. Garaud la coupe <em>:\u00a0\u00bbElle ne pouvait pas ! La Cour de Karslruhe le lui interdit !\u00a0\u00bb<\/em> Et ajoute devant sa jeune \u00e9l\u00e8ve <em>\u00ab\u00a0L&rsquo;Allemagne joue au billard \u00e0 trois bandes, pendant que la France joue \u00e0 la p\u00e9tanque\u00a0\u00bb<\/em>. Citation de la soir\u00e9e, \u00e0 l&rsquo;\u00e9vidence. G\u00e9opolitique : NKM recal\u00e9e.<\/p>\n<p>3e temps : NKM \u00e9voque sa d\u00e9finition de la souverainet\u00e9 la r\u00e9duisant \u00e0 la \u00ab\u00a0capacit\u00e9 \u00e0 agir\u00a0\u00bb. Marie-France Garaud \u00a0rappelle \u00e0 la ministre son grand-p\u00e8re Jacques\u00a0Kosciusko-Morizet, qui avait travaill\u00e9 avec elle sur les accords de Maastricht en 1991. <em>\u00ab\u00a0Ce n&rsquo;est pas parce qu&rsquo;on supprime les panneaux indicateurs sur les routes qu&rsquo;elles cessent de nous conduire l\u00e0 o\u00f9 elles vont\u00a0\u00bb<\/em>, aurait dit l&rsquo;ancien ambassadeur du G\u00e9n\u00e9ral, \u00e0 propos de la suppression <em>in fine<\/em> du terme \u00ab\u00a0\u00e0 vocation f\u00e9d\u00e9rale\u00a0\u00bb pr\u00e9vu initialement dans le Trait\u00e9. Jacques aurait donc dit \u00e0 la petite Nathalie que, du fait de la monnaie unique, la souverainet\u00e9 de la France \u00e9tait d\u00e9j\u00e0 bien entam\u00e9e par cette notion fumeuse de souverainet\u00e9 partag\u00e9e et qu&rsquo;elle \u00e9tait aussi recal\u00e9e en droit constitutionnel.<\/p>\n<p>Montebourg s&rsquo;est r\u00e9gal\u00e9 \u00a0de compter une alli\u00e9e si pr\u00e9cieuse face \u00e0 la repr\u00e9sentante du gouvernement. Plus tard, il s&rsquo;est pay\u00e9 le luxe d&rsquo;\u00e9voquer la c\u00e9l\u00e8bre citation du G\u00e9n\u00e9ral de Gaulle sur la politique de la France et la Corbeille. Ils ont termin\u00e9 la phrase en choeur. Marie La France s&rsquo;est \u00e9galement autoris\u00e9e une petite pique en direction de son alli\u00e9 d&rsquo;un soir, lui reprochant d&rsquo;avoir approuv\u00e9 le trait\u00e9 de Maastricht. D&rsquo;un geste de la t\u00eate, Montebourg a fait amende honorable. D\u00e9cid\u00e9ment, c&rsquo;\u00e9tait une bien belle \u00e9mission.<\/p>\n","protected":false},"excerpt":{"rendered":"<p>Garaud 3 NKM 0<\/p>\n","protected":false},"author":10,"featured_media":0,"comment_status":"open","ping_status":"closed","sticky":false,"template":"","format":"standard","meta":{"footnotes":""},"categories":[4],"tags":[177,373,154,375],"class_list":{"0":"post-2295","1":"post","2":"type-post","3":"status-publish","4":"format-standard","6":"category-oxygene","7":"tag-arnaud-montebourg","8":"tag-marie-france-garaud","9":"tag-nkm","10":"tag-yves-calvi"},"_links":{"self":[{"href":"https:\/\/blog.causeur.fr\/antidote\/wp-json\/wp\/v2\/posts\/2295","targetHints":{"allow":["GET"]}}],"collection":[{"href":"https:\/\/blog.causeur.fr\/antidote\/wp-json\/wp\/v2\/posts"}],"about":[{"href":"https:\/\/blog.causeur.fr\/antidote\/wp-json\/wp\/v2\/types\/post"}],"author":[{"embeddable":true,"href":"https:\/\/blog.causeur.fr\/antidote\/wp-json\/wp\/v2\/users\/10"}],"replies":[{"embeddable":true,"href":"https:\/\/blog.causeur.fr\/antidote\/wp-json\/wp\/v2\/comments?post=2295"}],"version-history":[{"count":0,"href":"https:\/\/blog.causeur.fr\/antidote\/wp-json\/wp\/v2\/posts\/2295\/revisions"}],"wp:attachment":[{"href":"https:\/\/blog.causeur.fr\/antidote\/wp-json\/wp\/v2\/media?parent=2295"}],"wp:term":[{"taxonomy":"category","embeddable":true,"href":"https:\/\/blog.causeur.fr\/antidote\/wp-json\/wp\/v2\/categories?post=2295"},{"taxonomy":"post_tag","embeddable":true,"href":"https:\/\/blog.causeur.fr\/antidote\/wp-json\/wp\/v2\/tags?post=2295"}],"curies":[{"name":"wp","href":"https:\/\/api.w.org\/{rel}","templated":true}]}}