{"id":2321,"date":"2011-12-17T14:53:59","date_gmt":"2011-12-17T13:53:59","guid":{"rendered":"http:\/\/blog.causeur.fr\/antidote\/?p=2321"},"modified":"2021-04-26T16:10:55","modified_gmt":"2021-04-26T14:10:55","slug":"retourne-a-ta-cuisine-audrey","status":"publish","type":"post","link":"https:\/\/blog.causeur.fr\/antidote\/retourne-a-ta-cuisine-audrey-2321","title":{"rendered":"Retourne \u00e0 ta cuisine, Audrey !"},"content":{"rendered":"<p>Jeudi soir, on enregistrait le dernier \u00ab\u00a0On n&rsquo;est pas couch\u00e9\u00a0\u00bb de 2011. L&rsquo;un des invit\u00e9s, St\u00e9phane Guillon en assurait d\u00e8s hier la publicit\u00e9 par un tweet :<em>\u00ab\u00a0Demain soir, dans ONPC, je r\u00e9ponds \u00e0 Audrey Pulvar en imitant Montebourg\u2026\u00a0\u00bb<\/em>. Emmanuel Beretta, sp\u00e9cialiste des m\u00e9dias au Point, remettait une couche trois heures plus tard :<em>\u00ab\u00a0Accrochage Pulvar\/Guillon hier sur le tournage de Ruquier \u00e0 propos de France Inter. Guillon a fini par imiter Montebourg. Pulvar vex\u00e9e.\u00a0\u00bb<\/em> Cette derni\u00e8re, qui twitte aussi, temp\u00e9rait cette nuit :<em>\u00a0\u00bb\u00a0je n&rsquo;ai aucune envie d&rsquo;ajouter l&rsquo;\u00e9bullition \u00e0 cette temp\u00eate dans 1 verre d&rsquo;eau. Question d&rsquo;\u00e9l\u00e9gance.\u00a0\u00bb<\/em><\/p>\n<p>Par chance, cette \u00e9mission est enregistr\u00e9e en public, ce qui nous a permis de recueillir des informations. C&rsquo;est lorsque Guillon est pass\u00e9 dans le fauteuil que tout a commenc\u00e9. Natacha Polony a d\u00e9but\u00e9 en d\u00e9plorant le politiquement correct de son spectacle et donc du DVD dont il \u00e9tait venu faire la promotion. Le comique qui, \u00e0 l&rsquo;instar de Michael Youn il y a quelques ann\u00e9es devant Eric Naulleau, aime qu&rsquo;on rie de tout sauf de lui, n&rsquo;a pas go\u00fbt\u00e9 la chose. Interrompant sans cesse la chroniqueuse, il a fini par la qualifier de ma\u00eetresse d&rsquo;\u00e9cole, sans qu&rsquo;on sache qui \u00e9tait le v\u00e9ritable destinataire du <em>compliment<\/em>, Polony ou les institutrices. L\u00e0 dessus, Audrey Pulvar prend la parole. Guillon attend sans doute que la <em>femme de gauche<\/em> vienne \u00e0 sa rescousse alors qu&rsquo;il vient d&rsquo;\u00eatre attaqu\u00e9 par les forces de la R\u00e9action. Manque de bol, elle explique qu&rsquo;il se laisse aller \u00e0 une l\u00e9g\u00e8re monomanie \u00e0 propos de son \u00e9viction de France Inter. C&rsquo;est l\u00e0 que,\u00a0pour r\u00e9pondre \u00e0 la chroniqueuse, il choisit finalement d&rsquo;imiter -et plut\u00f4t mal- Arnaud Montebourg. Classe ! Audrey Pulvar aurait pu en rire. A mon humble avis, c&rsquo;est ce qu&rsquo;elle aurait d\u00fb faire, comme elle l&rsquo;avait fait un peu plus t\u00f4t dans l&rsquo;enregistrement de l&rsquo;\u00e9mission lorsqu&rsquo;il avait \u00e9t\u00e9 \u00e9voqu\u00e9 son lien avec le d\u00e9put\u00e9 de Sa\u00f4ne et Loire. Mais elle a du caract\u00e8re, Audrey. Et au lieu de la jouer profil bas, comme le lui avait reproch\u00e9 gentiment mon ami <a href=\"http:\/\/www.causeur.fr\/lettre-a-audrey-pulvar,7935\" target=\"_blank\" rel=\"noopener\">Fran\u00e7ois Miclo<\/a> il y a quelques mois, elle n&rsquo;a pas laiss\u00e9 passer, au risque d&rsquo;appara\u00eetre <em>vex\u00e9e<\/em>, selon les sources d&rsquo;Emmanuel Berretta.<\/p>\n<p>En fait, Pulvar \u00e9tait moins vex\u00e9e qu&rsquo;\u00e9nerv\u00e9e. Marre de tout ce qu&rsquo;elle entend depuis des jours, sur ses suppos\u00e9s conflits d&rsquo;int\u00e9r\u00eat[1. De quel int\u00e9r\u00eat, parle t-on, d&rsquo;ailleurs, puisque ces deux l\u00e0 ne sont m\u00eame pas mari\u00e9s et vivent, comme dirait ma grand-m\u00e8re, dans le p\u00e9ch\u00e9.], marre qu&rsquo;on la renvoie \u00e0 son statut de \u00ab\u00a0femme de\u00a0\u00bb alors qu&rsquo;elle a \u00e9t\u00e9 journaliste avant de conna\u00eetre Montebourg, et qu&rsquo;elle \u00e9tait d\u00e9j\u00e0 connue pour ne pas avoir la langue dans sa poche. Pour la premi\u00e8re fois, Audrey Pulvar a r\u00e9agi aux attaques dont elle est la cible de la part du tout-Paris-\u00e9ditorialiste-masculin.<\/p>\n<p>Bien que parfois \u00e9tiquet\u00e9 \u00ab\u00a0macho de garde\u00a0\u00bb, je la comprends, moi, Audrey. Et je m&rsquo;\u00e9tonne que les fameuses associations f\u00e9ministes de la nouvelle g\u00e9n\u00e9ration, au lieu de <a href=\"http:\/\/www.programme-tv.net\/news\/buzz\/20652-le-petit-journal-a-taille-la-barbe-video\/\" target=\"_blank\" rel=\"noopener\">se ridiculiser \u00e0 la t\u00e9l\u00e9<\/a> ou vouloir supprimer <a href=\"http:\/\/l-arene-nue.blogspot.com\/2011\/09\/chez-olf-il-manque-une-case.html\" target=\"_blank\" rel=\"noopener\">mademoiselle<\/a> des formulaires administratifs, ne viennent pas \u00e0 son aide, au nom d&rsquo;une sororit\u00e9 de bon aloi. Quant \u00e0 St\u00e9phane Guillon, l&rsquo;homme de gauche, le Jean Moulin de l&rsquo;anti-sarkozysme, le maquisard entr\u00e9 en guerre contre la R\u00e9action, est-il conscient du message qu&rsquo;il envoie ? Une femme serait donc disqualifi\u00e9e pour \u00eatre chroniqueuse dans une \u00e9mission de grande \u00e9coute et juger de l&rsquo;action politique, d&rsquo;une chanson ou d&rsquo;un spectacle vivant ? Elle ne serait bonne qu&rsquo;\u00e0 \u00a0faire la tambouille \u00e0 monsieur -n&rsquo;est-ce pas, Audrey Pulvar- ou \u00e9ventuellement \u00e0 faire la classe en \u00e9cole primaire -n&rsquo;est ce pas Natacha Polony- ?\u00a0 Allons plus loin. Il se trouve qu&rsquo;un autre gentleman incompris, Alain Soral, a eu la d\u00e9licatesse de renvoyer St\u00e9phane Guillon \u00e0 sa compagne, dans un pass\u00e9 r\u00e9cent. Se placer sur le m\u00eame terrain boueux, est-ce bien digne du progressisme dont il se r\u00e9clame ?<\/p>\n<p>En fait, St\u00e9phane Guillon, si heureux d&rsquo;\u00eatre adoub\u00e9 par Guy Bedos, a d\u00e9finitivement tomb\u00e9 le masque. Lorsqu&rsquo;on dit de lui qu&rsquo;il est politiquement correct, c&rsquo;est lui faire beaucoup d&rsquo;honneur et il devrait remercier son interlocutrice. Car il est seulement -et d\u00e9sesp\u00e9r\u00e9ment- nombriliste.<\/p>\n<p>&nbsp;<\/p>\n","protected":false},"excerpt":{"rendered":"<p>Pour le progressiste Guillon, une femme, c&rsquo;est surtout la femme de son mec !<\/p>\n","protected":false},"author":10,"featured_media":0,"comment_status":"open","ping_status":"closed","sticky":false,"template":"","format":"standard","meta":{"footnotes":""},"categories":[5],"tags":[177,385,387,74,383],"class_list":{"0":"post-2321","1":"post","2":"type-post","3":"status-publish","4":"format-standard","6":"category-sulfate","7":"tag-arnaud-montebourg","8":"tag-audrey-pulvar","9":"tag-machisme","10":"tag-natacha-polony","11":"tag-stephane-guillon"},"_links":{"self":[{"href":"https:\/\/blog.causeur.fr\/antidote\/wp-json\/wp\/v2\/posts\/2321","targetHints":{"allow":["GET"]}}],"collection":[{"href":"https:\/\/blog.causeur.fr\/antidote\/wp-json\/wp\/v2\/posts"}],"about":[{"href":"https:\/\/blog.causeur.fr\/antidote\/wp-json\/wp\/v2\/types\/post"}],"author":[{"embeddable":true,"href":"https:\/\/blog.causeur.fr\/antidote\/wp-json\/wp\/v2\/users\/10"}],"replies":[{"embeddable":true,"href":"https:\/\/blog.causeur.fr\/antidote\/wp-json\/wp\/v2\/comments?post=2321"}],"version-history":[{"count":0,"href":"https:\/\/blog.causeur.fr\/antidote\/wp-json\/wp\/v2\/posts\/2321\/revisions"}],"wp:attachment":[{"href":"https:\/\/blog.causeur.fr\/antidote\/wp-json\/wp\/v2\/media?parent=2321"}],"wp:term":[{"taxonomy":"category","embeddable":true,"href":"https:\/\/blog.causeur.fr\/antidote\/wp-json\/wp\/v2\/categories?post=2321"},{"taxonomy":"post_tag","embeddable":true,"href":"https:\/\/blog.causeur.fr\/antidote\/wp-json\/wp\/v2\/tags?post=2321"}],"curies":[{"name":"wp","href":"https:\/\/api.w.org\/{rel}","templated":true}]}}