{"id":2353,"date":"2012-01-06T21:54:24","date_gmt":"2012-01-06T20:54:24","guid":{"rendered":"http:\/\/blog.causeur.fr\/antidote\/?p=2353"},"modified":"2021-04-26T16:10:55","modified_gmt":"2021-04-26T14:10:55","slug":"les-sympoles-nationaux-che-me-les-cale-en-pas-tu-tos","status":"publish","type":"post","link":"https:\/\/blog.causeur.fr\/antidote\/les-sympoles-nationaux-che-me-les-cale-en-pas-tu-tos-2353","title":{"rendered":"\u00ab\u00a0Les sympoles nationaux, che me les cale en pas tu tos\u00a0\u00bb"},"content":{"rendered":"<p>Alors que le personnel politique fran\u00e7ais se r\u00e9appropriait Jeanne d&rsquo;Arc aujourd&rsquo;hui, non sans arri\u00e8re-pens\u00e9e -mais qui n&rsquo;en a pas ?-, Eva Joly nous a jou\u00e9 le troisi\u00e8me acte de sa pi\u00e8ce de th\u00e9\u00e2tre, de boulevard, intitul\u00e9e : <em>\u00ab\u00a0Les sympoles nationaux, che me les cale en pas tu tos\u00a0\u00bb<\/em>. Apr\u00e8s avoir fustig\u00e9 le d\u00e9fil\u00e9 militaire du 14 juillet, regrett\u00e9 les comm\u00e9morations du 11 novembre, elle d\u00e9plore aujourd&rsquo;hui que soit honor\u00e9e la Pucelle d&rsquo;Orl\u00e9ans, symbole ultranationaliste.<\/p>\n<p>Elle y va fort, la candidate verte. Ultranationaliste ! Voil\u00e0 donc Jules Michelet, Marc Bloch et le G\u00e9n\u00e9ral de Gaulle plac\u00e9s \u00e0 l&rsquo;extr\u00eame droite de Bruno Gollnisch pour avoir magnifi\u00e9 et honor\u00e9 l&rsquo;enfant de Domr\u00e9my, sous pr\u00e9texte que Jean-Marie Le Pen l&rsquo;avait fait aussi. Comme \u00e0 chaque fois, avec Eva Joly, ne sombrons pas dans l&rsquo;indignation -\u00e7a, c&rsquo;est plut\u00f4t son truc- et rions en tous ensemble. Pour ce faire, n&rsquo;en restons surtout pas au titre de la d\u00e9p\u00eache et examinons plus en d\u00e9tail ses d\u00e9clarations.<\/p>\n<p>Notre <a href=\"http:\/\/blog.causeur.fr\/antidote\/le-projet-de-reforme-calendaire-deva-joly,002267\" target=\"_blank\" rel=\"noopener\">visiteuse de calendrier<\/a> et de roman national nous explique que <em>\u00ab\u00a0nous sommes confront\u00e9s \u00e0 la plus grave crise depuis au moins la deuxi\u00e8me Guerre mondiale [&#8230;] Jeanne d&rsquo;Arc est \u00a0une personnalit\u00e9 m\u00e9di\u00e9vale[&#8230;]\u00bb. <\/em>C&rsquo;est vrai quoi, c&rsquo;est loin, tout \u00e7a. Nous serions n\u00e9anmoins reconnaissants \u00e0 la candidate \u00e9cologiste de nous informer jusqu&rsquo;\u00e0 quelle date nous sommes autoris\u00e9s \u00e0 remonter le temps pour trouver des personnages historiques dignes d&rsquo;int\u00e9r\u00eats. En tout cas, le pauvre Gutenberg[1. Voyez ma x\u00e9nophilie ! Je n&rsquo;ai pas choisi un personnage fran\u00e7ais !] n\u00e9 autour de 1400, alors que Jeanne a vu le jour en 1412, n&rsquo;en fait assur\u00e9ment pas partie.<\/p>\n<p><em>\u00ab\u00a0[&#8230;]c&rsquo;est la pucelle qui a bout\u00e9 hors de France les Anglais, ce n&rsquo;est pas le symbole que nous cherchons aujourd&rsquo;hui\u00a0\u00bb<\/em>, poursuit-elle. Ah ? Et pourquoi donc ? \u00ab\u00a0<em>La place de la France est dans l&rsquo;Europe avec les Allemands et avec les Anglais\u00a0\u00bb<\/em>. Partant de l\u00e0<em> \u00ab\u00a0aller chercher un symbole ultranationaliste dans la p\u00e9riode o\u00f9 nous sommes, \u00e7a ne fait pas sens\u00a0\u00bb. <\/em>Eureka ! Il ne faut pas rappeler cette p\u00e9riode maudite o\u00f9 Anglois et Fran\u00e7ois se faisaient la guerre \u00e0 Orl\u00e9ans, Paris et Compi\u00e8gne, parce que Sarkozy et Cameron, en ce moment, \u00e7a ne va pas fort !<\/p>\n<p>Je comprends \u00a0mieux&#8230; Mais, dites-moi, madame Joly, vous vous sentez proches de quelles h\u00e9ro\u00efnes f\u00e9minines, vous qui voyez dans<em> \u00ab\u00a0l&rsquo;Histoire de France \u00a0un grand livre [dans lequel] chacun y puise ce qu&rsquo;il veut\u00a0\u00bb <\/em>?<\/p>\n<p><em>\u00ab\u00a0Personnellement, je me sens plus proche des femmes h\u00e9ro\u00efnes de la R\u00e9sistance de la Seconde guerre mondiale que de Jeanne d&rsquo;Arc [&#8230;] Si on cherche l&rsquo;inspiration, qu&rsquo;on la trouve aupr\u00e8s de ces femmes-l\u00e0!\u00a0\u00bb<\/em><\/p>\n<p><em><\/em>Si je comprends bien, bouter l&rsquo;envahisseur anglais en 1429, c&rsquo;est mal. Mais bouter l&rsquo;envahisseur allemand en 1944, c&rsquo;est chouette ! Anglophilie ? Germanophobie ? On pourrait aussi y voir de la cathophobie ou de la virginophobie. Le th\u00e9\u00e2tre d&rsquo;Eva Joly, quant \u00e0 lui, me donne le tournis.<\/p>\n","protected":false},"excerpt":{"rendered":"<p>Jeanne d&rsquo;Arc, symbole ultranationaliste. Troisi\u00e8me acte du vaudeville d&rsquo;Eva Joly.<\/p>\n","protected":false},"author":10,"featured_media":0,"comment_status":"open","ping_status":"closed","sticky":false,"template":"","format":"standard","meta":{"footnotes":""},"categories":[5],"tags":[54,397,395,393],"class_list":{"0":"post-2353","1":"post","2":"type-post","3":"status-publish","4":"format-standard","6":"category-sulfate","7":"tag-eva-joly","8":"tag-germanophobie","9":"tag-gutenberg","10":"tag-jeanne-darc"},"_links":{"self":[{"href":"https:\/\/blog.causeur.fr\/antidote\/wp-json\/wp\/v2\/posts\/2353","targetHints":{"allow":["GET"]}}],"collection":[{"href":"https:\/\/blog.causeur.fr\/antidote\/wp-json\/wp\/v2\/posts"}],"about":[{"href":"https:\/\/blog.causeur.fr\/antidote\/wp-json\/wp\/v2\/types\/post"}],"author":[{"embeddable":true,"href":"https:\/\/blog.causeur.fr\/antidote\/wp-json\/wp\/v2\/users\/10"}],"replies":[{"embeddable":true,"href":"https:\/\/blog.causeur.fr\/antidote\/wp-json\/wp\/v2\/comments?post=2353"}],"version-history":[{"count":0,"href":"https:\/\/blog.causeur.fr\/antidote\/wp-json\/wp\/v2\/posts\/2353\/revisions"}],"wp:attachment":[{"href":"https:\/\/blog.causeur.fr\/antidote\/wp-json\/wp\/v2\/media?parent=2353"}],"wp:term":[{"taxonomy":"category","embeddable":true,"href":"https:\/\/blog.causeur.fr\/antidote\/wp-json\/wp\/v2\/categories?post=2353"},{"taxonomy":"post_tag","embeddable":true,"href":"https:\/\/blog.causeur.fr\/antidote\/wp-json\/wp\/v2\/tags?post=2353"}],"curies":[{"name":"wp","href":"https:\/\/api.w.org\/{rel}","templated":true}]}}