{"id":2365,"date":"2012-01-19T11:47:06","date_gmt":"2012-01-19T10:47:06","guid":{"rendered":"http:\/\/blog.causeur.fr\/antidote\/?p=2365"},"modified":"2021-04-26T16:10:55","modified_gmt":"2021-04-26T14:10:55","slug":"la-premiere-erreur-de-melenchon","status":"publish","type":"post","link":"https:\/\/blog.causeur.fr\/antidote\/la-premiere-erreur-de-melenchon-2365","title":{"rendered":"La premi\u00e8re erreur de M\u00e9lenchon ?"},"content":{"rendered":"<p>De l&rsquo;avis g\u00e9n\u00e9ral, Jean-Luc M\u00e9lenchon r\u00e9ussissait un tr\u00e8s bon d\u00e9but de campagne pr\u00e9sidentielle. Alors qu&rsquo;il se pr\u00e9sente pour la premi\u00e8re fois \u00e0 cette \u00e9lection si personnalis\u00e9e, il avait jusque l\u00e0 r\u00e9ussi un sans-faute, couronn\u00e9 par une prestation de belle facture jeudi dernier dans \u00ab\u00a0Des paroles et des actes\u00a0\u00bb sur France 2. Il avait en outre r\u00e9uni six mille personnes \u00e0 Nantes lors d&rsquo;une r\u00e9union publique. 6000 \u00e0 Nantes, c&rsquo;est fort !<\/p>\n<p>Le candidat du Front de Gauche sait qu&rsquo;il est encore loin derri\u00e8re Marine Le Pen dans les intentions de vote des ouvriers et des employ\u00e9s. Il sait aussi qu&rsquo;une partie d&rsquo;entre eux h\u00e9sitent entre elle et lui. Et, afin de les convaincre, il a d\u00e9cid\u00e9 de passer la surmultipli\u00e9e en attaquant, encore une fois[1. Il y a quelques mois, il l&rsquo;avait qualifi\u00e9e de \u00ab\u00a0fasciste\u00a0\u00bb. Marine Le Pen a d\u00e9pos\u00e9 plainte pour injure publique.], la candidate du Front National, la taxant de \u00ab\u00a0semi-d\u00e9mente\u00a0\u00bb.<\/p>\n<p>Si Jean -Luc M\u00e9lenchon veut mon avis[1. Dont il se contrefout certainement mais je le donne quand m\u00eame.], il s&rsquo;agit d&rsquo;une erreur politique majeure. Je m&rsquo;explique.<\/p>\n<p>La politique vue comme la bataille pour des parts de march\u00e9, ce n&rsquo;est pas ma <em>cup of tea<\/em>, ni celle du candidat du Front de gauche mais convenons que cela y ressemble de plus en plus. Dans une \u00e9lection aussi personnalis\u00e9e, alors que l&rsquo;\u00e9lectorat est \u00e0 peu pr\u00e8s aussi volatile qu&rsquo;une client\u00e8le, on peut exceptionnellement s&rsquo;autoriser \u00e0 quelques comparaisons de type commercial.<\/p>\n<p>Nous avons l\u00e0 une frange de l&rsquo;opinion-client\u00e8le qui h\u00e9site entre deux candidats, un peu comme s&rsquo;ils h\u00e9sitaient entre une Renault et une Peugeot. Si vous travaillez pour Peugeot et que vous savez que le prospect qui est en face de vous h\u00e9site entre les deux marques, quelle doit-\u00eatre votre attitude ? Pensez-vous qu&rsquo;il soit intelligent d&rsquo;annoncer tout de go que \u00ab\u00a0Renault c&rsquo;est de la merde\u00a0\u00bb(ou de la semi-merde, en l&rsquo;occurrence) ? De toute \u00e9vidence, le client prendra en partie pour lui l&rsquo;insulte, consid\u00e9rant que le vendeur ne le trouve pas tr\u00e8s malin d&rsquo;h\u00e9siter entre son produit g\u00e9nial et l&rsquo;excr\u00e9ment en question. Dire \u00e0 un \u00e9lecteur h\u00e9sitant entre M\u00e9lenchon et Le Pen, que le vote pour l&rsquo;un d&rsquo;entre eux rel\u00e8ve \u00e0 moiti\u00e9 de l&rsquo;asile, c&rsquo;est le prendre pour un imb\u00e9cile. Et les clients comme les \u00e9lecteurs n&rsquo;aiment pas cela. Comme il m&rsquo;arrive parfois de le dire : \u00ab\u00a0je sais que je suis con, mais je n&rsquo;aime pas qu&rsquo;on me le dise.\u00a0\u00bb<\/p>\n<p>Marine Le Pen l&rsquo;a d&rsquo;ailleurs bien compris. Lorsqu&rsquo;elle critique M\u00e9lenchon, elle ne l&rsquo;insulte pas[2. Sauf \u00e0 consid\u00e9rer que \u00ab\u00a0Yvette Horner de la politique constitue une injure\u00a0\u00bb]. L&rsquo;argumentaire vis-\u00e0 vis de son concurrent est le suivant : \u00ab\u00a0Il est sur la bonne voie, mais il ne va pas jusqu&rsquo;au bout de sa logique\u00a0\u00bb. Ce qui, traduit en langage pour notre vendeur de Peugeot, revient \u00e0 dire :\u00a0\u00bb Je comprends que vous soyez tent\u00e9 par le v\u00e9hicule de la concurrence, mais regardez celui que je vous propose, il a une meilleure tenue de route, roule plus vite. Asseyez vous. Prenez le volant. Vous \u00eates bien install\u00e9, n&rsquo;est-ce pas ?\u00a0\u00bb Elle a d&rsquo;ailleurs r\u00e9agi tr\u00e8s finement \u00e0 la saillie de son concurrent en \u00e9voquant \u00ab\u00a0cet homme charmant, affable et presque petit gar\u00e7on\u00a0\u00bb lorsqu&rsquo;il converse avec elle hors-cam\u00e9ra.<\/p>\n<p>Jean-Luc M\u00e9lenchon a donc effectu\u00e9 sa premi\u00e8re erreur de campagne, si l&rsquo;on consid\u00e8re que ce sont les ouvriers et les employ\u00e9s qui \u00e9taient vis\u00e9s. Mais il est possible qu&rsquo;il fasse un autre calcul. Pense t-il en secret que ceux-l\u00e0 sont d\u00e9j\u00e0 perdus ? En frappant \u00e0 bras raccourcis sur la candidate du FN, \u00a0ne dispute t-il pas plut\u00f4t \u00a0\u00e0 Fran\u00e7ois Hollande une partie de l&rsquo;\u00e9lectorat d\u00e9sormais traditionnel du Parti Socialiste (fonctionnaires, professions intellectuelles&#8230;), souvent tr\u00e8s sensible au combat contre l&rsquo;extr\u00eame-droite ? C&rsquo;est une option qu&rsquo;il ne faut pas \u00e9carter. Mais en faisant une croix terranovesque sur les ouvriers et les employ\u00e9s, il n&rsquo;aurait pas fait l\u00e0 une erreur de campagne, mais une vraie faute politique.<\/p>\n<p>&nbsp;<\/p>\n","protected":false},"excerpt":{"rendered":"<p>Classes populaires : MLP 1 JLM 0<\/p>\n","protected":false},"author":10,"featured_media":0,"comment_status":"open","ping_status":"closed","sticky":false,"template":"","format":"standard","meta":{"footnotes":""},"categories":[5],"tags":[419,198,13,417],"class_list":{"0":"post-2365","1":"post","2":"type-post","3":"status-publish","4":"format-standard","6":"category-sulfate","7":"tag-employes","8":"tag-jean-luc-melenchon","9":"tag-marine-le-pen","10":"tag-ouvriers"},"_links":{"self":[{"href":"https:\/\/blog.causeur.fr\/antidote\/wp-json\/wp\/v2\/posts\/2365","targetHints":{"allow":["GET"]}}],"collection":[{"href":"https:\/\/blog.causeur.fr\/antidote\/wp-json\/wp\/v2\/posts"}],"about":[{"href":"https:\/\/blog.causeur.fr\/antidote\/wp-json\/wp\/v2\/types\/post"}],"author":[{"embeddable":true,"href":"https:\/\/blog.causeur.fr\/antidote\/wp-json\/wp\/v2\/users\/10"}],"replies":[{"embeddable":true,"href":"https:\/\/blog.causeur.fr\/antidote\/wp-json\/wp\/v2\/comments?post=2365"}],"version-history":[{"count":0,"href":"https:\/\/blog.causeur.fr\/antidote\/wp-json\/wp\/v2\/posts\/2365\/revisions"}],"wp:attachment":[{"href":"https:\/\/blog.causeur.fr\/antidote\/wp-json\/wp\/v2\/media?parent=2365"}],"wp:term":[{"taxonomy":"category","embeddable":true,"href":"https:\/\/blog.causeur.fr\/antidote\/wp-json\/wp\/v2\/categories?post=2365"},{"taxonomy":"post_tag","embeddable":true,"href":"https:\/\/blog.causeur.fr\/antidote\/wp-json\/wp\/v2\/tags?post=2365"}],"curies":[{"name":"wp","href":"https:\/\/api.w.org\/{rel}","templated":true}]}}