{"id":2371,"date":"2012-01-26T09:29:30","date_gmt":"2012-01-26T08:29:30","guid":{"rendered":"http:\/\/blog.causeur.fr\/antidote\/?p=2371"},"modified":"2021-04-26T16:10:54","modified_gmt":"2021-04-26T14:10:54","slug":"affaire-du-pieton-lachons-les-basques-de-morano","status":"publish","type":"post","link":"https:\/\/blog.causeur.fr\/antidote\/affaire-du-pieton-lachons-les-basques-de-morano-2371","title":{"rendered":"Affaire du pi\u00e9ton : l\u00e2chons les basques de Morano !"},"content":{"rendered":"<p>Lorsque quelqu&rsquo;un est la cible \u00e0 la fois de St\u00e9phane Guillon et de Chantal Perrichon, l&rsquo;int\u00e9griste pr\u00e9sidente de la ligue contre la violence routi\u00e8re, il devient urgent de le d\u00e9fendre. C&rsquo;est pourquoi, une fois n&rsquo;est pas coutume, je vais prendre la d\u00e9fense de Nadine Morano.<\/p>\n<p>Alors qu&rsquo;elle \u00e9tait le centre d&rsquo;un cort\u00e8ge officiel, l&rsquo;un des motards de ce dernier a percut\u00e9 un pi\u00e9ton, lequel vient de sortir de l&rsquo;h\u00f4pital avec un arr\u00eat de travail de trois mois. \u00a0Voil\u00e0 donc la ministre au centre, cette fois-ci, d&rsquo;une pol\u00e9mique. Et notre Guillon de la moquer sur twitter, alors qu&rsquo;elle n&rsquo;y est absolument pour rien, puisqu&rsquo;elle consultait un dossier, bien tranquillement \u00e0 l&rsquo;arri\u00e8re de son v\u00e9hicule, en train de rejoindre un avion \u00e0 Villacoublay, lequel devait la transporter \u00e0 Sarrebourg aupr\u00e8s du Premier Ministre[1. Et non dans sa ville de Toul, comme il avait \u00e9t\u00e9 d&rsquo;abord annonc\u00e9, certainement pour lui nuire.]. Et Madame Perrichon, la dame qui veut mettre des mouchards sur toutes nos autos, de fustiger l&rsquo;existence m\u00eame de cort\u00e8ges officiels pour les ministres. C&rsquo;est bien connu, un ministre est plus utile dans un embouteillage qu&rsquo;au boulot.<\/p>\n<p>Or, lorsqu&rsquo;on lit le <a href=\"http:\/\/www.leparisien.fr\/faits-divers\/renverse-par-l-escorte-de-morano-alexis-temoigne-26-01-2012-1830421.php\" target=\"_blank\" rel=\"noopener\">t\u00e9moignage<\/a> du jeune pi\u00e9ton, ce dernier n&rsquo;en veut absolument \u00e0 personne, ni au motard, ni \u00e9videmment \u00e0 la ministre. Il n&rsquo;a visiblement pas regard\u00e9, il n&rsquo;a pas entendu les sir\u00e8nes puisque il avait mis ses \u00e9couteurs. Il a \u00e9t\u00e9 touch\u00e9 par le comportement de Nadine Morano qui s&rsquo;est pr\u00e9occup\u00e9e de son cas et qui a eu des gestes aux antipodes de son image m\u00e9diatique[1. Image dont elle est co-responsable avec les m\u00e9dias, dois-je pr\u00e9ciser.]. Et il ne lui en veut pas du tout. Bref, c&rsquo;est un type bien, qui se sent lui-m\u00eame responsable de ce qui lui arrive, et ne c\u00e9dera donc \u00e0 aucune \u00ab\u00a0envie de p\u00e9nal\u00a0\u00bb, \u00e0 contre-courant des moeurs de notre \u00e9poque.<\/p>\n<p>C&rsquo;est pourquoi ce jeune homme nous donne une le\u00e7on de vie. Il en donne une \u00e0 Guillon, \u00e0 Perrichon, aux soci\u00e9t\u00e9s d&rsquo;assurances, tous ceux qui profitent de cette judiciarisation folle et ceux qui n&rsquo;ont pour obsession que de faire payer l&rsquo;autre. Mais il en donne une aussi \u00e0 Nadine Morano, qui pourra m\u00e9diter sur cette attitude, elle qui a le papier bleu plut\u00f4t facile, aussi bien avec les journalistes que les citoyens <em>lambda<\/em>.<\/p>\n","protected":false},"excerpt":{"rendered":"<p>Contre <em>\u00ab\u00a0l&rsquo;envie de p\u00e9nal\u00a0\u00bb<\/em><\/p>\n","protected":false},"author":10,"featured_media":0,"comment_status":"open","ping_status":"closed","sticky":false,"template":"","format":"standard","meta":{"footnotes":""},"categories":[4],"tags":[423,421,231,371,383],"class_list":{"0":"post-2371","1":"post","2":"type-post","3":"status-publish","4":"format-standard","6":"category-oxygene","7":"tag-chantal-perrichon","8":"tag-envie-de-penal","9":"tag-nadine-morano","10":"tag-philippe-muray","11":"tag-stephane-guillon"},"_links":{"self":[{"href":"https:\/\/blog.causeur.fr\/antidote\/wp-json\/wp\/v2\/posts\/2371","targetHints":{"allow":["GET"]}}],"collection":[{"href":"https:\/\/blog.causeur.fr\/antidote\/wp-json\/wp\/v2\/posts"}],"about":[{"href":"https:\/\/blog.causeur.fr\/antidote\/wp-json\/wp\/v2\/types\/post"}],"author":[{"embeddable":true,"href":"https:\/\/blog.causeur.fr\/antidote\/wp-json\/wp\/v2\/users\/10"}],"replies":[{"embeddable":true,"href":"https:\/\/blog.causeur.fr\/antidote\/wp-json\/wp\/v2\/comments?post=2371"}],"version-history":[{"count":0,"href":"https:\/\/blog.causeur.fr\/antidote\/wp-json\/wp\/v2\/posts\/2371\/revisions"}],"wp:attachment":[{"href":"https:\/\/blog.causeur.fr\/antidote\/wp-json\/wp\/v2\/media?parent=2371"}],"wp:term":[{"taxonomy":"category","embeddable":true,"href":"https:\/\/blog.causeur.fr\/antidote\/wp-json\/wp\/v2\/categories?post=2371"},{"taxonomy":"post_tag","embeddable":true,"href":"https:\/\/blog.causeur.fr\/antidote\/wp-json\/wp\/v2\/tags?post=2371"}],"curies":[{"name":"wp","href":"https:\/\/api.w.org\/{rel}","templated":true}]}}