{"id":2379,"date":"2012-02-02T12:31:18","date_gmt":"2012-02-02T11:31:18","guid":{"rendered":"http:\/\/blog.causeur.fr\/antidote\/?p=2379"},"modified":"2021-04-26T16:10:54","modified_gmt":"2021-04-26T14:10:54","slug":"censure-preventive-pour-les-infideles","status":"publish","type":"post","link":"https:\/\/blog.causeur.fr\/antidote\/censure-preventive-pour-les-infideles-2379","title":{"rendered":"Censure pr\u00e9ventive pour <em>Les infid\u00e8les<\/em>"},"content":{"rendered":"<p>Le Parisien nous apprend aujourd&rsquo;hui que l&rsquo;Autorit\u00e9 de r\u00e9gulation professionnelle de la publicit\u00e9 (ARPP), organisme charg\u00e9 de contr\u00f4ler les messages publicitaires[1. Vous savez, ce sont les gens qui ont longtemps h\u00e9sit\u00e9 avant de pr\u00e9coniser qu&rsquo;on ne retire finalement pas sa pipe \u00e0 Jacques Tati.], vient de conseiller \u00e0 titre pr\u00e9ventif \u00e0 la soci\u00e9t\u00e9 JC Decaux de retirer de ses panneaux les affiches du film <em>Les infid\u00e8les<\/em>, qui sort sur nos \u00e9crans le 23 f\u00e9vrier prochain.<\/p>\n<p>L&rsquo;une des <a href=\"http:\/\/www.google.fr\/search?safe=vss&amp;q=les%20infid%C3%A8les%20affiche&amp;um=1&amp;ie=UTF-8&amp;hl=fr&amp;tbm=isch&amp;source=og&amp;sa=N&amp;tab=wi&amp;ei=snUqT7vQDZDbsgbf44T3DA&amp;biw=1024&amp;bih=631&amp;sei=tXUqT7baJ5Hu8QPSweDoDg\" target=\"_blank\" rel=\"noopener\">affiches<\/a> en question repr\u00e9sente l&rsquo;acteur Gilles Lellouche debout et en communication t\u00e9l\u00e9phonique avec son \u00e9pouse l\u00e9gitime, la t\u00eate d&rsquo;une autre femme au niveau de son entrejambe et dont on pourrait \u00e9ventuellement penser qu&rsquo;elle lui prodigue ce qu&rsquo;on appelle parfois une g\u00e2terie, accompagn\u00e9e de la l\u00e9gende :<em>\u00ab \u00c7a va couper, je rentre dans un tunnel. \u00bb<\/em> Une autre affiche repr\u00e9sente le d\u00e9sormais c\u00e9l\u00e8bre Jean Dujardin et des jambes (en l&rsquo;air) f\u00e9minines.<\/p>\n<p><em>\u00ab\u00a0Notre jury de d\u00e9ontologie ne s\u2019est pas encore r\u00e9uni car les plaintes viennent d\u2019arriver,<\/em> pr\u00e9cise St\u00e9phane Martin, le directeur g\u00e9n\u00e9ral de l\u2019ARPP. <em>Pour l\u2019affichage ext\u00e9rieur, il n\u2019existe pas de contr\u00f4le pr\u00e9alable. Mais nous estimons d\u00e9j\u00e0 que cette campagne est contraire aux r\u00e8gles sur l\u2019image de la personne humaine, bien qu\u2019elle se rapporte au sujet du film, qui est une com\u00e9die sur l\u2019adult\u00e8re.\u00a0\u00bb<\/em><\/p>\n<p>Il est sympathique notre repr\u00e9sentant de l&rsquo;ARPP. Et il est surtout s\u00fbr de lui. Il conna\u00eet d\u00e9j\u00e0 le r\u00e9sultat du jury de d\u00e9ontologie avant m\u00eame que ce dernier ne se r\u00e9unisse. Entendons nous bien. On a tout \u00e0 fait le droit de trouver ces affiches vulgaires. Quant \u00e0 les trouver contraires aux r\u00e8gles sur l&rsquo;image de la personne humaine, faudrait quand m\u00eame pas pousser M\u00e9m\u00e9e dans les orties. Parce que lorsque je me balade en ville et que je vois, devant chez mon marchand de journaux, la promotion de revues avec force femmes en cuir et avec regard insistant, je trouve les affiches des <em>infid\u00e8les<\/em> plut\u00f4t gentillettes. On me dira que la promo du cin\u00e9 est soumise \u00e0 autorisation et pas la pub sur la presse. C&rsquo;est sans doute vrai mais il faudra alors m&rsquo;expliquer pourquoi.<\/p>\n<p>Il para\u00eetrait que ces affiches seraient jug\u00e9es sexistes et misogynes, qu&rsquo;elles donneraient une image d\u00e9grad\u00e9e de la femme. Pardonnez-moi mais cela d\u00e9pend de quel c\u00f4t\u00e9 on se place, si j&rsquo;ose \u00e9crire. Parce que l&rsquo;infid\u00e8le en question, menteur, tra\u00eetre \u00e0 son couple et sa famille, ainsi repr\u00e9sent\u00e9, c&rsquo;est bien l&rsquo;homme et pas la femme. Et il se trouve qu&rsquo;il existe aussi des femmes infid\u00e8les[2. En g\u00e9n\u00e9ral, lorsqu&rsquo;un homme trompe sa femme, c&rsquo;est avec une autre femme, laquelle n&rsquo;est pas forc\u00e9ment c\u00e9libataire&#8230;]. Donc, on peut consid\u00e9rer que l&rsquo;affiche donne une image d\u00e9gradante de la gent masculine, honteusement stigmatis\u00e9e.<\/p>\n<p>Toujours est-il que la Cause des femmes -enfin surtout celles qui sont ici choqu\u00e9es- semble bien d\u00e9fendue par l&rsquo;ARPP, laquelle a d\u00e9cid\u00e9ment des probl\u00e8mes avec le concept de pipe, puisqu&rsquo;elle vient officiellement de pr\u00e9coniser la censure pr\u00e9ventive, comme d&rsquo;autres avaient nagu\u00e8re d\u00e9fendu le principe d&rsquo;action militaire pr\u00e9ventive.<\/p>\n","protected":false},"excerpt":{"rendered":"<p>L&rsquo;ARPP s&rsquo;est une nouvelle fois pench\u00e9e sur un probl\u00e8me de pipe<\/p>\n","protected":false},"author":10,"featured_media":0,"comment_status":"open","ping_status":"closed","sticky":false,"template":"","format":"standard","meta":{"footnotes":""},"categories":[5],"tags":[435,437,439,441],"class_list":{"0":"post-2379","1":"post","2":"type-post","3":"status-publish","4":"format-standard","6":"category-sulfate","7":"tag-arpp","8":"tag-gilles-lellouche","9":"tag-jean-dujardin","10":"tag-les-infideles"},"_links":{"self":[{"href":"https:\/\/blog.causeur.fr\/antidote\/wp-json\/wp\/v2\/posts\/2379","targetHints":{"allow":["GET"]}}],"collection":[{"href":"https:\/\/blog.causeur.fr\/antidote\/wp-json\/wp\/v2\/posts"}],"about":[{"href":"https:\/\/blog.causeur.fr\/antidote\/wp-json\/wp\/v2\/types\/post"}],"author":[{"embeddable":true,"href":"https:\/\/blog.causeur.fr\/antidote\/wp-json\/wp\/v2\/users\/10"}],"replies":[{"embeddable":true,"href":"https:\/\/blog.causeur.fr\/antidote\/wp-json\/wp\/v2\/comments?post=2379"}],"version-history":[{"count":0,"href":"https:\/\/blog.causeur.fr\/antidote\/wp-json\/wp\/v2\/posts\/2379\/revisions"}],"wp:attachment":[{"href":"https:\/\/blog.causeur.fr\/antidote\/wp-json\/wp\/v2\/media?parent=2379"}],"wp:term":[{"taxonomy":"category","embeddable":true,"href":"https:\/\/blog.causeur.fr\/antidote\/wp-json\/wp\/v2\/categories?post=2379"},{"taxonomy":"post_tag","embeddable":true,"href":"https:\/\/blog.causeur.fr\/antidote\/wp-json\/wp\/v2\/tags?post=2379"}],"curies":[{"name":"wp","href":"https:\/\/api.w.org\/{rel}","templated":true}]}}