{"id":239,"date":"2009-03-31T08:20:03","date_gmt":"2009-03-31T07:20:03","guid":{"rendered":"http:\/\/carnet.causeur.fr\/antidote\/?p=239"},"modified":"2021-04-26T16:12:04","modified_gmt":"2021-04-26T14:12:04","slug":"la-strategie-des-deux-georges","status":"publish","type":"post","link":"https:\/\/blog.causeur.fr\/antidote\/la-strategie-des-deux-georges-239","title":{"rendered":"La strat\u00e9gie des deux George(s)"},"content":{"rendered":"<p>Ces derniers jours, dans tous les m\u00e9dias, il a \u00e9t\u00e9 question de la syntaxe du pr\u00e9sident de la R\u00e9publique. Celui-ci, notamment pr\u00e8s de chez moi dans la bonne ville de Gustave Courbet[1. Ornans, pr\u00e8s de Besan\u00e7on, est une petite bourgade magnifique o\u00f9 naquit le peintre de <em>L&rsquo;origine du Monde<\/em>. Je conseille \u00e0 tous les lecteurs de venir la visiter lors de leur prochain passage en Franche-Comt\u00e9. Il y a aussi une petite usine Alstom, o\u00f9 le pr\u00e9sident de la R\u00e9publique s&rsquo;est exprim\u00e9.], maltraite la langue fran\u00e7aise de plus en plus fr\u00e9quemment notamment lorsqu&rsquo;il est d\u00e9pourvu d&rsquo;un discours \u00e9crit \u00e0 l&rsquo;avance.<\/p>\n<p>Le pr\u00e9sident de la R\u00e9publique calcule sa communication au rasoir depuis son entr\u00e9e en politique. Il est connu pour ne rien laisser au hasard dans ses prises de parole. On ne peut donc pas s\u00e9rieusement imaginer que cette tendance soit le fruit d&rsquo;une n\u00e9gligence. Certes, il n&rsquo;est pas un amoureux de la langue fran\u00e7aise. La langue, pour lui, c&rsquo;est juste de la com&rsquo;. Il ne passe pas non plus pour un lettr\u00e9, au point m\u00eame qu&rsquo;apr\u00e8s la triste affaire de <em>La Princesse de Cl\u00e8ves<\/em> Mme Bruni-Sarkozy se r\u00e9pand en indiscr\u00e9tions dans la presse sur les lectures qu&rsquo;elle met entre les mains de son mari. Mais il avait tout de m\u00eame ressenti le besoin pour sa campagne pr\u00e9sidentielle d&rsquo;appeler Henri Guaino, connu pour avoir d\u00e9j\u00e0 \u00e9crit pour S\u00e9guin dans un style intransigeant sur la qualit\u00e9 de la langue. M\u00eame si on le dit \u00ab\u00a0au bout du rouleau\u00a0\u00bb, il est absolument impossible que ce choix de langage dans ses discours et improvisations publics ne soit pas le fruit d&rsquo;une r\u00e9flexion d\u00e9lib\u00e9r\u00e9e.<\/p>\n<p>Le choix d&rsquo;utiliser un langage familier alliant extr\u00eame pauvret\u00e9 du vocabulaire et syntaxe plus qu&rsquo;approximative[2. Avec l&rsquo;abandon, notamment, de toutes les n\u00e9gations.], ne peut se concevoir que dans l&rsquo;objectif de \u00ab\u00a0faire peuple\u00a0\u00bb. Le pr\u00e9sident de la R\u00e9publique souhaite renouer avec la partie populaire de l&rsquo;\u00e9lectorat qui lui avait permis d&rsquo;atteindre les 30 % en 2007, performance qu&rsquo;aucun candidat de droite n&rsquo;avait r\u00e9alis\u00e9 depuis plus de trente ans lors d&rsquo;un premier tour d&rsquo;une \u00e9lection pr\u00e9sidentielle. Les sondeurs lui ayant indiqu\u00e9 que cet \u00e9lectorat populaire l&rsquo;abandonnait, il a donc d\u00e9cid\u00e9 de passer \u00e0 l&rsquo;action et \u00e0 entreprendre une op\u00e9ration de s\u00e9duction en direction de ces classes de la population, premi\u00e8res victimes de la crise. Cette s\u00e9duction se manifeste par le retour du th\u00e8me de l&rsquo;ins\u00e9curit\u00e9 publique[3. Statistiques qui ne plaident pas en sa faveur puisque la violence ne fl\u00e9chit pas, au contraire.] et notamment par la proposition de l\u00e9gislations sur les bandes organis\u00e9es. Mais cette s\u00e9duction semble aussi passer par ce qu&rsquo;il pense \u00eatre une proximit\u00e9 de langage. C&rsquo;est l\u00e0 qu&rsquo;il faut examiner les pr\u00e9c\u00e9dents et en arriver aux fameux deux George(s), Marchais et Bush Junior.<\/p>\n<p>Le premier op\u00e9rait en France. Secr\u00e9taire g\u00e9n\u00e9ral du PCF de 1972 \u00e0 1994, il \u00e9tait connu pour employer un langage tr\u00e8s familier et d&rsquo;une redoutable efficacit\u00e9 face aux journalistes ou \u00e0 ses contradicteurs politiques. Le second, aux Etats-Unis, fut r\u00e9\u00e9lu triomphalement en 2004 gr\u00e2ce \u00e0 l&rsquo;Am\u00e9rique profonde. C&rsquo;est bien \u00e9videmment \u00e0 tort qu&rsquo;on les a pris pour des personnages incultes (pour Marchais et Bush) ou ben\u00eat (pour Bush). George Walker Bush est dipl\u00f4m\u00e9 de Yale. Quand bien m\u00eame aurait-il \u00e9t\u00e9 pistonn\u00e9, il faut n\u00e9anmoins suivre les cours de cette universit\u00e9, parmi les r\u00e9put\u00e9es au monde. Quant \u00e0 Georges Marchais, il suivit les cours de la fameuse Ecole des Cadres de Moscou. L\u00e0 encore, ce n&rsquo;est pas donn\u00e9 \u00e0 tout le monde. En fait, les deux hommes ont choisi, l&rsquo;Am\u00e9ricain avec ses conseillers et le Fran\u00e7ais \u00e0 l&rsquo;Ecole des cadres du Parti, une strat\u00e9gie de proximit\u00e9 avec une partie de la population, populaire et souvent peu dipl\u00f4m\u00e9e. Le PCF de Marchais demeura longtemps le premier parti ouvrier de France, m\u00eame si la chute de l&rsquo;Union sovi\u00e9tique et l&rsquo;\u00e9mergence du Front national pr\u00e9cipit\u00e8rent son d\u00e9clin \u00e0 la fin de son magist\u00e8re place du Colonel-Fabien. La strat\u00e9gie de Dobeliou fut gagnante dans la mesure o\u00f9 John Kerry repr\u00e9sentait presque de mani\u00e8re caricaturale l&rsquo;Am\u00e9rique c\u00f4ti\u00e8re et urbaine.<\/p>\n<p>Cette strat\u00e9gie, donc, pourrait s&rsquo;av\u00e9rer payante pour Nicolas Sarkozy ? Je ne le pense pas. D&rsquo;abord parce que l&rsquo;exemple am\u00e9ricain ne se transpose pas si facilement en France. Les classes populaires fran\u00e7aises ne d\u00e9daignent pas, loin s&rsquo;en faut, qu&rsquo;une personnalit\u00e9 politique s&rsquo;exprime dans une langue ch\u00e2ti\u00e9e. Sinon, Jean-Marie Le Pen, qui n&rsquo;est jamais pris en d\u00e9faut sur sa syntaxe et qui emploie un vocabulaire parmi les plus riches du personnel politique fran\u00e7ais, n&rsquo;aurait pas fait du FN le premier parti ouvrier de France, et cela pendant des ann\u00e9es. Et c&rsquo;est, pr\u00e9cis\u00e9ment, une grosse partie de cet \u00e9lectorat-l\u00e0 que Nicolas Sarkozy a r\u00e9ussi \u00e0 ramener \u00e0 lui&#8230; en lisant des discours bien \u00e9crits. En face, S\u00e9gol\u00e8ne Royal tentait justement la proximit\u00e9 avec sa d\u00e9mocratie participative et un lexique volontairement pauvre, que les Guignols de l&rsquo;Info parodi\u00e8rent de mani\u00e8re \u00e9clatante dans un sketch hilarant o\u00f9 on la voyait parler aux \u00e9lecteurs comme \u00e0 des enfants : \u00ab\u00a0Les Fran\u00e7ais, il faut leur parler simplement.\u00a0\u00bb On note aussi que le candidat qui aurait pu s&rsquo;av\u00e9rer \u00eatre le \u00ab\u00a0Kerry fran\u00e7ais\u00a0\u00bb, Bertrand Delano\u00eb, semble aujourd&rsquo;hui hors-course.<\/p>\n<p>D&rsquo;autre part, l&rsquo;exemple de l&rsquo;autre Georges qui va dans les usines, parle comme les ouvriers et reste un bretteur hors-pair en toutes circonstances se heurte \u00e0 deux \u00e9cueils. D&rsquo;abord, Georges Marchais \u00e9tait effectivement issu du monde ouvrier, alors que Nicolas Sarkozy a pass\u00e9 son enfance \u00e0 Neuilly dans un milieu favoris\u00e9. Face \u00e0 un Georges Marchais[4. On peut aussi citer Bernard Tapie dans ce style gouailleur et issu des classes populaires.] qui leur parlait ainsi, les classes populaires, m\u00eame lorsqu&rsquo;elles l&rsquo;abandonn\u00e8rent pour le PS de Mitterrand ou le FN de Le Pen, entendaient quelqu&rsquo;un qui leur parlait d&rsquo;\u00e9gal \u00e0 \u00e9gal. Face \u00e0 Nicolas Sarkozy, cette mani\u00e8re de s&rsquo;adresser \u00e0 eux peut davantage \u00eatre ressenti comme du m\u00e9pris : \u00ab\u00a0Toi y en a \u00eatre ouvrier, moi te parler simplement.\u00a0\u00bb Ensuite, comme pour Georges Marchais, le contexte de la crise d&rsquo;un syst\u00e8me (communiste pour l&rsquo;un, capitaliste pour l&rsquo;autre) ne plaide pas en faveur du renouvellement de l&rsquo;exp\u00e9rience.<\/p>\n<p>La strat\u00e9gie des deux George(s) semble donc inop\u00e9rante pour Nicolas Sarkozy. D&rsquo;autant qu&rsquo;elle n&rsquo;est gu\u00e8re coh\u00e9rente avec sa politique. Si le th\u00e8me de l&rsquo;ins\u00e9curit\u00e9 le rapproche des classes populaires, il s&rsquo;en \u00e9loigne sur les choix soci\u00e9taux[5. Morano, gouailleuse \u00e0 l&rsquo;image du pr\u00e9sident, m\u00e8ne une politique familiale qui pla\u00eet aux bobos urbains.]. Et ses choix en mati\u00e8re \u00e9conomique et sociale, qui ne remettent pas en cause la jungle libre-\u00e9changiste, au m\u00e9pris de sa campagne \u00e9lectorale qui fustigeait les d\u00e9localisations et l&rsquo;euro cher, ont consomm\u00e9 un divorce avec les ouvriers. Ce n&rsquo;est pas en singeant &#8211; mal &#8211; le \u00ab\u00a0populo\u00a0\u00bb que Nicolas Sarkozy pourra effacer cette cruelle r\u00e9alit\u00e9.<\/p>\n","protected":false},"excerpt":{"rendered":"<p>Langage pr\u00e9sidentiel et communication politique<\/p>\n","protected":false},"author":10,"featured_media":0,"comment_status":"open","ping_status":"closed","sticky":false,"template":"","format":"standard","meta":{"footnotes":""},"categories":[4],"tags":[],"class_list":{"0":"post-239","1":"post","2":"type-post","3":"status-publish","4":"format-standard","6":"category-oxygene"},"_links":{"self":[{"href":"https:\/\/blog.causeur.fr\/antidote\/wp-json\/wp\/v2\/posts\/239","targetHints":{"allow":["GET"]}}],"collection":[{"href":"https:\/\/blog.causeur.fr\/antidote\/wp-json\/wp\/v2\/posts"}],"about":[{"href":"https:\/\/blog.causeur.fr\/antidote\/wp-json\/wp\/v2\/types\/post"}],"author":[{"embeddable":true,"href":"https:\/\/blog.causeur.fr\/antidote\/wp-json\/wp\/v2\/users\/10"}],"replies":[{"embeddable":true,"href":"https:\/\/blog.causeur.fr\/antidote\/wp-json\/wp\/v2\/comments?post=239"}],"version-history":[{"count":0,"href":"https:\/\/blog.causeur.fr\/antidote\/wp-json\/wp\/v2\/posts\/239\/revisions"}],"wp:attachment":[{"href":"https:\/\/blog.causeur.fr\/antidote\/wp-json\/wp\/v2\/media?parent=239"}],"wp:term":[{"taxonomy":"category","embeddable":true,"href":"https:\/\/blog.causeur.fr\/antidote\/wp-json\/wp\/v2\/categories?post=239"},{"taxonomy":"post_tag","embeddable":true,"href":"https:\/\/blog.causeur.fr\/antidote\/wp-json\/wp\/v2\/tags?post=239"}],"curies":[{"name":"wp","href":"https:\/\/api.w.org\/{rel}","templated":true}]}}