{"id":2405,"date":"2012-02-28T21:44:51","date_gmt":"2012-02-28T20:44:51","guid":{"rendered":"http:\/\/blog.causeur.fr\/antidote\/?p=2405"},"modified":"2021-04-26T16:10:54","modified_gmt":"2021-04-26T14:10:54","slug":"sarkozy-veut-lancer-un-vaste-programme-de-travaux-publics","status":"publish","type":"post","link":"https:\/\/blog.causeur.fr\/antidote\/sarkozy-veut-lancer-un-vaste-programme-de-travaux-publics-2405","title":{"rendered":"Sarkozy veut lancer un vaste programme de travaux publics !"},"content":{"rendered":"<p>J&rsquo;ai attentivement \u00e9cout\u00e9 le discours prononc\u00e9 par Nicolas Sarkozy \u00e0 Montpellier et consacr\u00e9 \u00e0 l&rsquo;Ecole. Sur l&rsquo;\u00e9ducation en question, pas grand chose \u00e0 signaler \u00e0 part le fait que j&rsquo;ai bien cru qu&rsquo;il allait r\u00e9habiliter Madame de la Fayette mais qu&rsquo;il y avait renonc\u00e9 -la pudeur sans doute. Cette ode \u00e0 la Culture aurait sans doute \u00e9t\u00e9 plus cr\u00e9dible si l&rsquo;orateur n&rsquo;\u00e9tait pas celui qui avait donn\u00e9 les clefs de la r\u00e9forme du lyc\u00e9e \u00e0 Richard Descoings et qu&rsquo;il n&rsquo;avait pas personnellement veill\u00e9 \u00e0 bouter la culture g\u00e9n\u00e9rale hors de la plupart des concours administratifs. De m\u00eame comment le croire lorsqu&rsquo;il s&rsquo;est dit oppos\u00e9 \u00e0 la suppression des notes alors que le <a href=\"http:\/\/blog.causeur.fr\/antidote\/la-suppression-des-notes-a-lecole-bientot-dans-le-programme-de-lump,002173\" target=\"_blank\" rel=\"noopener\">d\u00e9put\u00e9 Grosperrin <\/a>a fait de ce combat l&rsquo;alpha et l&rsquo;om\u00e9ga de son action au secr\u00e9tariat national UMP aux politiques \u00e9ducatives ? Comme d&rsquo;habitude, les discours sont joliment \u00e9crits lorsqu&rsquo;on cause R\u00e9publique, m\u00e9rite, et travail mais l&rsquo;exp\u00e9rience, elle, rend lucide quant aux \u00a0actes sur le terrain.<\/p>\n<p>Mais le candidat-pr\u00e9sident a aussi sa mesure-phare, celle qui doit d\u00e9coiffer. Il s&rsquo;agit de proposer aux professeurs du secondaire d&rsquo;\u00eatre pr\u00e9sent huit heures de plus dans leur \u00e9tablissement afin de pouvoir, notamment, rencontrer davantage les \u00e9l\u00e8ves, leurs parents, en \u00e9change d&rsquo;une augmentation de 25 % de leur traitement. On croit la mesure r\u00e9volutionnaire. Elle est juste une resuc\u00e9e de ce que proposait S\u00e9gol\u00e8ne Royal en 2007, laquelle \u00e9tait d&rsquo;ailleurs plus ambitieuse puisqu&rsquo;elle proposait, sous les lazzis de ses amis socialistes, d&rsquo;obliger les profs \u00e0 \u00eatre pr\u00e9sents 35 heures. Le candidat Sarkozy ne se voile pas la face. Afin que l&rsquo;enseignant puisse faire ce travail, il lui faut un bureau car, pr\u00e9cise t-il, \u00ab\u00a0tout ne peut se faire dans la classe\u00a0\u00bb.<\/p>\n<p>Pr\u00e8s de 400 000 bureaux doivent donc \u00eatre construits dans les coll\u00e8ges et lyc\u00e9es afin de permettre cette r\u00e9forme. Nicolas Sarkozy ne pr\u00e9cise \u00e9videmment pas que ce sera aux d\u00e9partements, en charge de la construction des coll\u00e8ges, et aux r\u00e9gions, en charge de la construction des lyc\u00e9es qui devront proc\u00e9der \u00e0 ces gros chantiers. Un coll\u00e8ge de 500 \u00e9l\u00e8ves par exemple, devra compter une quarantaine de bureaux soit un petit b\u00e2timent suppl\u00e9mentaire avec tout le mobilier et \u00e9quipement informatique qui vont avec, sans compter les futures d\u00e9penses suppl\u00e9mentaires en terme de viabilisation (\u00e9lectricit\u00e9, chauffage) et d&rsquo;entretien (embauche de personnels pour le nettoyage et la maintenance).<\/p>\n<p>C&rsquo;est donc bien un vaste programme keyn\u00e9sien d&rsquo;investissement public par le b\u00e2timent qui a \u00e9t\u00e9 annonc\u00e9 \u00e0 Montpellier. Les collectivit\u00e9s territoriales, qu&rsquo;on jugera sans doute trop d\u00e9pensi\u00e8res dans un prochain discours consacr\u00e9 \u00e0 la r\u00e9forme territoriale ou \u00e0 la dette, en seront les pivots. Personnellement je ne suis pas philosophiquement oppos\u00e9 \u00e0 ce genre de recettes \u00e9conomiques \u00e0 base d&rsquo;investissement public.<\/p>\n<p>Mais vous croyez qu&rsquo;Angela est au courant ?<\/p>\n<p>&nbsp;<\/p>\n<p><strong>Actualisation 29\/02\/2012 16h00<\/strong> : Il semble que Berlin ait appel\u00e9 dans la nuit, affol\u00e9e. Entre deux parties de <a href=\"http:\/\/www.lepoint.fr\/monde\/allemagne-le-ministre-des-finances-surpris-en-flagrant-delit-de-sudoku-29-02-2012-1436370_24.php\" target=\"_blank\" rel=\"noopener\">sudoku<\/a>, Wolfgang Scha\u00fcble, aurait pris connaissance du grand programme rooseveltien de Nicolas Sarkozy et pr\u00e9venu Angela Merkel laquelle, furibarde, n&rsquo;aurait pas \u00e9t\u00e9 tr\u00e8s tendre avec le candidat de l&rsquo;UMP. Du coup, ce matin, la porte-parole de la campagne Nathalie\u00a0Kosciusko-Morizet a profit\u00e9 d&rsquo;un tchat sur le site de campagne pour rectifier le tir :<em>\u00a0\u00bb\u00a0Nicolas Sarkozy propose donc qu&rsquo;on am\u00e9nage des espaces de travail, pas forc\u00e9ment un bureau pour chacun, mais un espace organis\u00e9 (un bureau partag\u00e9 pour quelques enseignants ou un open space avec des box pour pouvoir recevoir). En tous cas un espace mieux organis\u00e9 que les salles des profs actuelles.\u00a0\u00bb <\/em>Voil\u00e0 qui, \u00e0 d\u00e9faut de rassurer Angela Merkel, amusera beaucoup ceux qui connaissent la configuration des nombreux \u00e9tablissements neufs ou restructur\u00e9s depuis vingt-cinq ans par les collectivit\u00e9s locales.<\/p>\n","protected":false},"excerpt":{"rendered":"<p>Quatre-cent-mille bureaux de profs, \u00e7a co\u00fbte \u00e9norm\u00e9ment. <\/p>\n","protected":false},"author":10,"featured_media":0,"comment_status":"open","ping_status":"closed","sticky":false,"template":"","format":"standard","meta":{"footnotes":""},"categories":[4],"tags":[22,455,457,77,453,32,451],"class_list":{"0":"post-2405","1":"post","2":"type-post","3":"status-publish","4":"format-standard","6":"category-oxygene","7":"tag-angela-merkel","8":"tag-bureaux","9":"tag-collectivites-locales","10":"tag-ecole","11":"tag-investissement-public","12":"tag-nicolas-sarkozy","13":"tag-relance"},"_links":{"self":[{"href":"https:\/\/blog.causeur.fr\/antidote\/wp-json\/wp\/v2\/posts\/2405","targetHints":{"allow":["GET"]}}],"collection":[{"href":"https:\/\/blog.causeur.fr\/antidote\/wp-json\/wp\/v2\/posts"}],"about":[{"href":"https:\/\/blog.causeur.fr\/antidote\/wp-json\/wp\/v2\/types\/post"}],"author":[{"embeddable":true,"href":"https:\/\/blog.causeur.fr\/antidote\/wp-json\/wp\/v2\/users\/10"}],"replies":[{"embeddable":true,"href":"https:\/\/blog.causeur.fr\/antidote\/wp-json\/wp\/v2\/comments?post=2405"}],"version-history":[{"count":0,"href":"https:\/\/blog.causeur.fr\/antidote\/wp-json\/wp\/v2\/posts\/2405\/revisions"}],"wp:attachment":[{"href":"https:\/\/blog.causeur.fr\/antidote\/wp-json\/wp\/v2\/media?parent=2405"}],"wp:term":[{"taxonomy":"category","embeddable":true,"href":"https:\/\/blog.causeur.fr\/antidote\/wp-json\/wp\/v2\/categories?post=2405"},{"taxonomy":"post_tag","embeddable":true,"href":"https:\/\/blog.causeur.fr\/antidote\/wp-json\/wp\/v2\/tags?post=2405"}],"curies":[{"name":"wp","href":"https:\/\/api.w.org\/{rel}","templated":true}]}}