{"id":2482,"date":"2012-05-09T08:29:26","date_gmt":"2012-05-09T07:29:26","guid":{"rendered":"http:\/\/blog.causeur.fr\/antidote\/?p=2482"},"modified":"2021-04-26T16:10:43","modified_gmt":"2021-04-26T14:10:43","slug":"jean-francois-cope-dans-le-viseur-de-marine-le-pen","status":"publish","type":"post","link":"https:\/\/blog.causeur.fr\/antidote\/jean-francois-cope-dans-le-viseur-de-marine-le-pen-2482","title":{"rendered":"Jean-Fran\u00e7ois Cop\u00e9 dans le viseur de Marine Le Pen"},"content":{"rendered":"<p>Jean-Fran\u00e7ois Cop\u00e9 a donc accept\u00e9 que la campagne des \u00e9lections l\u00e9gislatives de l\u2019UMP soit men\u00e9e par un comit\u00e9 strat\u00e9gique. A premi\u00e8re vue, on pourrait penser que Fillon, Jupp\u00e9, Raffarin et son ennemi intime Bertrand lui ont impos\u00e9 cette coll\u00e9gialit\u00e9. Si on y regarde de plus pr\u00e8s, on s\u2019aper\u00e7oit qu\u2019il ne doit pas \u00eatre m\u00e9content de ne pas porter \u00e0 lui seul ce lourd fardeau \u00e0 Paris pendant les prochaines semaines. En effet, c\u2019est \u00e0 quelques dizaines de kilom\u00e8tres que se joue sa carri\u00e8re politique perso.<\/p>\n<p>Une \u00e9tude approfondie des r\u00e9sultats de la sixi\u00e8me circonscription[1.Qui a \u00e9t\u00e9 red\u00e9coup\u00e9e en 2009, puisque le d\u00e9partement compte aujourd\u2019hui deux circonscriptions suppl\u00e9mentaires.\u00a0] de Seine-et-Marne, o\u00f9 Cop\u00e9 est candidat \u00e0 sa succession, montre que sa situation est extr\u00eamement p\u00e9rilleuse. Certes, Nicolas Sarkozy y a recueilli environ 52 % des voix au second tour dimanche. Mais ce chiffre constitue un trompe-l\u2019oeil. D\u2019abord, on sait que la participation sera moins importante aux \u00e9lections l\u00e9gislatives et que la d\u00e9mobilisation est toujours plus forte dans le camp d\u00e9fait \u00e0 la pr\u00e9sidentielle. Mais, surtout, un autre protagoniste risque fort de s\u2019inviter \u00e0 la table du second tour de la circonscription de Meaux. Il s\u2019agit de Marie-Christine Arnautu. Cette derni\u00e8re a d\u00e9j\u00e0 port\u00e9 les couleurs du Front National en 1997 et 2007 face \u00e0 Jean-Fran\u00e7ois Cop\u00e9 et lui avait impos\u00e9 une triangulaire la premi\u00e8re fois, provoquant sa d\u00e9faite. A l\u2019\u00e9poque, ils \u00e9taient tous les deux inconnus. Depuis, l\u2019un est devenu secr\u00e9taire g\u00e9n\u00e9ral de l\u2019UMP, la seconde est vice-pr\u00e9sidente du FN, et une fid\u00e8le parmi les fid\u00e8les de la patronne.<\/p>\n<p>Le 22 avril dernier, Marine Le Pen a obtenu d\u2019excellents r\u00e9sultats dans cette circonscription. Comme dans le reste de la France, c\u2019est dans les campagnes qu\u2019elle a recueilli ses meilleurs scores, davantage que dans la ville-centre, Meaux, dont Cop\u00e9 est le maire. Sur les cinquante-trois communes de la circonscription, elle passe la barre des 20 % dans 50 d\u2019entre elles[2. Meaux fait partie des trois communes o\u00f9 elle est en dessous, avec 17.72 %]. Certes, on le sait, pour se maintenir au second tour, c\u2019est le pourcentage des inscrits qui compte. Mais, l\u00e0 aussi, pas de quoi rassurer Cop\u00e9. Marine Le Pen a obtenu plus de 17 % des \u00e9lecteurs inscrits sur les listes \u00e9lectorales[3. Nicolas Sarkozy et Fran\u00e7ois Hollande sont dans un mouchoir, obtenant environ 20.7 % des \u00e9lecteurs inscrits. Rappelons qu\u2019il faut r\u00e9unir 12.5 % des inscrits au premier tour des l\u00e9gislatives pour \u00eatre pr\u00e9sent au second tour.]. \u00a0Une sacr\u00e9e belle marge ! Arnautu, qui est bien implant\u00e9e, peut donc nourrir de solides espoirs quant \u00e0 sa pr\u00e9sence au second tour le 17 juin prochain. La candidate EELV-PS, Caroline Pinet, pourra alors b\u00e9n\u00e9ficier des reports des voix de gauche, et notamment du Front de gauche, alors que Cop\u00e9 n\u2019aura plus gu\u00e8re de r\u00e9serves. 2012 pourrait alors bien ressembler \u00e0 son Waterloo de 1997.<\/p>\n<p>Marine Le Pen a, dit-on, dress\u00e9 une liste noire de candidats UMP \u00e0 faire battre. On y trouverait notamment NKM, Xavier Bertrand, Rama Yade, Fran\u00e7ois Fillon[3. Mais les scores du FN \u00e0 Paris ne l\u2019autorise pas \u00e0 peser assez pour faire tr\u00e9bucher le premier ministre, surtout \u00e0 Saint-Germain-des-pr\u00e9s.]<\/p>\n<p>mais surtout Jean-Fran\u00e7ois Cop\u00e9. Pourquoi lui ? D\u2019une part, Marine Le Pen n\u2019a pas aval\u00e9 les efforts du secr\u00e9taire g\u00e9n\u00e9ral de l\u2019UMP afin qu\u2019elle n\u2019obtienne pas ses parrainages cet hiver. Louis Aliot confiait \u00e0 Marianne2 le 10 f\u00e9vrier 2012 : \u00ab On s\u2019en souviendra aux l\u00e9gislatives. Je rappelle juste \u00e0 Monsieur Cop\u00e9 qu\u2019il a \u00e9t\u00e9 battu en 1997 dans un triangulaire avec le FN\u2026 Je peux m\u00eame vous dire qu\u2019un certain nombre de d\u00e9put\u00e9s UMP serrent les fesses en priant pour que Marine puisse \u00eatre candidate. \u00bb D\u2019autre part, une d\u00e9faite de Cop\u00e9 aux l\u00e9gislatives sonnerait le glas de ses espoirs pour garder l\u2019UMP. Or, Le Pen y a tout int\u00e9r\u00eat. Pour l\u2019instant, la Droite Populaire reste fid\u00e8le \u00e0 l\u2019UMP car elle entretient de bonnes relations avec son chef, marqu\u00e9 \u00e0 droite. Mais si Fillon en devenait le chef, Cop\u00e9 ainsi mis au rencard, Marine Le Pen pourrait d\u00e9vorer un espace politique bien plus important.<\/p>\n<p>Pour la patronne du rassemblement qui porte d\u00e9sormais son pr\u00e9nom, la d\u00e9faite de Cop\u00e9 est donc strat\u00e9gique. Les 9 et 17 juin prochain, elle sera mobilis\u00e9e par son combat personnel \u00e0 H\u00e9nin-Beaumont tout en s\u2019informant, sans aucun doute, de ce qui se trame du c\u00f4t\u00e9 de Meaux\u2026<\/p>\n","protected":false},"excerpt":{"rendered":"<p>L\u00e9gislatives : il aura beaucoup de mal \u00e0 Meaux !<\/p>\n","protected":false},"author":10,"featured_media":0,"comment_status":"open","ping_status":"closed","sticky":false,"template":"","format":"standard","meta":{"footnotes":""},"categories":[4],"tags":[],"class_list":{"0":"post-2482","1":"post","2":"type-post","3":"status-publish","4":"format-standard","6":"category-oxygene"},"_links":{"self":[{"href":"https:\/\/blog.causeur.fr\/antidote\/wp-json\/wp\/v2\/posts\/2482","targetHints":{"allow":["GET"]}}],"collection":[{"href":"https:\/\/blog.causeur.fr\/antidote\/wp-json\/wp\/v2\/posts"}],"about":[{"href":"https:\/\/blog.causeur.fr\/antidote\/wp-json\/wp\/v2\/types\/post"}],"author":[{"embeddable":true,"href":"https:\/\/blog.causeur.fr\/antidote\/wp-json\/wp\/v2\/users\/10"}],"replies":[{"embeddable":true,"href":"https:\/\/blog.causeur.fr\/antidote\/wp-json\/wp\/v2\/comments?post=2482"}],"version-history":[{"count":0,"href":"https:\/\/blog.causeur.fr\/antidote\/wp-json\/wp\/v2\/posts\/2482\/revisions"}],"wp:attachment":[{"href":"https:\/\/blog.causeur.fr\/antidote\/wp-json\/wp\/v2\/media?parent=2482"}],"wp:term":[{"taxonomy":"category","embeddable":true,"href":"https:\/\/blog.causeur.fr\/antidote\/wp-json\/wp\/v2\/categories?post=2482"},{"taxonomy":"post_tag","embeddable":true,"href":"https:\/\/blog.causeur.fr\/antidote\/wp-json\/wp\/v2\/tags?post=2482"}],"curies":[{"name":"wp","href":"https:\/\/api.w.org\/{rel}","templated":true}]}}