{"id":25,"date":"2008-10-23T16:51:02","date_gmt":"2008-10-23T15:51:02","guid":{"rendered":"http:\/\/carnet.causeur.fr\/antidote\/?p=25"},"modified":"2021-04-26T16:12:17","modified_gmt":"2021-04-26T14:12:17","slug":"il-reste-un-mec-de-gauche-au-ps","status":"publish","type":"post","link":"https:\/\/blog.causeur.fr\/antidote\/il-reste-un-mec-de-gauche-au-ps-25","title":{"rendered":"Il reste un mec de gauche au PS"},"content":{"rendered":"<p>J&rsquo;ai visionn\u00e9 les derni\u00e8res interventions m\u00e9diatiques de Beno\u00eet Hamon et je dois dire qu&rsquo;on ne peut qu&rsquo;\u00eatre convaincu par son analyse \u00e9conomique et sociale. Et pour cause, il dit la m\u00eame chose que Nicolas Dupont-Aignan sur les ravages du libre-\u00e9change et sur la complicit\u00e9 de l&rsquo;Union europ\u00e9enne dans ces d\u00e9g\u00e2ts. On raconte m\u00eame qu&rsquo;il est parvenu \u00e0 faire siffler Pascal Lamy, ancien dircab de Jacques Delors \u00e0 Bruxelles, qui dirige aujourd&rsquo;hui l&rsquo;OMC sous les yeux admirateurs de Bertrand Delano\u00e9, Martine Aubry et S\u00e9gol\u00e8ne Royal. Ce n&rsquo;est pas un mince exploit dans un parti o\u00f9 la majorit\u00e9 des adh\u00e9rents sont des \u00e9lus locaux. Notons que ces adh\u00e9rents (je n&rsquo;ose dire militants) peuvent aussi \u00eatre fonctionnaires territoriaux ou enseignants. Ce qui n&rsquo;exclut pas, bien au contraire, qu&rsquo;ils puissent cumuler cette condition avec celle d&rsquo;\u00e9lu local&#8230;.Quand on retire tous ces gens l\u00e0, il faut le dire, il ne reste plus beaucoup de monde pour voter au Congr\u00e8s de Reims. C&rsquo;est pourquoi, je le pense et le regrette, Beno\u00eet Hamon ne dirigera pas le Parti Socialiste. Parce que les \u00e9lus locaux et les fonctionnaires territoriaux sont finalement tr\u00e8s heureux de la SFIOisation de leur parti, ou, tout du moins, qu&rsquo;ils n&rsquo;ont pas int\u00e9r\u00eat que cela change. La majorit\u00e9 des enseignants qui peuplent les sections socialistes demeurent malheureusement imbib\u00e9s de politiquement correct et \u00e2nonnent devant les propos lucides que l&rsquo;on peut tenir sur les ravages de la Commission de Bruxelles et du libre-\u00e9change : \u00a0\u00bb Oui-mais-l&rsquo;Europe-c&rsquo;est-la-paix\u00a0\u00bb (on devrait retirer son titre de prof \u00e0 quiconque confond la cause et la cons\u00e9quence) ou encore : \u00ab\u00a0le protectionnisme-c&rsquo;est-p\u00f4-biennn, c&rsquo;est du repli sur soi, c&rsquo;est de droite s\u00fbrement !\u00a0\u00bb (et ensuite ils vont aduler Obama qui pr\u00f4ne le protectionnisme&#8230;.ah la coh\u00e9rence !).<\/p>\n<p>D\u00e8s lors,  Beno\u00eet Hamon est-il encore \u00e0 sa place au Parti Socialiste ? Laissons le tout de m\u00eame aller jusqu&rsquo;au Congr\u00e8s. Apr\u00e8s tout si son talent est tel qu&rsquo;il me fasse mentir et prenne le contr\u00f4le du PS, je m&rsquo;en satisferai. Si aujourd&rsquo;hui Debout la R\u00e9publique est le seul parti \u00e0 d\u00e9fendre un protectionnisme \u00e0 l&rsquo;\u00e9chelle continentale et que son int\u00e9r\u00eat \u00e9lectoral commande qu&rsquo;il le demeure, les militants de ce mouvement restent aussi des patriotes qui comprennent que l&rsquo;int\u00e9r\u00eat du pays passe avant toute chose. Mais apr\u00e8s le Congr\u00e8s, si comme je le pense Hamon est dans la minorit\u00e9 (car je ne puis imaginer que pour \u00eatre dans la majorit\u00e9, un homme aussi honn\u00eate et lucide se laisse aller \u00e0 des compromissions coupables), ne devrait- il pas cr\u00e9er, \u00e0 l&rsquo;image d&rsquo;Oskar Lafontaine en Allemagne, un nouveau parti ? C&rsquo;est ce que je pense. Car le PS social-lib\u00e9ral de Delano\u00e9-Royal-Aubry n&rsquo;a aucun avenir -et surtout aucun int\u00e9r\u00eat-  pris en tenailles entre Sarkozy, Bayrou et Besancenot.<\/p>\n<p>Hamon, lui, ouvre une autre voie. Mais s&rsquo;il veut l&#8217;emprunter, il lui faudra un autre outil que le vermoulus PS.<\/p>\n","protected":false},"excerpt":{"rendered":"<p>J&rsquo;ai visionn\u00e9 les derni\u00e8res interventions m\u00e9diatiques de Beno\u00eet Hamon et je dois dire qu&rsquo;on ne peut qu&rsquo;\u00eatre convaincu par son analyse \u00e9conomique et sociale. Et pour cause, il dit la m\u00eame chose que Nicolas Dupont-Aignan sur les ravages du libre-\u00e9change et sur la complicit\u00e9 de l&rsquo;Union europ\u00e9enne dans ces d\u00e9g\u00e2ts. On raconte m\u00eame qu&rsquo;il est [&hellip;]<\/p>\n","protected":false},"author":10,"featured_media":0,"comment_status":"open","ping_status":"closed","sticky":false,"template":"","format":"standard","meta":{"footnotes":""},"categories":[4],"tags":[],"class_list":{"0":"post-25","1":"post","2":"type-post","3":"status-publish","4":"format-standard","6":"category-oxygene"},"_links":{"self":[{"href":"https:\/\/blog.causeur.fr\/antidote\/wp-json\/wp\/v2\/posts\/25","targetHints":{"allow":["GET"]}}],"collection":[{"href":"https:\/\/blog.causeur.fr\/antidote\/wp-json\/wp\/v2\/posts"}],"about":[{"href":"https:\/\/blog.causeur.fr\/antidote\/wp-json\/wp\/v2\/types\/post"}],"author":[{"embeddable":true,"href":"https:\/\/blog.causeur.fr\/antidote\/wp-json\/wp\/v2\/users\/10"}],"replies":[{"embeddable":true,"href":"https:\/\/blog.causeur.fr\/antidote\/wp-json\/wp\/v2\/comments?post=25"}],"version-history":[{"count":0,"href":"https:\/\/blog.causeur.fr\/antidote\/wp-json\/wp\/v2\/posts\/25\/revisions"}],"wp:attachment":[{"href":"https:\/\/blog.causeur.fr\/antidote\/wp-json\/wp\/v2\/media?parent=25"}],"wp:term":[{"taxonomy":"category","embeddable":true,"href":"https:\/\/blog.causeur.fr\/antidote\/wp-json\/wp\/v2\/categories?post=25"},{"taxonomy":"post_tag","embeddable":true,"href":"https:\/\/blog.causeur.fr\/antidote\/wp-json\/wp\/v2\/tags?post=25"}],"curies":[{"name":"wp","href":"https:\/\/api.w.org\/{rel}","templated":true}]}}