{"id":2526,"date":"2012-07-23T08:00:51","date_gmt":"2012-07-23T07:00:51","guid":{"rendered":"http:\/\/blog.causeur.fr\/antidote\/?p=2526"},"modified":"2021-04-26T16:10:42","modified_gmt":"2021-04-26T14:10:42","slug":"un-sous-marin-nomme-nkm","status":"publish","type":"post","link":"https:\/\/blog.causeur.fr\/antidote\/un-sous-marin-nomme-nkm-2526","title":{"rendered":"Un sous-marin nomm\u00e9 NKM"},"content":{"rendered":"<p><a href=\"http:\/\/blog.causeur.fr\/antidote\/files\/2012\/07\/nkm.jpg\"><img loading=\"lazy\" decoding=\"async\" class=\"alignleft size-medium wp-image-2528\" src=\"http:\/\/blog.causeur.fr\/antidote\/files\/2012\/07\/nkm-300x200.jpg\" alt=\"\" width=\"300\" height=\"200\" srcset=\"https:\/\/blog.causeur.fr\/antidote\/wp-content\/uploads\/sites\/9\/2012\/07\/nkm-300x200.jpg 300w, https:\/\/blog.causeur.fr\/antidote\/wp-content\/uploads\/sites\/9\/2012\/07\/nkm.jpg 630w\" sizes=\"auto, (max-width: 300px) 100vw, 300px\" \/><\/a>C\u2019est amusant. D\u00e8s que Nathalie Kosciusko-Morizet a annonc\u00e9 sa candidature, les radios ont trait\u00e9 la nouvelle comme un \u00e9v\u00e8nement intersid\u00e9ral, au moins aussi important que les d\u00e9veloppements de l\u2019enqu\u00eate apr\u00e8s l\u2019attentat de Denver. J\u2019ai peut-\u00eatre mauvaise m\u00e9moire mais je ne me souviens pas que, lorsqu\u2019elle avait annonc\u00e9 sa candidature en 2004 au m\u00eame poste, Christine Boutin avait b\u00e9n\u00e9fici\u00e9 de la m\u00eame promotion. <!--more-->Elle avait pourtant obtenu 5,82 % des voix, ce qui ne semble gu\u00e8re \u00e9loign\u00e9 du potentiel de NKM pour le scrutin de 2012[1. Le premier qui r\u00e9torque que c&rsquo;est parce que Boutin n&rsquo;\u00e9tait ni belle, ni jeune, ni moderne, j&rsquo;envoie une lettre de d\u00e9nonciation au minist\u00e8re du droit des femmes. Et pas une lettre anonyme ! En recommand\u00e9 avec accus\u00e9 de r\u00e9ception, encore ! Non, mais !].<\/p>\n<p>Le probl\u00e8me, c\u2019est qu\u2019en novembre prochain, ce ne seront pas les journalistes qui voteront, mais les adh\u00e9rents de l\u2019Union pour un Mouvement Populaire. Et de leur c\u00f4t\u00e9, je n\u2019ai pas l\u2019impression que NKM dispose d\u2019une cote d\u2019enfer. Une forte minorit\u00e9 \u2013 souvent parmi les plus actifs \u2013 la d\u00e9teste, une petite majorit\u00e9 \u2013 sans en arriver \u00e0 cette extr\u00e9mit\u00e9 \u2013 la trouve un peu l\u00e9g\u00e8re pour le poste. L\u2019ex-ministre de l\u2019Ecologie a pr\u00e9sent\u00e9 sa candidature dans le m\u00eame esprit qu\u2019Alain Jupp\u00e9 s\u2019il avait mis \u00e0 ex\u00e9cution son projet avort\u00e9 : \u00e9viter un duel trop sanglant entre Fillon et Cop\u00e9 en incarnant une troisi\u00e8me voie. Cette tentative avait fait un flop alors qu\u2019elle avait des atouts que n\u2019a pas celle de NKM. Jupp\u00e9 est le fondateur de l\u2019UMP, rien de moins. Et il avait commenc\u00e9 \u00e0 pr\u00e9senter sa candidature d\u2019une mani\u00e8re assez adroite en annon\u00e7ant d\u2019ores et d\u00e9j\u00e0 qu\u2019il renon\u00e7ait \u00e0 toute ambition pr\u00e9sidentielle pour 2017. Or, NKM a 39 ans, ce qui en fait une gamine \u00e0 l\u2019\u00e9chelle d\u2019un parti de gouvernement dans notre pays. Et elle s\u2019est bien gard\u00e9e d\u2019annoncer qu\u2019elle n\u2019avait pas pour projet d\u2019\u00eatre candidate \u00e0 l\u2019\u00e9lection pr\u00e9sidentielle, pour la bonne et simple raison qu\u2019elle en cr\u00e8ve d\u2019envie et qu\u2019elle l\u2019a m\u00eame laiss\u00e9 entendre \u00e0 quelques reprises. En revanche, il y a bien un point commun entre les d\u00e9marches de Jupp\u00e9 et de NKM, c\u2019est cette volont\u00e9 d\u2019incarner une troisi\u00e8me voie entre Cop\u00e9 et Fillon. Et l\u00e0, pardonnez-moi, mais c\u2019est \u00e0 mourir de rire. Pour qu\u2019il y ait une troisi\u00e8me voie, il faudrait d\u00e9j\u00e0 qu\u2019il en ait deux. Or, le secr\u00e9taire g\u00e9n\u00e9ral actuel de l\u2019UMP et l\u2019ex-premier ministre ne proposent pas deux voies. Ils ont simplement deux temp\u00e9raments diff\u00e9rents. On l\u2019a dit et r\u00e9p\u00e9t\u00e9, ici et ailleurs,<a href=\"http:\/\/www.causeur.fr\/guerre-civile-ump-comme-un-arriere-gout-de-balladur-chirac,18232\" target=\"_blank\" rel=\"noopener\">\u00a0il n\u2019existe pas l\u2019\u00e9paisseur d\u2019une feuille de papier \u00e0 cigarette entre eux<\/a>, sur l\u2019\u00e9conomie, sur l\u2019Europe, sur les sujets r\u00e9galiens ou les sujets soci\u00e9taux. Pr\u00e9tendre que l\u2019un \u2013 en l\u2019occurrence Cop\u00e9 \u2013 serait plus \u00e0 droite que l\u2019autre, c\u2019est une vaste blague. Dans le cas contraire, on se demande bien pourquoi le d\u00e9put\u00e9 de Meaux vient de recevoir le soutien de Jean-Pierre Raffarin, qui fustige la d\u00e9rive droiti\u00e8re de l\u2019UMP ; et on pourrait s\u2019interroger aussi \u00e0 l\u2019inverse, sur le soutien d\u2019Eric Ciotti \u00e0 Fillon. On se demande bien ce qui pourra les s\u00e9parer sur le fond. Fillon-Cop\u00e9, c\u2019est un peu comme Dominique Reyni\u00e9 versus Olivier Duhamel. Ils s\u2019engueulent, mais on se demande bien pourquoi parce qu\u2019ils disent la m\u00eame chose.<\/p>\n<p>Donc, pour se faufiler entre ces deux-l\u00e0 et incarner une fiction de troisi\u00e8me voie, c\u2019est d\u2019ores et d\u00e9j\u00e0 loup\u00e9. Kosciusko-Morizet pourrait \u00e0 la limite tenter d\u2019en incarner une seconde. Pas de bol, elle partage elle aussi les m\u00eames id\u00e9es qu\u2019eux sur tous les sujets essentiels. Une diff\u00e9rence de strat\u00e9gie ? C\u2019est vrai que \u00e7a compte aussi, la strat\u00e9gie. Elle annonce \u00ab pas de concession au PS, pas de compromission avec le FN \u00bb, soit exactement comme ses deux comp\u00e8res. NKM ne peut donc apporter qu\u2019une option suppl\u00e9mentaire dans l\u2019opposition de style, dans la bataille des temp\u00e9raments. Et encore faut-il, pour \u00eatre officiellement candidate, obtenir les 8 000 parrainages de militants n\u00e9cessaires. Or, elle reconna\u00eet elle-m\u00eame que cela ne sera pas ais\u00e9, ce qui en dit d\u2019ailleurs d\u00e9j\u00e0 long sur le fait qu\u2019elle est consciente de ne pas avoir une grande cote chez les adh\u00e9rents et donc sur ses chances de faire un score et a fortiori de gagner.<br \/>\nN\u2019apportant aucune id\u00e9e ni strat\u00e9gie diff\u00e9rentes de ses concurrents et n\u2019ayant aucune chance de gagner, la candidature de la d\u00e9put\u00e9-maire de Longjumeau ne peut donc \u00eatre destin\u00e9e qu\u2019\u00e0 fixer des voix destin\u00e9es plut\u00f4t \u00e0 l\u2019un, avant de se rallier \u00e0 l\u2019autre.<\/p>\n<p>NKM la suscite t-elle sciemment ou non, peu importe, mais c\u2019est \u00e9videmment Jean-Fran\u00e7ois Cop\u00e9 qui serait le gagnant de l\u2019op\u00e9ration. Car s\u2019il n\u2019y a pas de candidat plus \u00e0 droite que l\u2019autre, le ressenti dans l\u2019opinion, au sens large comme chez les militants, est tout autre. Parce qu\u2019il tient un langage plus d\u00e9complex\u00e9, Cop\u00e9 appara\u00eet comme le plus \u00e0 droite. Parce qu\u2019elle a construit son image dans une opposition avec le FN, NKM appara\u00eet comme la plus \u00e0 gauche. Fillon appara\u00eet entre les deux. Donc, si Kosciusko-Morizet mange un peu de laine sur le dos de quelqu\u2019un, ce sera bien davantage au d\u00e9triment de l\u2019ancien premier ministre qu\u2019aux d\u00e9pens du d\u00e9put\u00e9 de Seine-et-Marne. Cop\u00e9 permettra t-il \u00e0 NKM d\u2019obtenir les 8 000 parrainages si elle n\u2019y parvient pas seule ? C\u2019est son int\u00e9r\u00eat. Nantie du droit d\u2019\u00eatre candidate, se retirera t-elle pour son bienfaiteur avant le premier tour ou avant le second et en \u00e9change de quoi ? Ce sont bien les seules questions qui se posent sur cette candidature dont il appara\u00eet aujourd\u2019hui clairement qu\u2019elle est surtout dirig\u00e9e \u00e0 g\u00eaner Fran\u00e7ois Fillon.<\/p>\n","protected":false},"excerpt":{"rendered":"<p>De fait, la nouvelle candidate \u00e0 la pr\u00e9sidence de l&rsquo;UMP roule pour Cop\u00e9<\/p>\n","protected":false},"author":10,"featured_media":0,"comment_status":"open","ping_status":"closed","sticky":false,"template":"","format":"standard","meta":{"footnotes":""},"categories":[5],"tags":[],"class_list":{"0":"post-2526","1":"post","2":"type-post","3":"status-publish","4":"format-standard","6":"category-sulfate"},"_links":{"self":[{"href":"https:\/\/blog.causeur.fr\/antidote\/wp-json\/wp\/v2\/posts\/2526","targetHints":{"allow":["GET"]}}],"collection":[{"href":"https:\/\/blog.causeur.fr\/antidote\/wp-json\/wp\/v2\/posts"}],"about":[{"href":"https:\/\/blog.causeur.fr\/antidote\/wp-json\/wp\/v2\/types\/post"}],"author":[{"embeddable":true,"href":"https:\/\/blog.causeur.fr\/antidote\/wp-json\/wp\/v2\/users\/10"}],"replies":[{"embeddable":true,"href":"https:\/\/blog.causeur.fr\/antidote\/wp-json\/wp\/v2\/comments?post=2526"}],"version-history":[{"count":0,"href":"https:\/\/blog.causeur.fr\/antidote\/wp-json\/wp\/v2\/posts\/2526\/revisions"}],"wp:attachment":[{"href":"https:\/\/blog.causeur.fr\/antidote\/wp-json\/wp\/v2\/media?parent=2526"}],"wp:term":[{"taxonomy":"category","embeddable":true,"href":"https:\/\/blog.causeur.fr\/antidote\/wp-json\/wp\/v2\/categories?post=2526"},{"taxonomy":"post_tag","embeddable":true,"href":"https:\/\/blog.causeur.fr\/antidote\/wp-json\/wp\/v2\/tags?post=2526"}],"curies":[{"name":"wp","href":"https:\/\/api.w.org\/{rel}","templated":true}]}}