{"id":2546,"date":"2012-10-14T15:00:39","date_gmt":"2012-10-14T15:00:39","guid":{"rendered":"http:\/\/blog.causeur.fr\/antidote\/?p=2546"},"modified":"2021-04-26T16:10:42","modified_gmt":"2021-04-26T14:10:42","slug":"souvenirs-de-vacances-chez-les-jeunes-pops","status":"publish","type":"post","link":"https:\/\/blog.causeur.fr\/antidote\/souvenirs-de-vacances-chez-les-jeunes-pops-2546","title":{"rendered":"Souvenirs de vacances chez les Jeunes Pops"},"content":{"rendered":"<h3>L&rsquo;UMP sans langue de bois, \u00e7a existe !<\/h3>\n<p><a href=\"http:\/\/blog.causeur.fr\/antidote\/files\/2012\/10\/jeunespops.jpg\"><img loading=\"lazy\" decoding=\"async\" class=\"alignleft size-medium wp-image-2601\" src=\"http:\/\/blog.causeur.fr\/antidote\/files\/2012\/10\/jeunespops-300x199.jpg\" alt=\"\" width=\"300\" height=\"199\" srcset=\"https:\/\/blog.causeur.fr\/antidote\/wp-content\/uploads\/sites\/9\/2012\/10\/jeunespops-300x199.jpg 300w, https:\/\/blog.causeur.fr\/antidote\/wp-content\/uploads\/sites\/9\/2012\/10\/jeunespops.jpg 500w\" sizes=\"auto, (max-width: 300px) 100vw, 300px\" \/><\/a>L&rsquo;aust\u00e9rit\u00e9 a de bons c\u00f4t\u00e9s. C&rsquo;est en son nom que le Campus des Jeunes Populaires[1. C&rsquo;est ainsi que, depuis quelques ann\u00e9es, sont nomm\u00e9es les universit\u00e9s des jeunes de l&rsquo;UMP.] a \u00e9t\u00e9 annul\u00e9 cette ann\u00e9e. Frustr\u00e9e de son rendez-vous annuel, la jeune garde franc-comtoise de l&rsquo;UMP avait donc d\u00e9cid\u00e9 d&rsquo;organiser son campus r\u00e9gional, quitte \u00e0 faire appel \u00e0 des amis d&rsquo;autres r\u00e9gions dans le but d&rsquo;\u00eatre assez nombreux. Il \u00e9tait donc beaucoup plus facile \u00e0 votre serviteur d&rsquo;obtenir une accr\u00e9ditation pour un \u00e9v\u00e8nement qui avait lieu, qui plus est, \u00e0 une demie-heure de route de ses p\u00e9nates[2. Toutefois, que Julien D. soit remerci\u00e9 de me l&rsquo;avoir obtenue.] \u00e0 Ornans, ville du peintre Gustave Courbet dont les oeuvres les plus connues \u00e0 l&rsquo;international demeurent un enterrement dans cette bourgade et une \u00ab\u00a0pussy riot\u00a0\u00bb en gros plan.<!--more--><\/p>\n<p>Le dossier de presse annon\u00e7ait la pr\u00e9sence de Val\u00e9rie P\u00e9cresse et Laurent Wauquiez en d\u00e9but de soir\u00e9e. Venus porter la parole de Fran\u00e7ois Fillon dont ils constituent avec Eric Ciotti la garde rapproch\u00e9e, les deux anciens ministres ne m&rsquo;int\u00e9ressaient pas. Il suffit d&rsquo;ouvrir son poste de t\u00e9l\u00e9 pour savoir ce qu&rsquo;une telle personnalit\u00e9 vient servir comme discours. Ce dont j&rsquo;\u00e9tais curieux, en revanche, c&rsquo;\u00e9tait l&rsquo;opinion de ces jeunes qui avaient fait la campagne de Nicolas Sarkozy. C&rsquo;\u00e9tait de recueillir leur avis, non sur le pass\u00e9 mais sur l&rsquo;avenir. Avec quel pr\u00e9sident et avec quels alli\u00e9s comptent-ils reconqu\u00e9rir villes, d\u00e9partements et r\u00e9gions en 2014 ?<\/p>\n<p>Apr\u00e8s avoir \u00e9cout\u00e9 avec eux les intervenants d&rsquo;un atelier \u00ab\u00a0Nos id\u00e9es, nos valeurs\u00a0\u00bb o\u00f9 leurs a\u00een\u00e9s d\u00e9taillaient le bilan de Nicolas Sarkozy dont ils n&rsquo;avaient pas \u00e0 rougir, mais qui ressemblait fort \u00e0 un exercice de pleurs sur le lait renvers\u00e9, la d\u00e9faite \u00e9tant act\u00e9e et ledit bilan jug\u00e9 -sans appel possible- par les Fran\u00e7ais, l&rsquo;heure de la promenade avait sonn\u00e9 dans les rues d&rsquo;Ornans. Passant de l&rsquo;un \u00e0 l&rsquo;autre, je leur demandai donc s&rsquo;ils pr\u00e9f\u00e9raient \u00eatre pr\u00e9sid\u00e9s par Fran\u00e7ois Fillon ou Jean-Fran\u00e7ois Cop\u00e9, consid\u00e9rant que s&rsquo;enqu\u00e9rir de l&rsquo;avis de ceux qui vont faire la d\u00e9cision le 18 novembre prochain constituait une m\u00e9thode plus scientifique que de sonder les sympathisants au sens large de l&rsquo;UMP, comme le font actuellement les instituts, prenant le risque de se prendre une claque genre Nicolas Hulot.<\/p>\n<p>Pour Cl\u00e9ment, ce sera Fillon qui lui semble plus respectueux de l&rsquo;avis des f\u00e9d\u00e9rations alors que Cop\u00e9 aurait un fonctionnement \u00ab\u00a0trop directif\u00a0\u00bb. Pour In\u00e8s, jurassienne comme Cl\u00e9ment, c&rsquo;est aussi Fillon car Cop\u00e9 a le d\u00e9faut d&rsquo;\u00eatre&#8230; chiraquien. Philippe est savoyard, il assume faire partie de la droite du mouvement. Il a une l\u00e9g\u00e8re pr\u00e9f\u00e9rence pour Cop\u00e9 mais ne respire pas l&rsquo;enthousiasme devant le choix qu&rsquo;on lui pr\u00e9sente. Andr\u00e9a, responsable jeune en Haute-Sa\u00f4ne soutient d&rsquo;autant plus le maire de Meaux qu&rsquo;elle a sign\u00e9 son appel \u00e0 candidature. Elle se d\u00e9finit comme lib\u00e9rale et trouve Cop\u00e9 plus proche de ses id\u00e9es \u00e9conomiques. St\u00e9phane est venu de l&rsquo;Alsace voisine. Il votera Fillon mais essentiellement par anti-cop\u00e9isme. L&rsquo;actuel secr\u00e9taire g\u00e9n\u00e9ral lui semble \u00ab\u00a0trop \u00e0 droite, trop clivant, pas assez rassembleur\u00a0\u00bb. J\u00e9r\u00f4me, qui l&rsquo;a accompagn\u00e9 en terre franc-comtoise, ne souhaite pas se prononcer en d\u00e9but de discussion mais finit par l\u00e2cher qu&rsquo;il \u00ab\u00a0ne faut pas prendre le risque d&rsquo;\u00e9lire quelqu&rsquo;un qui ne soit pas en phase avec nos sympathisants\u00a0\u00bb. Un seul des jeunes m&rsquo;ayant accord\u00e9 quelques minutes semble vraiment ind\u00e9cis. Fran\u00e7ois, jurassien, voit Fillon pr\u00e9sidentiable mais Cop\u00e9 chef de parti. Il r\u00eave d&rsquo;une alliance entre les deux sur cette base. Je lui fais remarquer que les deux protagonistes n&rsquo;ont pas l&rsquo;air d&rsquo;accord avec lui. Il me dit en \u00eatre conscient. Sa d\u00e9cision n&rsquo;est donc pas prise m\u00eame si on croit comprendre qu&rsquo;il s&rsquo;agit l\u00e0 d&rsquo;\u00e9lire seulement un chef de parti et que Cop\u00e9 pourrait finalement avoir son vote.<\/p>\n<p>Je les interroge ensuite sur l&rsquo;attitude que l&rsquo;UMP doit avoir dans le cadre des futures \u00e9lections locales : alliances ou pas alliances avec le FN pour conqu\u00e9rir des collectivit\u00e9s ? Bien d\u00e9cid\u00e9 \u00e0 les pousser dans leur retranchements, je me fais l&rsquo;avocat du diable : \u00a0\u00bb En 1998, ceux qui refusaient l&rsquo;alliance -dont j&rsquo;\u00e9tais, avaient pour eux le soutien de l&rsquo;\u00e9lectorat, qui refusait une telle compromission. Tel n&rsquo;est plus le cas aujourd&rsquo;hui. Si vous refusez l&rsquo;alliance et perdez villes et r\u00e9gions \u00e0 cause de cette attitude, vos \u00e9lecteurs vont \u00eatre furieux !\u00a0\u00bb Ils en conviennent et pourtant, ils refusent presque tous cette perspective. Cl\u00e9ment m&rsquo;explique que la question ne se pose pas puisque Fillon et Cop\u00e9 ont martel\u00e9 qu&rsquo;ils excluraient tout contrevenant \u00e0 la r\u00e8gle. In\u00e8s refuse pour des raisons morales. Fran\u00e7ois trouve Marine Le Pen \u00ab\u00a0trop anticapitaliste\u00a0\u00bb. Quant \u00e0 St\u00e9phane, il n&rsquo;est pas loin de sortir crucifix et gousses d&rsquo;ail tandis que j&rsquo;\u00e9voque cette id\u00e9e. Seul Philippe souhaite des alliances locales dans le dos des \u00e9tats-majors de l&rsquo;UMP et du FN mariniste. Il trouve \u00a0Marine Le Pen \u00ab\u00a0socialiste\u00a0\u00bb sur l&rsquo;\u00e9conomie et note qu&rsquo;elle veut la d\u00e9faite de l&rsquo;UMP. Il pr\u00e9f\u00e8re la vieille garde proche de Gollnisch, plus lib\u00e9rale sur l&rsquo;\u00e9conomie et plus soucieuse de \u00ab\u00a0faire gagner la droite\u00a0\u00bb. Il me dit que ces accords auront in\u00e9luctablement lieu dans le Grand Sud et me rappelle que Jean-Claude Gaudin lui-m\u00eame n&rsquo;avait pas rechign\u00e9 \u00e0 en conclure il y a vingt ans.<\/p>\n<p>La promenade est termin\u00e9e. D\u00e9put\u00e9s et anciens ministres ne vont plus tarder. Je pr\u00e9f\u00e8re quitter le campus. Ces jeunes m&rsquo;ont parl\u00e9 sans langue de bois, sans d\u00e9tour. Rafra\u00eechissants. Ils n&rsquo;ont montr\u00e9 aucune animosit\u00e9 devant mes questions alors que le badge presse n&rsquo;\u00e9tait plus tr\u00e8s populaire dans les r\u00e9unions UMP ces derniers temps. Une seule ombre au tableau. J&rsquo;y ai vu le fils d&rsquo;un ancien compagnon avec qui j&rsquo;avais v\u00e9cu, il y a pr\u00e8s de vingt ans, des universit\u00e9s d&rsquo;\u00e9t\u00e9. Charmant, bien \u00e9lev\u00e9. Mais qui m&rsquo;a foutu un sacr\u00e9 coup de vieux.<\/p>\n","protected":false},"excerpt":{"rendered":"<p>L&rsquo;UMP sans langue de bois, \u00e7a existe ! L&rsquo;aust\u00e9rit\u00e9 a de bons c\u00f4t\u00e9s. C&rsquo;est en son nom que le Campus des Jeunes Populaires[1. C&rsquo;est ainsi que, depuis quelques ann\u00e9es, sont nomm\u00e9es les universit\u00e9s des jeunes de l&rsquo;UMP.] a \u00e9t\u00e9 annul\u00e9 cette ann\u00e9e. Frustr\u00e9e de son rendez-vous annuel, la jeune garde franc-comtoise de l&rsquo;UMP avait donc [&hellip;]<\/p>\n","protected":false},"author":10,"featured_media":0,"comment_status":"open","ping_status":"closed","sticky":false,"template":"","format":"standard","meta":{"footnotes":""},"categories":[4],"tags":[],"class_list":{"0":"post-2546","1":"post","2":"type-post","3":"status-publish","4":"format-standard","6":"category-oxygene"},"_links":{"self":[{"href":"https:\/\/blog.causeur.fr\/antidote\/wp-json\/wp\/v2\/posts\/2546","targetHints":{"allow":["GET"]}}],"collection":[{"href":"https:\/\/blog.causeur.fr\/antidote\/wp-json\/wp\/v2\/posts"}],"about":[{"href":"https:\/\/blog.causeur.fr\/antidote\/wp-json\/wp\/v2\/types\/post"}],"author":[{"embeddable":true,"href":"https:\/\/blog.causeur.fr\/antidote\/wp-json\/wp\/v2\/users\/10"}],"replies":[{"embeddable":true,"href":"https:\/\/blog.causeur.fr\/antidote\/wp-json\/wp\/v2\/comments?post=2546"}],"version-history":[{"count":0,"href":"https:\/\/blog.causeur.fr\/antidote\/wp-json\/wp\/v2\/posts\/2546\/revisions"}],"wp:attachment":[{"href":"https:\/\/blog.causeur.fr\/antidote\/wp-json\/wp\/v2\/media?parent=2546"}],"wp:term":[{"taxonomy":"category","embeddable":true,"href":"https:\/\/blog.causeur.fr\/antidote\/wp-json\/wp\/v2\/categories?post=2546"},{"taxonomy":"post_tag","embeddable":true,"href":"https:\/\/blog.causeur.fr\/antidote\/wp-json\/wp\/v2\/tags?post=2546"}],"curies":[{"name":"wp","href":"https:\/\/api.w.org\/{rel}","templated":true}]}}