{"id":2550,"date":"2012-09-06T08:31:35","date_gmt":"2012-09-06T07:31:35","guid":{"rendered":"http:\/\/blog.causeur.fr\/antidote\/?p=2550"},"modified":"2021-04-26T16:10:42","modified_gmt":"2021-04-26T14:10:42","slug":"jean-vincent-place-et-le-syndrome-de-spaggiari","status":"publish","type":"post","link":"https:\/\/blog.causeur.fr\/antidote\/jean-vincent-place-et-le-syndrome-de-spaggiari-2550","title":{"rendered":"Jean-Vincent Plac\u00e9 et le syndrome de Spaggiari"},"content":{"rendered":"<p><a href=\"http:\/\/blog.causeur.fr\/antidote\/files\/2012\/09\/plac\u00e9.jpg\"><img loading=\"lazy\" decoding=\"async\" class=\"alignleft size-medium wp-image-2552\" src=\"http:\/\/blog.causeur.fr\/antidote\/files\/2012\/09\/plac\u00e9-199x300.jpg\" alt=\"\" width=\"199\" height=\"300\" srcset=\"https:\/\/blog.causeur.fr\/antidote\/wp-content\/uploads\/sites\/9\/2012\/09\/plac\u00e9-199x300.jpg 199w, https:\/\/blog.causeur.fr\/antidote\/wp-content\/uploads\/sites\/9\/2012\/09\/plac\u00e9.jpg 220w\" sizes=\"auto, (max-width: 199px) 100vw, 199px\" \/><\/a>Il n\u2019est pas certain que les militants socialistes appr\u00e9cient la derni\u00e8re sortie du s\u00e9millant s\u00e9nateur vert Jean-Vincent Plac\u00e9. Interrog\u00e9 par\u00a0<em>Le Parisien.fr<\/em>, il charge Arnaud Montebourg, qui\u00a0<em>\u00ab lui donne l\u2019impression d\u2019\u00eatre encore dans l\u2019opposition \u00bb<\/em>, qui fait\u00a0<em>\u00ab la tourn\u00e9e des entreprises en disant : je vais r\u00e9soudre les probl\u00e8mes par la volont\u00e9 et le verbe \u00bb<\/em>. Un peu plus loin, il ajoute une couche, non plus sur le style, mais sur le fond :\u00a0<em>\u00ab les discours des responsables fran\u00e7ais commencent \u00e0 avoir une porosit\u00e9 tr\u00e8s forte avec ceux du FN sur les questions d\u2019immigration, mais aussi sur la question d\u2019une forme de protectionnisme national \u00bb<\/em>.<!--more--><\/p>\n<p>Entre les lignes, on comprend que n\u2019est pas seulement vis\u00e9 Arnaud Montebourg -lui c\u2019est le protectionnisme- mais aussi le ministre de l\u2019Int\u00e9rieur Manuel Valls et bien entendu le couple ex\u00e9cutif qui soutiennent ce dernier, ainsi accus\u00e9s de collusion avec le FN pour cause de politique de d\u00e9mant\u00e8lement de campements ill\u00e9gaux. En d\u2019autres temps, une telle accusation de la part du pr\u00e9sident d\u2019un groupe parlementaire de la majorit\u00e9 aurait fait la une des JT du soir. En attendant, la col\u00e8re des socialistes, et en particulier ceux qui soutiennent sinc\u00e8rement l\u2019action de Fran\u00e7ois Hollande, est compr\u00e9hensible. Comme nous sommes charitables, nous nous permettons n\u00e9anmoins de leur signaler qu\u2019ils dirigent mal leur courroux.<\/p>\n<p>Jean-Vincent Plac\u00e9 n\u2019est pas vraiment le responsable de cette situation. Car il est atteint d\u2019un mal encore m\u00e9connu dans la sph\u00e8re politique : le syndrome Albert Spaggiari. Les plus anciens se souviennent de ce gentleman-cambrioleur des seventies, incarn\u00e9 \u00e0 l\u2019\u00e9cran par Francis Huster, qui avait r\u00e9alis\u00e9 le casse du si\u00e8cle en d\u00e9valisant la salle des coffres de la Soci\u00e9t\u00e9 G\u00e9n\u00e9rale de Nice, empruntant les \u00e9gouts de la ville pour atteindre son objectif. Pendant plusieurs ann\u00e9es, il avait d\u00e9fray\u00e9 la chronique, narguant la police fran\u00e7aise, accordant des entretiens, notamment \u00e0 Bernard Pivot himself. Arr\u00eat\u00e9, il avait r\u00e9ussi une \u00e9vasion spectaculaire en sautant depuis la fen\u00eatre du bureau du juge d\u2019instruction alors qu\u2019une motocyclette complice l\u2019attendait en bas. Autant dire que de tels exploits, cela n\u2019aidait pas \u00e0 cultiver une forme d\u2019humilit\u00e9. Le monsieur plastronnait, et pouvait donner l\u00e9gitimement aux pouvoirs publics une impression d\u2019arrogance.<\/p>\n<p>Jean-Vincent Plac\u00e9 a lui aussi accompli un casse l\u2019automne dernier. Alors qu\u2019il savait pertinemment que sa candidate \u00e0 la pr\u00e9sidentielle ferait un score ridicule \u2013 ce que m\u00eame Roland Cayrol pr\u00e9voyait, c\u2019est dire si c\u2019\u00e9tait fastoche \u2013 il a n\u00e9goci\u00e9 avec Martine Aubry des candidatures aux l\u00e9gislatives qui permettait \u00e0 EELV d\u2019avoir un groupe \u00e0 l\u2019Assembl\u00e9e Nationale. Notons au passage qu\u2019il avait d\u00e9j\u00e0 obtenu la m\u00eame chose pour le S\u00e9nat, se propulsant ainsi pr\u00e9sident de groupe dans la Haute assembl\u00e9e. Quand on voit ce que p\u00e8sent r\u00e9ellement les \u00e9cologistes dans l\u2019\u00e9preuve-reine de la politique fran\u00e7aise, 2.31 %, on peut aussi parler de casse du si\u00e8cle, celui du XXIe en l\u2019occurrence. Le fait qu\u2019il plastronne, qu\u2019il soit arrogant, et qu\u2019il aime agacer les grands de ce pays est normal et humain.<\/p>\n<p>Ce n\u2019est donc pas \u00e0 lui qu\u2019il faut en vouloir mais \u00e0 ceux \u2013 et en premier lieu \u00e0 celle- qui lui ont permis d\u2019obtenir ledit magot. \u00c0 l\u2019\u00e9poque, Martine Aubry souhaitait certainement savonner la planche de celui qui venait de la fesser publiquement \u00e0 la primaire socialiste. La premi\u00e8re secr\u00e9taire du PS est donc la premi\u00e8re responsable de cette situation. Elle a en quelque sorte jou\u00e9 le r\u00f4le de l\u2019informateur de Spaggiari, celui qui lui avait r\u00e9v\u00e9l\u00e9 l\u2019absence de syst\u00e8me d\u2019alarme dans la salle des coffres. D\u2019ailleurs, lors de son discours de cl\u00f4ture \u00e0 La Rochelle, elle a elle aussi plastronn\u00e9. Si la Gauche a gagn\u00e9 la pr\u00e9sidentielle, c\u2019est gr\u00e2ce \u00e0 elle. C\u2019est ainsi qu\u2019elle va nommer elle-m\u00eame son successeur. Pourquoi pas Cambad\u00e9lis, l\u2019homme des n\u00e9gos avec les autres partis de la gauche ? Plac\u00e9 serait content de retrouver son compagnon de conciliabules. Mais les militants socialistes ?<\/p>\n","protected":false},"excerpt":{"rendered":"<p>Comment faire la le\u00e7on Valls, Montebourg et Ayrault quand votre candidate \u00e0 obtenu 2,3% ?<\/p>\n","protected":false},"author":10,"featured_media":0,"comment_status":"open","ping_status":"closed","sticky":false,"template":"","format":"standard","meta":{"footnotes":""},"categories":[5],"tags":[],"class_list":{"0":"post-2550","1":"post","2":"type-post","3":"status-publish","4":"format-standard","6":"category-sulfate"},"_links":{"self":[{"href":"https:\/\/blog.causeur.fr\/antidote\/wp-json\/wp\/v2\/posts\/2550","targetHints":{"allow":["GET"]}}],"collection":[{"href":"https:\/\/blog.causeur.fr\/antidote\/wp-json\/wp\/v2\/posts"}],"about":[{"href":"https:\/\/blog.causeur.fr\/antidote\/wp-json\/wp\/v2\/types\/post"}],"author":[{"embeddable":true,"href":"https:\/\/blog.causeur.fr\/antidote\/wp-json\/wp\/v2\/users\/10"}],"replies":[{"embeddable":true,"href":"https:\/\/blog.causeur.fr\/antidote\/wp-json\/wp\/v2\/comments?post=2550"}],"version-history":[{"count":0,"href":"https:\/\/blog.causeur.fr\/antidote\/wp-json\/wp\/v2\/posts\/2550\/revisions"}],"wp:attachment":[{"href":"https:\/\/blog.causeur.fr\/antidote\/wp-json\/wp\/v2\/media?parent=2550"}],"wp:term":[{"taxonomy":"category","embeddable":true,"href":"https:\/\/blog.causeur.fr\/antidote\/wp-json\/wp\/v2\/categories?post=2550"},{"taxonomy":"post_tag","embeddable":true,"href":"https:\/\/blog.causeur.fr\/antidote\/wp-json\/wp\/v2\/tags?post=2550"}],"curies":[{"name":"wp","href":"https:\/\/api.w.org\/{rel}","templated":true}]}}