{"id":259,"date":"2009-04-25T10:52:31","date_gmt":"2009-04-25T09:52:31","guid":{"rendered":"http:\/\/carnet.causeur.fr\/antidote\/?p=259"},"modified":"2021-04-26T16:12:04","modified_gmt":"2021-04-26T14:12:04","slug":"ruptures-de-traditions","status":"publish","type":"post","link":"https:\/\/blog.causeur.fr\/antidote\/ruptures-de-traditions-259","title":{"rendered":"Ruptures de traditions"},"content":{"rendered":"<p>En direct de Perpignan, o\u00f9 je passe quelques jours de vacances, j&rsquo;ai v\u00e9cu sur les lieux du crime la d\u00e9cision du Conseil d&rsquo;Etat de confirmer la d\u00e9cision du Tribunal administratif de Montpellier concernant la nullit\u00e9 des \u00e9lections municipales. L&rsquo;an dernier, un pr\u00e9sident de bureau de vote n&rsquo;avait rien trouv\u00e9 de mieux que de cacher des bulletins adverses d\u00e9j\u00e0 d\u00e9pouill\u00e9s dans ses chaussettes. Il ne m&rsquo;appartient pas de commenter la d\u00e9cision du Conseil d&rsquo;Etat qui a jug\u00e9 que la fraude pouvait entacher la sinc\u00e9rit\u00e9 du vote et qui a donc d\u00e9clar\u00e9 nulle l&rsquo;\u00e9lection du maire sortant, Jean-Paul Alduy.<\/p>\n<p>Ce n&rsquo;est pas l&rsquo;avis de M. Alain Marleix, secr\u00e9taire d&rsquo;Etat \u00e0 l&rsquo;Int\u00e9rieur, qui s&rsquo;est dit \u00ab\u00a0\u00e9tonn\u00e9\u00a0\u00bb de cette d\u00e9cision. Ainsi, un membre du gouvernement commente une d\u00e9cision de justice \u2013 certes administrative \u2013, d\u00e9cision prise de surcro\u00eet par une autorit\u00e9 pr\u00e9sid\u00e9e par son chef de gouvernement[1. Petit rappel de droit : c&rsquo;est le Premier ministre qui pr\u00e9side le Conseil d&rsquo;Etat. C&rsquo;est pourquoi on parle de vice-pr\u00e9sident pour le v\u00e9ritable patron de cette noble institution]. C&rsquo;est d&rsquo;autant plus inqui\u00e9tant que M. Marleix est en charge du nouveau d\u00e9coupage des circonscriptions l\u00e9gislatives. Rupture de tradition. Pas glop, comme dirait Pifou.<\/p>\n<p>Mais M. Marleix aurait tort de se priver. Car le chef du gouvernement n&rsquo;est pas en reste. A Tunis, o\u00f9 je n&rsquo;irai malheureusement pas poursuivre mes vacances, Fran\u00e7ois Fillon a cru bon de commenter en conf\u00e9rence de presse les derniers \u00e9v\u00e8nements concernant Mme Dati.<\/p>\n<p>Je croyais qu&rsquo;on ne commentait pas la politique fran\u00e7aise depuis l&rsquo;\u00e9tranger quand on est un membre du gouvernement et a fortiori son chef. M\u00eame s&rsquo;il n&rsquo;y avait que des journalistes fran\u00e7ais dans la salle, le Premier ministre ne pouvait-il pas r\u00e9pondre que, selon la tradition, il ne lui appartenait pas d&rsquo;aborder de tels sujets si minuscules par rapport au voyage officiel dont il avait mission ? Visiblement, non. Deuxi\u00e8me rupture de tradition. Pas glop, bis.<\/p>\n<p>Plus je vois ce gouvernement fonctionner, plus je suis traditionaliste. Pas vous ?<\/p>\n","protected":false},"excerpt":{"rendered":"<p>On s&rsquo;en passerait volontiers<\/p>\n","protected":false},"author":10,"featured_media":0,"comment_status":"open","ping_status":"closed","sticky":false,"template":"","format":"standard","meta":{"footnotes":""},"categories":[5],"tags":[],"class_list":{"0":"post-259","1":"post","2":"type-post","3":"status-publish","4":"format-standard","6":"category-sulfate"},"_links":{"self":[{"href":"https:\/\/blog.causeur.fr\/antidote\/wp-json\/wp\/v2\/posts\/259","targetHints":{"allow":["GET"]}}],"collection":[{"href":"https:\/\/blog.causeur.fr\/antidote\/wp-json\/wp\/v2\/posts"}],"about":[{"href":"https:\/\/blog.causeur.fr\/antidote\/wp-json\/wp\/v2\/types\/post"}],"author":[{"embeddable":true,"href":"https:\/\/blog.causeur.fr\/antidote\/wp-json\/wp\/v2\/users\/10"}],"replies":[{"embeddable":true,"href":"https:\/\/blog.causeur.fr\/antidote\/wp-json\/wp\/v2\/comments?post=259"}],"version-history":[{"count":0,"href":"https:\/\/blog.causeur.fr\/antidote\/wp-json\/wp\/v2\/posts\/259\/revisions"}],"wp:attachment":[{"href":"https:\/\/blog.causeur.fr\/antidote\/wp-json\/wp\/v2\/media?parent=259"}],"wp:term":[{"taxonomy":"category","embeddable":true,"href":"https:\/\/blog.causeur.fr\/antidote\/wp-json\/wp\/v2\/categories?post=259"},{"taxonomy":"post_tag","embeddable":true,"href":"https:\/\/blog.causeur.fr\/antidote\/wp-json\/wp\/v2\/tags?post=259"}],"curies":[{"name":"wp","href":"https:\/\/api.w.org\/{rel}","templated":true}]}}