{"id":2595,"date":"2012-10-08T07:30:16","date_gmt":"2012-10-08T07:30:16","guid":{"rendered":"http:\/\/blog.causeur.fr\/antidote\/?p=2595"},"modified":"2021-04-26T16:10:42","modified_gmt":"2021-04-26T14:10:42","slug":"cope-fillon-chacun-son-style","status":"publish","type":"post","link":"https:\/\/blog.causeur.fr\/antidote\/cope-fillon-chacun-son-style-2595","title":{"rendered":"Cop\u00e9-Fillon : chacun son style"},"content":{"rendered":"<h2>L\u2019un se d\u00e9complexe pendant que l\u2019autre prend de la hauteur<\/h2>\n<p><a href=\"http:\/\/blog.causeur.fr\/antidote\/files\/2012\/10\/cop\u00e9fillon.jpg\"><img loading=\"lazy\" decoding=\"async\" class=\"alignleft size-medium wp-image-2597\" src=\"http:\/\/blog.causeur.fr\/antidote\/files\/2012\/10\/cop\u00e9fillon-300x200.jpg\" alt=\"\" width=\"300\" height=\"200\" srcset=\"https:\/\/blog.causeur.fr\/antidote\/wp-content\/uploads\/sites\/9\/2012\/10\/cop\u00e9fillon-300x200.jpg 300w, https:\/\/blog.causeur.fr\/antidote\/wp-content\/uploads\/sites\/9\/2012\/10\/cop\u00e9fillon.jpg 630w\" sizes=\"auto, (max-width: 300px) 100vw, 300px\" \/><\/a><\/p>\n<p>On ne le r\u00e9p\u00e9tera jamais assez, l\u2019\u00e9lection \u00e0 la pr\u00e9sidence de l\u2019UMP se jouera sur une opposition de styles. Les efforts d\u00e9ploy\u00e9s par les uns et les autres pour nous expliquer que Cop\u00e9 est plus \u00e0 droite que Fillon, que Fillon serait plus gaulliste, voire gaulliste social -rires dans la salle- ne convaincront que des personnes \u00e0 l\u2019oeil politique tr\u00e8s peu averti. Cette conviction est parfaitement illustr\u00e9e par l\u2019affaire dite du pain au chocolat, profond\u00e9ment r\u00e9v\u00e9latrice des strat\u00e9gies respectives des candidats.<!--more--><\/p>\n<p>Cop\u00e9 a entam\u00e9 un tour de France des f\u00e9d\u00e9s UMP afin de vendre sa \u00ab droite d\u00e9complex\u00e9e \u00bb, titre de son livre sorti \u00e0 l\u2019occasion de la campagne interne. Visiblement, Cop\u00e9 a l\u00e2ch\u00e9 les chevaux dans le bouquin en question et les journalistes, qui sont loin de l\u2019avoir tous lu, d\u00e9couvrent au fur et \u00e0 mesure des discours, les nouveaux th\u00e8mes du candidat. C\u2019\u00e9tait d\u00e9j\u00e0 le cas du\u00a0<a href=\"http:\/\/www.causeur.fr\/racisme-anti-blanc-cope-conforme,19287\" target=\"_blank\" rel=\"noopener\">\u00ab racisme anti-blanc \u00bb<\/a>, c\u2019est aussi le cas de cette histoire de pain au chocolat, \u00e9voqu\u00e9e page 41 du livre, comme l\u2019a not\u00e9 le journaliste d\u2019iT\u00e9l\u00e9,\u00a0<a href=\"https:\/\/fr.twitter.com\/FlorentPEIFFER\/status\/254506522611171328\" target=\"_blank\" rel=\"noopener\">Florent Peiffer<\/a>.\u00a0Seulement voil\u00e0, personne ne l\u2019avait remarqu\u00e9. Du coup, \u00e0 Draguignan, Cop\u00e9 a demand\u00e9 \u00e0 ce que cette phrase soit absolument twitt\u00e9e parmi les extraits de discours sur le r\u00e9seau social. L\u2019app\u00e2t a parfaitement fonctionn\u00e9. Les twittos se sont jet\u00e9s dessus et en moins de douze heures, le pain au chocolat de Cop\u00e9 faisait la une des flashs radios. Ainsi, avec la complicit\u00e9 involontaire de tous ceux qui se sont indign\u00e9s de sa phrase sur le r\u00e9seau twitter, Cop\u00e9 a pu montrer \u00e0 quel point il \u00e9tait\u00a0<em>droitod\u00e9complex\u00e9<\/em>\u00a0non seulement au militant varois mais aussi \u00e0 celui de Ch\u00e2teauroux, Argenteuil et Valenciennes. Op\u00e9ration m\u00e9diatique r\u00e9ussie.<br \/>\nCop\u00e9 sait tr\u00e8s bien que les militants UMP sont d\u2019accord avec lui sur les th\u00e8mes li\u00e9s \u00e0 l\u2019immigration, l\u2019islam, la la\u00efcit\u00e9, l\u2019int\u00e9gration. Il suffit d\u2019avoir adress\u00e9 la parole \u00e0 quelques uns d\u2019entre eux pour se rendre compte que leurs diff\u00e9rences avec les militants FN se situent davantage sur les sujets \u00e9conomiques et europ\u00e9ens. La strat\u00e9gie de Cop\u00e9 consiste donc \u00e0 leur dire combien ils leur ressemble et qu\u2019il n\u2019a pas peur de l\u2019afficher, lui- suivez son regard. Comme il a le sentiment d\u2019\u00eatre en retard sur son adversaire, il en fait des tonnes, et d\u00e9\u00e7oit m\u00eame les journalistes qui le prenaient pour\u00a0un <a href=\"https:\/\/fr.twitter.com\/nicodomenach\/status\/254649481444859905\" target=\"_blank\" rel=\"noopener\">gentil gar\u00e7on bien propre sur lui<\/a>.\u00a0Mais il sait que ce n\u2019est pas \u00e0 la r\u00e9daction de\u00a0<em>Marianne<\/em>\u00a0ni celle du\u00a0<em>Nouvel Obs<\/em>\u00a0que va se jouer l\u2019\u00e9lection. Et il sait que son destin politique se joue ces semaines. Alors il joue son va-tout.<\/p>\n<p>Fran\u00e7ois Fillon joue la strat\u00e9gie radicalement inverse. Il sait qu\u2019il est actuellement l\u2019homme le plus populaire \u00e0 droite, loin devant tous les autres, y compris Nicolas Sarkozy. Et il n\u2019a pas tort de penser que son style discret, calme, son image d\u2019homme pond\u00e9r\u00e9 plaisent aux \u00e9lecteurs de droite. Il sait que c\u2019est justement parce qu\u2019il se situe aux antipodes du style sarkozyste qu\u2019il est appr\u00e9ci\u00e9. Les militants, qui rencontrent les \u00e9lecteurs de droite, le savent aussi. Ils ont beau \u00eatre \u00ab droitis\u00e9s \u00bb comme l\u2019analyse Cop\u00e9 \u00e0 juste titre, ils n\u2019ont pas envie de perdre la prochaine \u00e9lection pr\u00e9sidentielle pour des raisons de comportement. De plus, Fillon a pour lui une plus grande exp\u00e9rience. Il a \u00e9t\u00e9 premier ministre pendant cinq ans alors que le poste le plus important occup\u00e9 par son adversaire est celui de ministre du budget.<\/p>\n<p>Ainsi, Fillon ne r\u00e9pond jamais \u00e0 Cop\u00e9 sur ces questions de racisme anti-blanc ou de pain au chocolat. Et pour cause, il conna\u00eet lui aussi tr\u00e8s bien son militant de droite, de Draguignan, de Ch\u00e2teauroux ou d\u2019ailleurs. S\u2019il \u00e9lude le fond, il critique n\u00e9anmoins le style de Cop\u00e9 : \u00ab je ne l\u2019aurais pas dit comme \u00e7a \u00bb. Continuer d\u2019appara\u00eetre comme un homme d\u2019Etat, et faire passer son adversaire pour un agit\u00e9, un sous-Sarkozy, voil\u00e0 donc la strat\u00e9gie de Fillon.<br \/>\nPour le reste, ils sont d\u2019accord sur tout, absolument tout. Jusqu\u2019au 18 novembre, on aura droit \u00e0 ce ballet. On nous annonce m\u00eame un face-\u00e0-face sur France 2 \u00e0 l\u2019occasion de\u00a0<em>Des paroles et des actes<\/em>. Ce soir l\u00e0, Fran\u00e7ois Lenglet, le monsieur \u00e9conomie de l\u2019\u00e9mission, pourra rester \u00e0 la maison. En revanche, Nathalie Saint-Cricq qui tient la rubrique \u00ab intimiste \u00bbet sonde les \u00e2mes et les coeurs, pourrait se r\u00e9v\u00e9ler beaucoup plus utile que d\u2019habitude.<\/p>\n","protected":false},"excerpt":{"rendered":"<p>L\u2019un se d\u00e9complexe pendant que l\u2019autre prend de la hauteur On ne le r\u00e9p\u00e9tera jamais assez, l\u2019\u00e9lection \u00e0 la pr\u00e9sidence de l\u2019UMP se jouera sur une opposition de styles. Les efforts d\u00e9ploy\u00e9s par les uns et les autres pour nous expliquer que Cop\u00e9 est plus \u00e0 droite que Fillon, que Fillon serait plus gaulliste, voire [&hellip;]<\/p>\n","protected":false},"author":10,"featured_media":0,"comment_status":"open","ping_status":"open","sticky":false,"template":"","format":"standard","meta":{"footnotes":""},"categories":[5],"tags":[],"class_list":{"0":"post-2595","1":"post","2":"type-post","3":"status-publish","4":"format-standard","6":"category-sulfate"},"_links":{"self":[{"href":"https:\/\/blog.causeur.fr\/antidote\/wp-json\/wp\/v2\/posts\/2595","targetHints":{"allow":["GET"]}}],"collection":[{"href":"https:\/\/blog.causeur.fr\/antidote\/wp-json\/wp\/v2\/posts"}],"about":[{"href":"https:\/\/blog.causeur.fr\/antidote\/wp-json\/wp\/v2\/types\/post"}],"author":[{"embeddable":true,"href":"https:\/\/blog.causeur.fr\/antidote\/wp-json\/wp\/v2\/users\/10"}],"replies":[{"embeddable":true,"href":"https:\/\/blog.causeur.fr\/antidote\/wp-json\/wp\/v2\/comments?post=2595"}],"version-history":[{"count":0,"href":"https:\/\/blog.causeur.fr\/antidote\/wp-json\/wp\/v2\/posts\/2595\/revisions"}],"wp:attachment":[{"href":"https:\/\/blog.causeur.fr\/antidote\/wp-json\/wp\/v2\/media?parent=2595"}],"wp:term":[{"taxonomy":"category","embeddable":true,"href":"https:\/\/blog.causeur.fr\/antidote\/wp-json\/wp\/v2\/categories?post=2595"},{"taxonomy":"post_tag","embeddable":true,"href":"https:\/\/blog.causeur.fr\/antidote\/wp-json\/wp\/v2\/tags?post=2595"}],"curies":[{"name":"wp","href":"https:\/\/api.w.org\/{rel}","templated":true}]}}